{"id":5727,"date":"2022-02-16T00:00:00","date_gmt":"2022-02-16T00:00:00","guid":{"rendered":""},"modified":"2022-02-16T00:00:00","modified_gmt":"2022-02-16T00:00:00","slug":"lobservatoire-des-vacances-en-famille-appendice-fr-2022","status":"publish","type":"post","link":"https:\/\/www.abritel.fr\/guides-voyage\/nouvelles-et-tendances-voyage\/observatoire-vacances-famille\/lobservatoire-des-vacances-en-famille-appendice-fr-2022","title":{"rendered":"Annexe"},"content":{"rendered":"\n<h2>M\u00e9thodologie<\/h2>\n\n\n<p><\/p>\n\n\n<p>Enqu\u00eate en ligne a \u00e9t\u00e9 r\u00e9alis\u00e9e par Atomik Research aupr\u00e8s de 1505 parents (18+) en France du 15 au 20 d\u00e9cembre 2021 qui ont des enfants jusqu&#8217;\u00e0 15 ans et qui ont voyag\u00e9 en famille au cours des cinq derni\u00e8res ann\u00e9es. Atomik Research est une agence ind\u00e9pendante d&#8217;\u00e9tudes de march\u00e9 qui emploie des chercheurs certifi\u00e9s MRS et respecte le code MRS.<\/p>\n\n\n<p>Sauf mention contraire, les donn\u00e9es indiqu\u00e9es dans la section \u00ab\u00a0G\u00e9n\u00e9ration Covid\u00a0\u00bb sont bas\u00e9es sur un sondage en ligne, conduit par Atomik Research aupr\u00e8s de 500 parents, ayant au moins un enfant \u00e2g\u00e9 de 2 ans ou moins, ayant voyag\u00e9 en famille au cours de ces cinq derni\u00e8res ann\u00e9es. L\u2019enqu\u00eate en ligne a \u00e9t\u00e9 r\u00e9alis\u00e9e du 15 au 20 D\u00e9cembre 2021. <\/p>\n\n","protected":false},"excerpt":{"rendered":"<p>M\u00e9thodologie Enqu\u00eate en ligne a \u00e9t\u00e9 r\u00e9alis\u00e9e par Atomik Research aupr\u00e8s de 1505 parents (18+) en France du 15 au 20 d\u00e9cembre 2021 qui ont des enfants jusqu&#8217;\u00e0 15 ans et qui ont voyag\u00e9 en famille au cours des cinq derni\u00e8res ann\u00e9es. Atomik Research est une agence ind\u00e9pendante d&#8217;\u00e9tudes de march\u00e9 qui emploie des chercheurs&#8230;<\/p>\n","protected":false},"author":1,"featured_media":5728,"comment_status":"closed","ping_status":"closed","sticky":false,"template":"","format":"standard","meta":[],"categories":[77],"tags":[],"acf":[],"yoast_head":"<!-- This site is optimized with the Yoast SEO plugin v19.12 - https:\/\/yoast.com\/wordpress\/plugins\/seo\/ -->\n<title>R\u00e9f\u00e9rences, sources et fichiers \u00e0 t\u00e9l\u00e9charger<\/title>\n<meta name=\"description\" content=\"Sources et explication des donn\u00e9es et graphiques \u00e0 t\u00e9l\u00e9charger\" \/>\n<meta name=\"robots\" content=\"index, follow, max-snippet:-1, max-image-preview:large, max-video-preview:-1\" \/>\n<link rel=\"canonical\" href=\"https:\/\/www.abritel.fr\/guides-voyage\/nouvelles-et-tendances-voyage\/observatoire-vacances-famille\/lobservatoire-des-vacances-en-famille-appendice-fr-2022\" \/>\n<meta property=\"og:locale\" content=\"en_US\" \/>\n<meta property=\"og:type\" content=\"article\" \/>\n<meta property=\"og:title\" content=\"R\u00e9f\u00e9rences, sources et fichiers \u00e0 t\u00e9l\u00e9charger\" \/>\n<meta property=\"og:description\" content=\"Sources et explication des donn\u00e9es et graphiques \u00e0 t\u00e9l\u00e9charger\" \/>\n<meta property=\"og:url\" content=\"https:\/\/www.abritel.fr\/guides-voyage\/nouvelles-et-tendances-voyage\/observatoire-vacances-famille\/lobservatoire-des-vacances-en-famille-appendice-fr-2022\" \/>\n<meta property=\"og:site_name\" content=\"Abritel\" \/>\n<meta property=\"article:published_time\" content=\"2022-02-16T00:00:00+00:00\" \/>\n<meta name=\"author\" content=\"vrbous_admin\" \/>\n<meta name=\"twitter:card\" content=\"summary_large_image\" \/>\n<meta name=\"twitter:label1\" content=\"Written by\" \/>\n\t<meta name=\"twitter:data1\" content=\"vrbous_admin\" \/>\n\t<meta name=\"twitter:label2\" content=\"Est. reading time\" \/>\n\t<meta name=\"twitter:data2\" content=\"1 minute\" \/>\n<script type=\"application\/ld+json\" class=\"yoast-schema-graph\">{\"@context\":\"https:\/\/schema.org\",\"@graph\":[{\"@type\":\"WebPage\",\"@id\":\"https:\/\/www.abritel.fr\/guides-voyage\/nouvelles-et-tendances-voyage\/observatoire-vacances-famille\/lobservatoire-des-vacances-en-famille-appendice-fr-2022\",\"url\":\"https:\/\/www.abritel.fr\/guides-voyage\/nouvelles-et-tendances-voyage\/observatoire-vacances-famille\/lobservatoire-des-vacances-en-famille-appendice-fr-2022\",\"name\":\"R\u00e9f\u00e9rences, sources et fichiers \u00e0 t\u00e9l\u00e9charger\",\"isPartOf\":{\"@id\":\"https:\/\/www.abritel.fr\/guides-voyage\/#website\"},\"datePublished\":\"2022-02-16T00:00:00+00:00\",\"dateModified\":\"2022-02-16T00:00:00+00:00\",\"author\":{\"@id\":\"https:\/\/www.abritel.fr\/guides-voyage\/#\/schema\/person\/520e43ecbb88d854b065acd2b48b42d2\"},\"description\":\"Sources et explication des donn\u00e9es et graphiques \u00e0 t\u00e9l\u00e9charger\",\"breadcrumb\":{\"@id\":\"https:\/\/www.abritel.fr\/guides-voyage\/nouvelles-et-tendances-voyage\/observatoire-vacances-famille\/lobservatoire-des-vacances-en-famille-appendice-fr-2022#breadcrumb\"},\"inLanguage\":\"en-US\",\"potentialAction\":[{\"@type\":\"ReadAction\",\"target\":[\"https:\/\/www.abritel.fr\/guides-voyage\/nouvelles-et-tendances-voyage\/observatoire-vacances-famille\/lobservatoire-des-vacances-en-famille-appendice-fr-2022\"]}]},{\"@type\":\"BreadcrumbList\",\"@id\":\"https:\/\/www.abritel.fr\/guides-voyage\/nouvelles-et-tendances-voyage\/observatoire-vacances-famille\/lobservatoire-des-vacances-en-famille-appendice-fr-2022#breadcrumb\",\"itemListElement\":[{\"@type\":\"ListItem\",\"position\":1,\"name\":\"Home\",\"item\":\"https:\/\/www.abritel.fr\/guides-voyage\/\"},{\"@type\":\"ListItem\",\"position\":2,\"name\":\"Nouvelles et tendances voyage\",\"item\":\"https:\/\/www.abritel.fr\/guides-voyage\/nouvelles-et-tendances-voyage\"},{\"@type\":\"ListItem\",\"position\":3,\"name\":\"Observatoire des Vacances en Famille\",\"item\":\"https:\/\/www.abritel.fr\/guides-voyage\/nouvelles-et-tendances-voyage\/observatoire-vacances-famille\"},{\"@type\":\"ListItem\",\"position\":4,\"name\":\"Annexe\"}]},{\"@type\":\"WebSite\",\"@id\":\"https:\/\/www.abritel.fr\/guides-voyage\/#website\",\"url\":\"https:\/\/www.abritel.fr\/guides-voyage\/\",\"name\":\"Abritel\",\"description\":\"Abritel\",\"potentialAction\":[{\"@type\":\"SearchAction\",\"target\":{\"@type\":\"EntryPoint\",\"urlTemplate\":\"https:\/\/www.abritel.fr\/guides-voyage\/?s={search_term_string}\"},\"query-input\":\"required name=search_term_string\"}],\"inLanguage\":\"en-US\"},{\"@type\":\"Person\",\"@id\":\"https:\/\/www.abritel.fr\/guides-voyage\/#\/schema\/person\/520e43ecbb88d854b065acd2b48b42d2\",\"name\":\"vrbous_admin\",\"image\":{\"@type\":\"ImageObject\",\"inLanguage\":\"en-US\",\"@id\":\"https:\/\/www.abritel.fr\/guides-voyage\/#\/schema\/person\/image\/\",\"url\":\"https:\/\/secure.gravatar.com\/avatar\/34fbaa9832585e9f68574cb233fe8d82?s=96&d=mm&r=g\",\"contentUrl\":\"https:\/\/secure.gravatar.com\/avatar\/34fbaa9832585e9f68574cb233fe8d82?s=96&d=mm&r=g\",\"caption\":\"vrbous_admin\"},\"sameAs\":[\"https:\/\/vrbous.web\"],\"url\":\"https:\/\/www.abritel.fr\/guides-voyage\/author\/vrbous_admin\"}]}<\/script>\n<!-- \/ Yoast SEO plugin. -->","yoast_head_json":{"title":"R\u00e9f\u00e9rences, sources et fichiers \u00e0 t\u00e9l\u00e9charger","description":"Sources et explication des donn\u00e9es et graphiques \u00e0 t\u00e9l\u00e9charger","robots":{"index":"index","follow":"follow","max-snippet":"max-snippet:-1","max-image-preview":"max-image-preview:large","max-video-preview":"max-video-preview:-1"},"canonical":"https:\/\/www.abritel.fr\/guides-voyage\/nouvelles-et-tendances-voyage\/observatoire-vacances-famille\/lobservatoire-des-vacances-en-famille-appendice-fr-2022","og_locale":"en_US","og_type":"article","og_title":"R\u00e9f\u00e9rences, sources et fichiers \u00e0 t\u00e9l\u00e9charger","og_description":"Sources et explication des donn\u00e9es et graphiques \u00e0 t\u00e9l\u00e9charger","og_url":"https:\/\/www.abritel.fr\/guides-voyage\/nouvelles-et-tendances-voyage\/observatoire-vacances-famille\/lobservatoire-des-vacances-en-famille-appendice-fr-2022","og_site_name":"Abritel","article_published_time":"2022-02-16T00:00:00+00:00","author":"vrbous_admin","twitter_card":"summary_large_image","twitter_misc":{"Written by":"vrbous_admin","Est. reading time":"1 minute"},"schema":{"@context":"https:\/\/schema.org","@graph":[{"@type":"WebPage","@id":"https:\/\/www.abritel.fr\/guides-voyage\/nouvelles-et-tendances-voyage\/observatoire-vacances-famille\/lobservatoire-des-vacances-en-famille-appendice-fr-2022","url":"https:\/\/www.abritel.fr\/guides-voyage\/nouvelles-et-tendances-voyage\/observatoire-vacances-famille\/lobservatoire-des-vacances-en-famille-appendice-fr-2022","name":"R\u00e9f\u00e9rences, sources et fichiers \u00e0 t\u00e9l\u00e9charger","isPartOf":{"@id":"https:\/\/www.abritel.fr\/guides-voyage\/#website"},"datePublished":"2022-02-16T00:00:00+00:00","dateModified":"2022-02-16T00:00:00+00:00","author":{"@id":"https:\/\/www.abritel.fr\/guides-voyage\/#\/schema\/person\/520e43ecbb88d854b065acd2b48b42d2"},"description":"Sources et explication des donn\u00e9es et graphiques \u00e0 t\u00e9l\u00e9charger","breadcrumb":{"@id":"https:\/\/www.abritel.fr\/guides-voyage\/nouvelles-et-tendances-voyage\/observatoire-vacances-famille\/lobservatoire-des-vacances-en-famille-appendice-fr-2022#breadcrumb"},"inLanguage":"en-US","potentialAction":[{"@type":"ReadAction","target":["https:\/\/www.abritel.fr\/guides-voyage\/nouvelles-et-tendances-voyage\/observatoire-vacances-famille\/lobservatoire-des-vacances-en-famille-appendice-fr-2022"]}]},{"@type":"BreadcrumbList","@id":"https:\/\/www.abritel.fr\/guides-voyage\/nouvelles-et-tendances-voyage\/observatoire-vacances-famille\/lobservatoire-des-vacances-en-famille-appendice-fr-2022#breadcrumb","itemListElement":[{"@type":"ListItem","position":1,"name":"Home","item":"https:\/\/www.abritel.fr\/guides-voyage\/"},{"@type":"ListItem","position":2,"name":"Nouvelles et tendances voyage","item":"https:\/\/www.abritel.fr\/guides-voyage\/nouvelles-et-tendances-voyage"},{"@type":"ListItem","position":3,"name":"Observatoire des Vacances en Famille","item":"https:\/\/www.abritel.fr\/guides-voyage\/nouvelles-et-tendances-voyage\/observatoire-vacances-famille"},{"@type":"ListItem","position":4,"name":"Annexe"}]},{"@type":"WebSite","@id":"https:\/\/www.abritel.fr\/guides-voyage\/#website","url":"https:\/\/www.abritel.fr\/guides-voyage\/","name":"Abritel","description":"Abritel","potentialAction":[{"@type":"SearchAction","target":{"@type":"EntryPoint","urlTemplate":"https:\/\/www.abritel.fr\/guides-voyage\/?s={search_term_string}"},"query-input":"required name=search_term_string"}],"inLanguage":"en-US"},{"@type":"Person","@id":"https:\/\/www.abritel.fr\/guides-voyage\/#\/schema\/person\/520e43ecbb88d854b065acd2b48b42d2","name":"vrbous_admin","image":{"@type":"ImageObject","inLanguage":"en-US","@id":"https:\/\/www.abritel.fr\/guides-voyage\/#\/schema\/person\/image\/","url":"https:\/\/secure.gravatar.com\/avatar\/34fbaa9832585e9f68574cb233fe8d82?s=96&d=mm&r=g","contentUrl":"https:\/\/secure.gravatar.com\/avatar\/34fbaa9832585e9f68574cb233fe8d82?s=96&d=mm&r=g","caption":"vrbous_admin"},"sameAs":["https:\/\/vrbous.web"],"url":"https:\/\/www.abritel.fr\/guides-voyage\/author\/vrbous_admin"}]}},"_links":{"self":[{"href":"https:\/\/www.abritel.fr\/guides-voyage\/wp-json\/wp\/v2\/posts\/5727"}],"collection":[{"href":"https:\/\/www.abritel.fr\/guides-voyage\/wp-json\/wp\/v2\/posts"}],"about":[{"href":"https:\/\/www.abritel.fr\/guides-voyage\/wp-json\/wp\/v2\/types\/post"}],"author":[{"embeddable":true,"href":"https:\/\/www.abritel.fr\/guides-voyage\/wp-json\/wp\/v2\/users\/1"}],"replies":[{"embeddable":true,"href":"https:\/\/www.abritel.fr\/guides-voyage\/wp-json\/wp\/v2\/comments?post=5727"}],"version-history":[{"count":0,"href":"https:\/\/www.abritel.fr\/guides-voyage\/wp-json\/wp\/v2\/posts\/5727\/revisions"}],"wp:featuredmedia":[{"embeddable":true,"href":"https:\/\/www.abritel.fr\/guides-voyage\/wp-json\/wp\/v2\/media\/5728"}],"wp:attachment":[{"href":"https:\/\/www.abritel.fr\/guides-voyage\/wp-json\/wp\/v2\/media?parent=5727"}],"wp:term":[{"taxonomy":"category","embeddable":true,"href":"https:\/\/www.abritel.fr\/guides-voyage\/wp-json\/wp\/v2\/categories?post=5727"},{"taxonomy":"post_tag","embeddable":true,"href":"https:\/\/www.abritel.fr\/guides-voyage\/wp-json\/wp\/v2\/tags?post=5727"}],"curies":[{"name":"wp","href":"https:\/\/api.w.org\/{rel}","templated":true}]}}