{"id":5701,"date":"2021-08-11T09:29:14","date_gmt":"2021-08-11T09:29:14","guid":{"rendered":""},"modified":"2021-08-11T09:29:14","modified_gmt":"2021-08-11T09:29:14","slug":"activite-enfant-var","status":"publish","type":"post","link":"https:\/\/www.abritel.fr\/guides-voyage\/famille\/guide-destinations-famille\/paca\/activite-enfant-var","title":{"rendered":"Sorties en famille dans le Var : top 10 des activit\u00e9s avec des enfants"},"content":{"rendered":"\n<p>Le d\u00e9partement du Var poss\u00e8de la particularit\u00e9 d\u2019offrir \u00e0 ses visiteurs une multitude de facettes : tour \u00e0 tour sauvage, avec un arri\u00e8re-pays varois riche en nature et verdure, ou baln\u00e9aire, avec ses c\u00f4tes rocheuses d\u00e9coup\u00e9es d\u00e9livrant de merveilleux panoramas, il pr\u00e9sente \u00e9galement un c\u00f4t\u00e9 \u00ab jet-set \u00bb dans le golfe de Saint-Tropez. Vous avez pr\u00e9vu une sortie en famille dans le Var ou des vacances avec vos enfants ? Vous avez fait le bon choix : de nombreuses activit\u00e9s vous sont propos\u00e9es dans le Var, qui raviront petits et grands ! Ne tardez pas \u00e0 r\u00e9server votre <a href=\"https:\/\/www.abritel.fr\/d\/piscine\/11309\/var\">location de vacances avec piscine dans le Var<\/a>\u2026<\/p>\n\n\n<h2>1\/ L\u2019incontournable <a name=\"\u00eele_de_Porquerolles\">\u00eele de Porquerolles<\/a><\/h2>\n\n\n<p>\nPorquerolles se situe au large d\u2019Hy\u00e8res-les-Palmiers et b\u00e9n\u00e9ficie d\u2019une situation prot\u00e9g\u00e9e au sein du <a href=\"http:\/\/www.portcros-parcnational.fr\/fr\/actualites\/le-parc-national-de-port-cros-en-bref\" rel=\"nofollow\">Parc national de Port-Cros<\/a>. Magnifique \u00e9crin de verdure, symbole de la protection de la biodiversit\u00e9 et de la nature, elle est accessible par des navettes maritimes depuis la <a href=\"https:\/\/www.hyeres-tourisme.com\/patrimoine-culturel\/tour-fondue-batterie-du-pradeau\/\" rel=\"nofollow\">tour Fondue<\/a> sur la presqu\u2019\u00eele de Giens. L\u2019\u00eele offre aux amateurs de baignades plusieurs plages paradisiaques et propose aux familles de nombreuses possibilit\u00e9s d\u2019activit\u00e9s : d\u00e9couverte de l\u2019\u00eele en randonn\u00e9e p\u00e9destre ou \u00e0 v\u00e9lo, pratique d\u2019activit\u00e9s nautiques, etc. Pour un s\u00e9jour de plusieurs jours, vous pouvez r\u00e9server un <a href=\"https:\/\/www.abritel.fr\/d\/15585\/porquerolles\">h\u00e9bergement sur l\u2019\u00eele de Porquerolles<\/a>.<\/p>\n\n<figure class=\"wp-block-image size-large is-resized\"><img decoding=\"async\" loading=\"lazy\" class=\"wp-image-11 alignalignfull-width\" src=\"\/guides-voyage\/wp-content\/uploads\/3Jdd9Ej3GC3dsz7ort7rQV\/8fd492156b3896eb30409aebda40a8b0\/Var_Porquerolles.jpeg\" alt=\"Une enfant perch\u00e9e sur un rocher admire la baie sur l\u2019\u00eele de Porquerolles\"><\/figure>\n<h2>2\/ <a name=\"Les_plus_belles_plages\">Les plus belles plages<\/a> de la c\u00f4te varoise<\/h2>\n\n\n<p>\nLes plages du Var offrent une multitude de paysages diff\u00e9rents : de grandes plages de sable fin alternent avec des plages plus sauvages, certaines \u00e9tant accessibles uniquement en bateau. \n\u2022\tLa<a href=\"https:\/\/www.tourisme-ouestvar.com\/plage-des-sablettes-la-seyne-sur-mer.html\" rel=\"nofollow\">plage des Sablettes<\/a>, \u00e0 La Seyne-sur-Mer, est le lieu parfait pour les amateurs de grandes \u00e9tendues de sable fin et de commerces en tous genres.\n\u2022\tLa <a href=\"https:\/\/www.esterel-cotedazur.com\/decouvrir\/plages\/calanque-des-anglais\/\" rel=\"nofollow\">calanque des Anglais<\/a>, plage de galets rouges, se situe \u00e0 Agay, o\u00f9 vous pouvez s\u00e9journer pour des vacances inoubliables \u00e0 proximit\u00e9 de Saint-Rapha\u00ebl.\n\u2022\tLa <a href=\"https:\/\/www.hyeres-tourisme.com\/equipement-loisir\/plage-de-lalmanarre\/\" rel=\"nofollow\">plage de l&#8217;Almanarre<\/a>, longue de 5 km, ravira particuli\u00e8rement les amateurs de kitesurf et autres activit\u00e9s nautiques et de voile.<\/p>\n\n<figure class=\"wp-block-image size-large is-resized\"><img decoding=\"async\" loading=\"lazy\" class=\"wp-image-11 alignalignfull-width\" src=\"\/guides-voyage\/wp-content\/uploads\/3VZ842VhkOqQzEQ20nblrP\/38f91af5ee7d6081c2f2dfc1d03fd77e\/Var_Plages.jpeg\" alt=\"Enfant de dos, au bord de l\u2019eau, des familles install\u00e9es sur le sable et des voiles de kitesurf sur la plage de l\u2019Almanarre\"><\/figure>\n<h2>3\/ Les majestueuses <a name=\"gorges_du_Verdon\">gorges du Verdon<\/a><\/h2>\n\n\n<p>\nLieu unique en Europe, les gorges sont n\u00e9es de l\u2019\u00e9rosion de la rivi\u00e8re du <a href=\"https:\/\/www.provenceweb.fr\/f\/groupes\/verdon\/lacs.htm\" rel=\"nofollow\">Verdon<\/a>au travers de roches calcaires, qui forment de magnifiques falaises blanches et abruptes. Le Verdon chemine dans le Var, de <a href=\"https:\/\/www.abritel.fr\/d\/34397\/moustiers-ste-marie\" rel=\"nofollow\">Moustiers-Sainte-Marie<\/a> au barrage d\u2019Esparron-de-Verdon, en croisant les lacs de Sainte-Croix et de Quinson. Tant\u00f4t sauvage, tant\u00f4t tranquille, il se pr\u00eate \u00e0 de nombreuses activit\u00e9s aquatiques telles que le canyoning, la voile ou le p\u00e9dalo qui raviront enfants et familles !<\/p>\n\n<figure class=\"wp-block-image size-large is-resized\"><img decoding=\"async\" loading=\"lazy\" class=\"wp-image-11 alignalignfull-width\" src=\"\/guides-voyage\/wp-content\/uploads\/3SdZoSuaVlkgHnBMmq3Dq3\/d8d5624ae06e92f044e050fba5e0be51\/Var_Gorges_du_Verdon.jpeg\" alt=\"Des familles sur des p\u00e9dalos et un kayak \u00e0 la sortie des gorges du Verdon sur le lac de Sainte-Croix\"><\/figure>\n<h2>\n4\/ Un joyau naturel : la <a name=\"cascade_de_Sillans\">cascade de Sillans<\/a><\/h2>\n\n\n<p>Le village de <a href=\"https:\/\/verdonsecret.com\/sillans-la-cascade\/\" rel=\"nofollow\">Sillans-la-Cascade<\/a> est un point de passage oblig\u00e9 pour toute sortie dans le Var en famille ! La particularit\u00e9 de ce village perch\u00e9 est sa cascade, d\u2019une hauteur de 42 m\u00e8tres, qui se jette dans un lagon aux eaux turquoise. Mais profiter d\u2019une telle beaut\u00e9 se m\u00e9rite ! C\u2019est apr\u00e8s une balade p\u00e9destre de 25 minutes dans une for\u00eat verte et fra\u00eeche que vous pourrez admirer ce joyau.<\/p>\n\n<figure class=\"wp-block-image size-large is-resized\"><img decoding=\"async\" loading=\"lazy\" class=\"wp-image-11 alignalignfull-width\" src=\"\/guides-voyage\/wp-content\/uploads\/2Z7oEAL0FTKrZWdEDYOnJK\/9b0cb0e88b5024a20e54ed85f1bf8b57\/Var_Cascade_de_Sillans.jpeg\" alt=\"Cascade de Sillans-la-Cascade\"><\/figure>\n<h2>\n5\/ La fra\u00eecheur estivale du <a name=\"lac_de_Saint-Cassien\">lac de Saint-Cassien<\/a><\/h2>\n\n\n<p>\nLe Var, qui abrite de nombreuses for\u00eats, se situe \u00e0 la seconde place des d\u00e9partements les plus bois\u00e9s de France, puisque les for\u00eats y occupent presque 75 % du territoire. Le <a href=\"https:\/\/www.paysdefayence.com\/le-pays-de-fayence\/tous-nos-incontournables\/lac-de-saint-cassien\/\" rel=\"nofollow\">lac de Saint-Cassien<\/a> se situe ainsi au c\u0153ur d\u2019une r\u00e9serve biologique qui abrite 182 esp\u00e8ces diff\u00e9rentes d\u2019oiseaux. De nombreuses activit\u00e9s sont propos\u00e9es sur le lac, qui s\u2019\u00e9tend sur 420 hectares : p\u00eache, randonn\u00e9e, aviron et jeux nautiques, qui raviront les familles avec enfants.<\/p>\n\n<figure class=\"wp-block-image size-large is-resized\"><img decoding=\"async\" loading=\"lazy\" class=\"wp-image-11 alignalignfull-width\" src=\"\/guides-voyage\/wp-content\/uploads\/4Bx55ftdqu9ra6iFOEYI2d\/7cc8a065bb2aac11ba1731acfc28ab9b\/Var_Lac_de_Saint-Cassien.jpeg\" alt=\"Vue a\u00e9rienne du lac de Saint-Cassien et des collines environnantes\"><\/figure>\n<h2>6\/ Le long du <a name=\"sentier_du_littoral\">sentier du littoral<\/a><\/h2>\n\n\n<p>\nD\u2019Hy\u00e8res \u00e0 Six-Fours, le <a href=\"https:\/\/metropoletpm.fr\/sentier-littoral\" rel=\"nofollow\">sentier du littoral<\/a> offre 47 km de balades aux paysages changeants, alternant des passages les pieds dans l\u2019eau jusqu\u2019aux surplombs rocheux. Un r\u00e9gal pour les yeux des petits et des plus grands, qui s\u2019\u00e9merveilleront de panoramas ensoleill\u00e9s sur cet ancien sentier des douaniers, cr\u00e9\u00e9 sous le Premier Empire pour prot\u00e9ger les c\u00f4tes des contrebandiers.<\/p>\n\n<figure class=\"wp-block-image size-large is-resized\"><img decoding=\"async\" loading=\"lazy\" class=\"wp-image-11 alignalignfull-width\" src=\"\/guides-voyage\/wp-content\/uploads\/12UjikLteTI2NQMV1fsDeA\/360ab3f48e204770cc646c9127e9444a\/Var_Sentier_du_littoral.jpeg\" alt=\"Sentier du littoral avec petits ponts en bois au cap Taillat, pr\u00e8s de Ramatuelle, dans le Var\"><\/figure>\n<h2>7\/ La calanque sauvage de <a name=\"Port_d\u2019Alon\">Port d\u2019Alon<\/a><\/h2>\n\n\n<p>\nOuverte toute l\u2019ann\u00e9e, la <a href=\"https:\/\/www.saintcyrsurmer.com\/incontournables\/les-plages-saint-cyr-sur-mer\/calanque-de-port-dalon\/\" rel=\"nofollow\">calanque du Port d&#8217;Alon<\/a>, avec sa plage de 60 m\u00e8tres de sable et de galets, accueille les familles et les enfants sur un site d\u2019exception, naturel et pr\u00e9serv\u00e9. Les pins ombragent ses rives et des \u00e9coguides de la mer proposent une d\u00e9couverte de la faune et la flore sous-marine par un sentier sous-marin. N\u2019oubliez pas vos palmes !<\/p>\n\n<figure class=\"wp-block-image size-large is-resized\"><img decoding=\"async\" loading=\"lazy\" class=\"wp-image-11 alignalignfull-width\" src=\"\/guides-voyage\/wp-content\/uploads\/7xamp3c72PIrkG6wy2GQPN\/a9d6decc6faf653c5850f465ba97d69d\/Var_Calanque_Port_d-Alon.jpeg\" alt=\"Rochers, plage et colline verdoyante au bord de l\u2019eau, \u00e0 la calanque du Port d\u2019Alon dans le Var\"><\/figure>\n<h2>8\/ Le village m\u00e9di\u00e9val du <a name=\"Castellet\">Castellet<\/a><\/h2>\n\n\n<p>\nAuthenticit\u00e9 et charme sont les deux caract\u00e9ristiques de ce village perch\u00e9 au c\u0153ur du <a href=\"http:\/\/www.vinsdebandol.com\/\" rel=\"nofollow\">vignoble de Bandol<\/a>. Vous pouvez, d\u2019ailleurs, poser vos valises dans la ville c\u00f4ti\u00e8re de <a href=\"https:\/\/www.abritel.fr\/d\/35299\/bandol\">Bandol <\/a>durant votre s\u00e9jour varois afin de profiter \u00e0 la fois du littoral et des paysages plus ruraux du c\u00f4t\u00e9 du <a href=\"https:\/\/www.tourisme-ouestvar.com\/les-villages-perches-le-castellet-la-cadiere-le-beausset-evenos-village-medival.html\" rel=\"nofollow\">Castellet<\/a>. Allez d\u00e9ambuler le long des ruelles pav\u00e9es de ce village pittoresque afin de d\u00e9couvrir les vieilles pierres qui h\u00e9bergent des boutiques artisanales aux senteurs de Provence. En plein c\u0153ur de l\u2019\u00e9t\u00e9, les restaurants et glaciers vous invitent sous leurs tonnelles fleuries pour rafra\u00eechir enfants et familles.<\/p>\n\n<figure class=\"wp-block-image size-large is-resized\"><img decoding=\"async\" loading=\"lazy\" class=\"wp-image-11 alignalignfull-width\" src=\"\/guides-voyage\/wp-content\/uploads\/5nlFAZk5V8xA2DX3stk9bo\/ecbc383cffe48282dedc163ff072e918\/Var_Le_Castellet.jpeg\" alt=\"Quelques promeneurs sur une place et des personnes attabl\u00e9es sur la terrasse ombrag\u00e9e d\u2019un restaurant au Castellet dans le Var\"><\/figure>\n<h2>9\/ <a name=\"Toulon\">Toulon<\/a> : de l\u2019arsenal militaire au mont Faron<\/h2>\n\n\n<p>\nToulon, pr\u00e9fecture du Var, peut se targuer d\u2019offrir une grande diversit\u00e9 d\u2019activit\u00e9s en tous genres et pour tous, familles et enfants, petits et grands :\n\u2022\tC\u00f4t\u00e9 mer, direction la <a href=\"https:\/\/toulon.fr\/laissez-seduire\/article\/plages-mourillon\" rel=\"nofollow\">plage du Mourillon<\/a> ou l\u2019anse M\u00e9jean, pour profiter d\u2019une baignade rafra\u00eechissante.\n\u2022\tC\u00f4t\u00e9 balade, partez \u00e0 l\u2019assaut du <a href=\"https:\/\/toulon.fr\/laissez-seduire\/article\/mont-faron-0\" rel=\"nofollow\">mont Faron<\/a>, avec ou sans l\u2019aide du <a href=\"https:\/\/toulontourisme.com\/que-faire-toulon\/toulon-cote-nature\/telepherique-toulon-le-mont-faron-en-famille\/\" rel=\"nofollow\">t\u00e9l\u00e9ph\u00e9rique<\/a>qui vous permet une ascension rapide, pour admirer la vue \u00e9poustouflante sur la rade de Toulon.\n\u2022\tC\u00f4t\u00e9 nature, le <a href=\"http:\/\/zoo-toulon.fr\/\" rel=\"nofollow\">zoo de Toulon<\/a>, install\u00e9 sur le mont Faron et donc accessible par le t\u00e9l\u00e9ph\u00e9rique, rassemble un grand nombre de fauves (tigres, lions et autres jaguars) qui feront le bonheur des plus petits.\n\u2022\tC\u00f4t\u00e9 culture, le <a href=\"http:\/\/www.musee-marine.fr\/\" rel=\"nofollow\">mus\u00e9e national de la Marine<\/a> vous permet de d\u00e9couvrir l\u2019histoire maritime de la ville.\n\u2022\tC\u00f4t\u00e9 sport, pourquoi ne pas faire un petit d\u00e9tour par le <a href=\"http:\/\/www.rctoulon.com\/club\/lieux-cles\/le-stade-mayol\/\" rel=\"nofollow\">stade Mayol<\/a>, haut lieu de l\u2019ovalie !\nPour un s\u00e9jour multifacette, ne tardez pas \u00e0 r\u00e9server une <a href=\"https:\/\/www.abritel.fr\/d\/piscine\/11256\/toulon\">location avec piscine \u00e0 Toulon<\/a> ou aux alentours.<\/p>\n\n<figure class=\"wp-block-image size-large is-resized\"><img decoding=\"async\" loading=\"lazy\" class=\"wp-image-11 alignalignfull-width\" src=\"\/guides-voyage\/wp-content\/uploads\/1uWdNg8U5IKr2wOpWmLVd7\/2313ab3c604f3c3dfc71525a5c211f1b\/Var_Toulon.jpeg\" alt=\"Vue sur Toulon et sa baie depuis le mont Faron, avec une cabine rouge de t\u00e9l\u00e9ph\u00e9rique au premier plan\"><\/figure>\n<h2>10\/ <a name=\"Le_village_des_Tortues\">Le village des Tortues<\/a><\/h2>\n\n\n<p>Destin\u00e9 \u00e0 la protection de l\u2019esp\u00e8ce, le <a href=\"https:\/\/www.villagedestortues.fr\/\" rel=\"nofollow\">village des Tortues<\/a> est un centre p\u00e9dagogique unique en son genre qui rassemble, \u00e0 Carnoules, dans un parc de 2 hectares, une cinquantaine d\u2019esp\u00e8ces de tortues du monde entier. Gr\u00e2ce \u00e0 un mus\u00e9e de la Tortue \u00e0 travers les \u00e2ges, des parcours am\u00e9nag\u00e9s et un espace aquatique, chaque visiteur devient acteur de la sauvegarde de cette esp\u00e8ce menac\u00e9e.<\/p>\n\n<figure class=\"wp-block-image size-large is-resized\"><img decoding=\"async\" loading=\"lazy\" class=\"wp-image-11 alignalignfull-width\" src=\"\/guides-voyage\/wp-content\/uploads\/3VQ6jGnhi6c17W6yJs8oUh\/cbd57f16d473d64f0255fe307d1a5e22\/Var_Village_des_Tortues.jpeg\" alt=\"Gros plan sur une petite tortue des Maures port\u00e9e dans une main dans un milieu verdoyant\"><\/figure>\n<p><\/p>\n\n\n<p>\n\n\n\n<\/p>\n\n\n<p>\n\n\n\n\n\n<\/p>\n\n\n<p>\n<\/p>\n\n\n<p>\n\n\n\n\n\n<\/p>\n\n\n<p>\n\n\n\n\n\n<\/p>\n\n","protected":false},"excerpt":{"rendered":"<p>Le d\u00e9partement du Var poss\u00e8de la particularit\u00e9 d\u2019offrir \u00e0 ses visiteurs une multitude de facettes : tour \u00e0 tour sauvage, avec un arri\u00e8re-pays varois riche en nature et verdure, ou baln\u00e9aire, avec ses c\u00f4tes rocheuses d\u00e9coup\u00e9es d\u00e9livrant de merveilleux panoramas, il pr\u00e9sente \u00e9galement un c\u00f4t\u00e9 \u00ab jet-set \u00bb dans le golfe de Saint-Tropez. Vous avez&#8230;<\/p>\n","protected":false},"author":1,"featured_media":5702,"comment_status":"closed","ping_status":"closed","sticky":false,"template":"","format":"standard","meta":[],"categories":[83],"tags":[],"acf":[],"yoast_head":"<!-- This site is optimized with the Yoast SEO plugin v19.12 - https:\/\/yoast.com\/wordpress\/plugins\/seo\/ -->\n<title>Les 10 meilleures activit\u00e9s pour enfants dans le Var<\/title>\n<meta name=\"description\" content=\"Vous avez pr\u00e9vu de s\u00e9journer en famille dans le Var ? Voici le top 10 des meilleures activit\u00e9s \u00e0 faire en famille pour des vacances m\u00e9morables !\" \/>\n<meta name=\"robots\" content=\"index, follow, max-snippet:-1, max-image-preview:large, max-video-preview:-1\" \/>\n<link rel=\"canonical\" href=\"https:\/\/www.abritel.fr\/guides-voyage\/famille\/guide-destinations-famille\/paca\/activite-enfant-var\" \/>\n<meta property=\"og:locale\" content=\"en_US\" \/>\n<meta property=\"og:type\" content=\"article\" \/>\n<meta property=\"og:title\" content=\"Les 10 meilleures activit\u00e9s pour enfants dans le Var\" \/>\n<meta property=\"og:description\" content=\"Vous avez pr\u00e9vu de s\u00e9journer en famille dans le Var ? Voici le top 10 des meilleures activit\u00e9s \u00e0 faire en famille pour des vacances m\u00e9morables !\" \/>\n<meta property=\"og:url\" content=\"https:\/\/www.abritel.fr\/guides-voyage\/famille\/guide-destinations-famille\/paca\/activite-enfant-var\" \/>\n<meta property=\"og:site_name\" content=\"Abritel\" \/>\n<meta property=\"article:published_time\" content=\"2021-08-11T09:29:14+00:00\" \/>\n<meta name=\"author\" content=\"vrbous_admin\" \/>\n<meta name=\"twitter:card\" content=\"summary_large_image\" \/>\n<meta name=\"twitter:label1\" content=\"Written by\" \/>\n\t<meta name=\"twitter:data1\" content=\"vrbous_admin\" \/>\n\t<meta name=\"twitter:label2\" content=\"Est. reading time\" \/>\n\t<meta name=\"twitter:data2\" content=\"6 minutes\" \/>\n<script type=\"application\/ld+json\" class=\"yoast-schema-graph\">{\"@context\":\"https:\/\/schema.org\",\"@graph\":[{\"@type\":\"WebPage\",\"@id\":\"https:\/\/www.abritel.fr\/guides-voyage\/famille\/guide-destinations-famille\/paca\/activite-enfant-var\",\"url\":\"https:\/\/www.abritel.fr\/guides-voyage\/famille\/guide-destinations-famille\/paca\/activite-enfant-var\",\"name\":\"Les 10 meilleures activit\u00e9s pour enfants dans le Var\",\"isPartOf\":{\"@id\":\"https:\/\/www.abritel.fr\/guides-voyage\/#website\"},\"datePublished\":\"2021-08-11T09:29:14+00:00\",\"dateModified\":\"2021-08-11T09:29:14+00:00\",\"author\":{\"@id\":\"https:\/\/www.abritel.fr\/guides-voyage\/#\/schema\/person\/520e43ecbb88d854b065acd2b48b42d2\"},\"description\":\"Vous avez pr\u00e9vu de s\u00e9journer en famille dans le Var ? Voici le top 10 des meilleures activit\u00e9s \u00e0 faire en famille pour des vacances m\u00e9morables !\",\"breadcrumb\":{\"@id\":\"https:\/\/www.abritel.fr\/guides-voyage\/famille\/guide-destinations-famille\/paca\/activite-enfant-var#breadcrumb\"},\"inLanguage\":\"en-US\",\"potentialAction\":[{\"@type\":\"ReadAction\",\"target\":[\"https:\/\/www.abritel.fr\/guides-voyage\/famille\/guide-destinations-famille\/paca\/activite-enfant-var\"]}]},{\"@type\":\"BreadcrumbList\",\"@id\":\"https:\/\/www.abritel.fr\/guides-voyage\/famille\/guide-destinations-famille\/paca\/activite-enfant-var#breadcrumb\",\"itemListElement\":[{\"@type\":\"ListItem\",\"position\":1,\"name\":\"Home\",\"item\":\"https:\/\/www.abritel.fr\/guides-voyage\/\"},{\"@type\":\"ListItem\",\"position\":2,\"name\":\"Famille\",\"item\":\"https:\/\/www.abritel.fr\/guides-voyage\/famille\"},{\"@type\":\"ListItem\",\"position\":3,\"name\":\"Guide Destinations Famille\",\"item\":\"https:\/\/www.abritel.fr\/guides-voyage\/famille\/guide-destinations-famille\"},{\"@type\":\"ListItem\",\"position\":4,\"name\":\"PACA\",\"item\":\"https:\/\/www.abritel.fr\/guides-voyage\/famille\/guide-destinations-famille\/paca\"},{\"@type\":\"ListItem\",\"position\":5,\"name\":\"Sorties en famille dans le Var : top 10 des activit\u00e9s avec des enfants\"}]},{\"@type\":\"WebSite\",\"@id\":\"https:\/\/www.abritel.fr\/guides-voyage\/#website\",\"url\":\"https:\/\/www.abritel.fr\/guides-voyage\/\",\"name\":\"Abritel\",\"description\":\"Abritel\",\"potentialAction\":[{\"@type\":\"SearchAction\",\"target\":{\"@type\":\"EntryPoint\",\"urlTemplate\":\"https:\/\/www.abritel.fr\/guides-voyage\/?s={search_term_string}\"},\"query-input\":\"required name=search_term_string\"}],\"inLanguage\":\"en-US\"},{\"@type\":\"Person\",\"@id\":\"https:\/\/www.abritel.fr\/guides-voyage\/#\/schema\/person\/520e43ecbb88d854b065acd2b48b42d2\",\"name\":\"vrbous_admin\",\"image\":{\"@type\":\"ImageObject\",\"inLanguage\":\"en-US\",\"@id\":\"https:\/\/www.abritel.fr\/guides-voyage\/#\/schema\/person\/image\/\",\"url\":\"https:\/\/secure.gravatar.com\/avatar\/34fbaa9832585e9f68574cb233fe8d82?s=96&d=mm&r=g\",\"contentUrl\":\"https:\/\/secure.gravatar.com\/avatar\/34fbaa9832585e9f68574cb233fe8d82?s=96&d=mm&r=g\",\"caption\":\"vrbous_admin\"},\"sameAs\":[\"https:\/\/vrbous.web\"],\"url\":\"https:\/\/www.abritel.fr\/guides-voyage\/author\/vrbous_admin\"}]}<\/script>\n<!-- \/ Yoast SEO plugin. -->","yoast_head_json":{"title":"Les 10 meilleures activit\u00e9s pour enfants dans le Var","description":"Vous avez pr\u00e9vu de s\u00e9journer en famille dans le Var ? Voici le top 10 des meilleures activit\u00e9s \u00e0 faire en famille pour des vacances m\u00e9morables !","robots":{"index":"index","follow":"follow","max-snippet":"max-snippet:-1","max-image-preview":"max-image-preview:large","max-video-preview":"max-video-preview:-1"},"canonical":"https:\/\/www.abritel.fr\/guides-voyage\/famille\/guide-destinations-famille\/paca\/activite-enfant-var","og_locale":"en_US","og_type":"article","og_title":"Les 10 meilleures activit\u00e9s pour enfants dans le Var","og_description":"Vous avez pr\u00e9vu de s\u00e9journer en famille dans le Var ? Voici le top 10 des meilleures activit\u00e9s \u00e0 faire en famille pour des vacances m\u00e9morables !","og_url":"https:\/\/www.abritel.fr\/guides-voyage\/famille\/guide-destinations-famille\/paca\/activite-enfant-var","og_site_name":"Abritel","article_published_time":"2021-08-11T09:29:14+00:00","author":"vrbous_admin","twitter_card":"summary_large_image","twitter_misc":{"Written by":"vrbous_admin","Est. reading time":"6 minutes"},"schema":{"@context":"https:\/\/schema.org","@graph":[{"@type":"WebPage","@id":"https:\/\/www.abritel.fr\/guides-voyage\/famille\/guide-destinations-famille\/paca\/activite-enfant-var","url":"https:\/\/www.abritel.fr\/guides-voyage\/famille\/guide-destinations-famille\/paca\/activite-enfant-var","name":"Les 10 meilleures activit\u00e9s pour enfants dans le Var","isPartOf":{"@id":"https:\/\/www.abritel.fr\/guides-voyage\/#website"},"datePublished":"2021-08-11T09:29:14+00:00","dateModified":"2021-08-11T09:29:14+00:00","author":{"@id":"https:\/\/www.abritel.fr\/guides-voyage\/#\/schema\/person\/520e43ecbb88d854b065acd2b48b42d2"},"description":"Vous avez pr\u00e9vu de s\u00e9journer en famille dans le Var ? Voici le top 10 des meilleures activit\u00e9s \u00e0 faire en famille pour des vacances m\u00e9morables !","breadcrumb":{"@id":"https:\/\/www.abritel.fr\/guides-voyage\/famille\/guide-destinations-famille\/paca\/activite-enfant-var#breadcrumb"},"inLanguage":"en-US","potentialAction":[{"@type":"ReadAction","target":["https:\/\/www.abritel.fr\/guides-voyage\/famille\/guide-destinations-famille\/paca\/activite-enfant-var"]}]},{"@type":"BreadcrumbList","@id":"https:\/\/www.abritel.fr\/guides-voyage\/famille\/guide-destinations-famille\/paca\/activite-enfant-var#breadcrumb","itemListElement":[{"@type":"ListItem","position":1,"name":"Home","item":"https:\/\/www.abritel.fr\/guides-voyage\/"},{"@type":"ListItem","position":2,"name":"Famille","item":"https:\/\/www.abritel.fr\/guides-voyage\/famille"},{"@type":"ListItem","position":3,"name":"Guide Destinations Famille","item":"https:\/\/www.abritel.fr\/guides-voyage\/famille\/guide-destinations-famille"},{"@type":"ListItem","position":4,"name":"PACA","item":"https:\/\/www.abritel.fr\/guides-voyage\/famille\/guide-destinations-famille\/paca"},{"@type":"ListItem","position":5,"name":"Sorties en famille dans le Var : top 10 des activit\u00e9s avec des enfants"}]},{"@type":"WebSite","@id":"https:\/\/www.abritel.fr\/guides-voyage\/#website","url":"https:\/\/www.abritel.fr\/guides-voyage\/","name":"Abritel","description":"Abritel","potentialAction":[{"@type":"SearchAction","target":{"@type":"EntryPoint","urlTemplate":"https:\/\/www.abritel.fr\/guides-voyage\/?s={search_term_string}"},"query-input":"required name=search_term_string"}],"inLanguage":"en-US"},{"@type":"Person","@id":"https:\/\/www.abritel.fr\/guides-voyage\/#\/schema\/person\/520e43ecbb88d854b065acd2b48b42d2","name":"vrbous_admin","image":{"@type":"ImageObject","inLanguage":"en-US","@id":"https:\/\/www.abritel.fr\/guides-voyage\/#\/schema\/person\/image\/","url":"https:\/\/secure.gravatar.com\/avatar\/34fbaa9832585e9f68574cb233fe8d82?s=96&d=mm&r=g","contentUrl":"https:\/\/secure.gravatar.com\/avatar\/34fbaa9832585e9f68574cb233fe8d82?s=96&d=mm&r=g","caption":"vrbous_admin"},"sameAs":["https:\/\/vrbous.web"],"url":"https:\/\/www.abritel.fr\/guides-voyage\/author\/vrbous_admin"}]}},"_links":{"self":[{"href":"https:\/\/www.abritel.fr\/guides-voyage\/wp-json\/wp\/v2\/posts\/5701"}],"collection":[{"href":"https:\/\/www.abritel.fr\/guides-voyage\/wp-json\/wp\/v2\/posts"}],"about":[{"href":"https:\/\/www.abritel.fr\/guides-voyage\/wp-json\/wp\/v2\/types\/post"}],"author":[{"embeddable":true,"href":"https:\/\/www.abritel.fr\/guides-voyage\/wp-json\/wp\/v2\/users\/1"}],"replies":[{"embeddable":true,"href":"https:\/\/www.abritel.fr\/guides-voyage\/wp-json\/wp\/v2\/comments?post=5701"}],"version-history":[{"count":0,"href":"https:\/\/www.abritel.fr\/guides-voyage\/wp-json\/wp\/v2\/posts\/5701\/revisions"}],"wp:featuredmedia":[{"embeddable":true,"href":"https:\/\/www.abritel.fr\/guides-voyage\/wp-json\/wp\/v2\/media\/5702"}],"wp:attachment":[{"href":"https:\/\/www.abritel.fr\/guides-voyage\/wp-json\/wp\/v2\/media?parent=5701"}],"wp:term":[{"taxonomy":"category","embeddable":true,"href":"https:\/\/www.abritel.fr\/guides-voyage\/wp-json\/wp\/v2\/categories?post=5701"},{"taxonomy":"post_tag","embeddable":true,"href":"https:\/\/www.abritel.fr\/guides-voyage\/wp-json\/wp\/v2\/tags?post=5701"}],"curies":[{"name":"wp","href":"https:\/\/api.w.org\/{rel}","templated":true}]}}