{"id":5649,"date":"2020-12-04T00:00:00","date_gmt":"2020-12-04T00:00:00","guid":{"rendered":""},"modified":"2020-12-04T00:00:00","modified_gmt":"2020-12-04T00:00:00","slug":"rapport-de-tendances-abritel-les-vacances-des-familles-en-2021","status":"publish","type":"post","link":"https:\/\/www.abritel.fr\/guides-voyage\/nouvelles-et-tendances-voyage\/rapport-de-tendances-abritel-les-vacances-des-familles-en-2021","title":{"rendered":"Rapport de tendances Abritel : Les vacances des familles en 2021"},"content":{"rendered":"\n<p>Dans une r\u00e9cente \u00e9tude* r\u00e9alis\u00e9e aupr\u00e8s de familles de vacanciers, Abritel analyse les changements observ\u00e9s suite \u00e0 la crise sanitaire dans le comportement des familles fran\u00e7aises en mati\u00e8re de vacances et leurs intentions pour 2021. 6 grandes tendances \u00e0 suivre\u00a0!<\/p>\n\n\n<h2>1. <a name=\"Une_envie_de_partir_intacte\r\">Une envie de partir intacte\r<\/a><\/h2>\n\n\n<p>La moiti\u00e9 des familles fran\u00e7aises affirme avoir d\u00fb annuler des vacances pr\u00e9vues en 2020 en raison de la pand\u00e9mie mais l\u2019envie de partir demeure. 83 % des familles ont l\u2019intention de partir en vacances l\u2019ann\u00e9e prochaine. 31 % d\u2019entre elles cherchent surtout \u00e0 pouvoir changer d\u2019air et 28 % \u00e0 pouvoir passer du temps de qualit\u00e9 en famille.\r\nPour ceux qui ont d\u00fb annuler leurs vacances pr\u00e9vues en 2020, 45 % veulent les reprogrammer \u00e0 l\u2019identique en 2021.\r<\/p>\n\n\n<h2>2. <a name=\"D\u00e9penser_plus\">D\u00e9penser plus<\/a> pour les vacances en 2021\r<\/h2>\n\n<figure class=\"wp-block-image size-large is-resized\"><img decoding=\"async\" loading=\"lazy\" class=\"wp-image-11 alignalignfull-width\" src=\"\/guides-voyage\/wp-content\/uploads\/1bvlKnhitDbSv7yS9Op5YI\/f792a98d3e8273c1d09844211d5ba1fe\/enfants_tenant_des_planches_de_surf_devant_une_location_de_vacances.png\" alt=\"enfants tenant des planches de surf devant une location de vacances\"><\/figure>\n<p>Si la situation sanitaire s\u2019am\u00e9liore en 2021, 88 % des familles fran\u00e7aises ont l\u2019intention de d\u00e9penser autant ou plus pour leurs prochaines vacances. D\u00e9penser plus, pour quoi faire ? 58 % veulent ainsi des s\u00e9jours plus longs, 52 % s\u2019offrir des vacances de r\u00eave, et 47 % partir plus loin.\r<\/p>\n\n\n<h2>3. S\u2019offrir des <a name=\"vacances_de_r\u00eave\">vacances de r\u00eave<\/a> en 2021\r<\/h2>\n\n\n<p>2020 a \u00e9t\u00e9 une ann\u00e9e compliqu\u00e9e pour organiser ses vacances. Un vacancier fran\u00e7ais sur trois se d\u00e9clare d\u00e9sormais plus enclin qu\u2019avant \u00e0 se faire plaisir en s\u2019offrant des vacances de r\u00eave en 2021. 36% d\u2019entre eux souhaitent profiter d\u2019un tel voyage car ils ne sont pas beaucoup ou pas du tout partis en 2020. 41 % veulent en profiter que c\u2019est encore possible. \r<\/p>\n\n\n<p>32 % indiquent avoir mis de l\u2019argent de c\u00f4t\u00e9 en 2020 qu\u2019ils souhaitent utiliser pour se payer des vacances uniques dont ils se souviendront m\u00e9morables, et 31 % disent que les vacances ont d\u00e9sormais plus d\u2019importance pour eux aux vacances qu\u2019avant la Covid-19.\r<\/p>\n\n\n<h2>4. <a name=\"Respirer_loin_des_villes\">Respirer loin des villes<\/a>\r<\/h2>\n\n<figure class=\"wp-block-image size-large is-resized\"><img decoding=\"async\" loading=\"lazy\" class=\"wp-image-11 alignalignfull-width\" src=\"\/guides-voyage\/wp-content\/uploads\/1po7iEJZiRiLXN6zIgwiBI\/c5183c9029b69972604f133a76ea2cc4\/une_famille_donnant_sur_un_lac.png\" alt=\"une famille donnant sur un lac\"><\/figure>\n<p>Les Fran\u00e7ais sont rest\u00e9s confin\u00e9s chez euxpendant des mois et, d\u00e9sormais, les deux-tiers des familles fran\u00e7aises disent \u00eatre plus susceptibles qu\u2019avant la crise sanitaire de partir vers une destination \u00ab nature \u00bb, loin des centres urbains, et 63% plus enclins \u00e0 pratiquer des activit\u00e9s de plein air.\r\nLes principaux b\u00e9n\u00e9fices personnels attendus pour les vacances en 2021 sont les suivants: \r<\/p>\n\n<!-- wp:list-->\n<ul>\n<li>Fuir le quotidien (42 %)\r<\/li>\n\n\n<li>Avoir le sentiment d\u2019un retour \u00e0 la normalit\u00e9 (20 %)\r<\/li>\n\n\n<li>Satisfaire un besoin d\u2019aventure (13 %).\r<\/li>\n\n<\/ul>\n<!-- \/wp:list -->\n<!-- wp:heading {\"level\":2} -->\n<h2>5. <a name=\"Reprendre_le_contr\u00f4le\r\">Reprendre le contr\u00f4le\r<\/a><\/h2>\n<!-- \/wp:heading -->\n<!-- wp:paragraph -->\n<p>L\u2019ann\u00e9e 2020 a \u00e9t\u00e9 pour le moins tr\u00e8s impr\u00e9visible et les familles de vacanciers fran\u00e7ais souhaitent \u00e0 pr\u00e9sent mieux garder le contr\u00f4le sur leurs prochains voyages. 70 % d\u2019entre elles se disent en effet plus susceptibles d\u2019organiser par elles-m\u00eames leurs vacances en 2021.\r\nCertains des comportements qui sont apparus au d\u00e9but de la crise de la Covid-19 semblent s\u2019installer et se maintenir 2021: \r<\/p>\n<!-- \/wp:paragraph -->\n<!-- wp:list-->\n<ul><!-- wp:list-item -->\n<li>58 % des familles pr\u00e9voient de voyager davantage en voiture afin d\u2019\u00e9viter les al\u00e9as des transports\r<\/li>\n<!-- \/wp:list-item -->\n<!-- wp:list-item -->\n<li>38 % seront plus attentifs qu\u2019avant aux politiques d\u2019annulation et de remboursement\r<\/li>\n<!-- \/wp:list-item -->\n<!-- wp:list-item -->\n<li>27 % accorderont davantage d\u2019attention aux normes de propret\u00e9 dans les h\u00e9bergements\r<\/li>\n<!-- \/wp:list-item -->\n<!-- wp:list-item -->\n<li>26 % ont l\u2019intention de r\u00e9server plus \u00e0 la derni\u00e8re minute\r<\/li>\n<!-- \/wp:list-item -->\n<\/ul>\n<!-- \/wp:list -->\n<!-- wp:heading {\"level\":2} -->\n<h2>6. <a name=\"Partir_moins_nombreux\">Partir moins nombreux<\/a>, chercher plus d\u2019espace\r<\/h2>\n<!-- \/wp:heading -->\n<figure class=\"wp-block-image size-large is-resized\"><img decoding=\"async\" loading=\"lazy\" class=\"wp-image-11 alignalignfull-width\" src=\"\/guides-voyage\/wp-content\/uploads\/4yAC6vT58YPfi1As7RSeON\/52603c81df7646b7be84a449c2dece46\/deux_femmes_assises_au_bord_d-une_piscine_tandis_qu-une_petite_fille_saute_dans_l-eau_entre_elles._Il_y_a_des_falaises_rouge.png\" alt=\"deux femmes assises au bord d'une piscine tandis qu'une petite fille saute dans l'eau entre elles. Il y a des falaises rouges en arrie\u0300re-plan\"><\/figure><!-- wp:paragraph -->\n<p><\/p>\n<!-- \/wp:paragraph -->\n<!-- wp:paragraph -->\n<p>En 2021, les vacanciers fran\u00e7ais comptent conserver des comportements de prudence en maintenant une certaine distanciation sociale et en limitant les interactions au cercle familial restreint.\r\nIls envisagent de partir avec autant de personnes qu\u2019avant (67%) voire moins encore pour 27% d\u2019entre eux. \r\n\r\nSur Abritel, le nombre moyen de personnes par s\u00e9jour est assez similaire entre 2019 et 2020, mais la demande de propri\u00e9t\u00e9s plus grandes a augment\u00e9 significativement. Ainsi entre mai et ao\u00fbt 2020, la demande pour de grands h\u00e9bergements avec 4 ou 5 chambres et plus a augment\u00e9 de 45 % sur la plateforme par rapport \u00e0 la m\u00eame p\u00e9riode l\u2019an pass\u00e9. \r<\/p>\n<!-- \/wp:paragraph -->\n<!-- wp:paragraph -->\n<p>Les vacanciers fran\u00e7ais ont ainsi recherch\u00e9 plus d\u2019espace pour chacun.\r<\/p>\n<!-- \/wp:paragraph -->\n<!-- wp:heading {\"level\":3} -->\n<h3>\n<a name=\"*M\u00e9thodologie\r\">*M\u00e9thodologie\r<\/a><\/h3>\n<!-- \/wp:heading -->\n<!-- wp:paragraph -->\n<p>Cette \u00e9tude a \u00e9t\u00e9 r\u00e9alis\u00e9e en ligne par Kelton Global aupr\u00e8s de 8258 parents adultes de France, Royaume-Uni, Allemagne, Espagne, Italie, Etats-Unis, Br\u00e9sil et Australie\/Nouvelle Z\u00e9lande. Le terrain de cette \u00e9tude s\u2019est tenu en octobre 2020. Les r\u00e9sultats comportent une marge d\u2019erreur de +\/- 1,1 %.\r\nLes donn\u00e9es Abritel \/ Vrbo proviennent de mesures de la demande des vacanciers de la plateforme entre le 1er septembre 2019 et le 31 ao\u00fbt 2020 par rapport \u00e0 la m\u00eame p\u00e9riode 1 an plus t\u00f4t. Les donn\u00e9es montrant l\u2019impact de la Covid-19 sont bas\u00e9es sur la demande des vacanciers de la plateforme entre le 1er mai et le 31 ao\u00fbt 2020 par rapport au 1er janvier et 30 avril 2020.\r\n\n<\/p>\n<!-- \/wp:paragraph -->\n<!-- wp:paragraph -->\n<p><\/p>\n<!-- \/wp:paragraph -->\n","protected":false},"excerpt":{"rendered":"<p>Dans une r\u00e9cente \u00e9tude* r\u00e9alis\u00e9e aupr\u00e8s de familles de vacanciers, Abritel analyse les changements observ\u00e9s suite \u00e0 la crise sanitaire dans le comportement des familles fran\u00e7aises en mati\u00e8re de vacances et leurs intentions pour 2021. 6 grandes tendances \u00e0 suivre\u00a0! 1. Une envie de partir intacte La moiti\u00e9 des familles fran\u00e7aises affirme avoir d\u00fb annuler&#8230;<\/p>\n","protected":false},"author":1,"featured_media":5650,"comment_status":"closed","ping_status":"closed","sticky":false,"template":"","format":"standard","meta":[],"categories":[78],"tags":[],"acf":[],"yoast_head":"<!-- This site is optimized with the Yoast SEO plugin v19.12 - https:\/\/yoast.com\/wordpress\/plugins\/seo\/ -->\n<title>Rapport de tendances Abritel : Les vacances des familles en 2021<\/title>\n<meta name=\"description\" content=\"Abritel analyse les changements observ\u00e9s suite \u00e0 la crise sanitaire dans le comportement des familles en mati\u00e8re de vacances et leurs intentions pour 2021.\" \/>\n<meta name=\"robots\" content=\"index, follow, max-snippet:-1, max-image-preview:large, max-video-preview:-1\" \/>\n<link rel=\"canonical\" href=\"https:\/\/www.abritel.fr\/guides-voyage\/nouvelles-et-tendances-voyage\/rapport-de-tendances-abritel-les-vacances-des-familles-en-2021\" \/>\n<meta property=\"og:locale\" content=\"en_US\" \/>\n<meta property=\"og:type\" content=\"article\" \/>\n<meta property=\"og:title\" content=\"Rapport de tendances Abritel : Les vacances des familles en 2021\" \/>\n<meta property=\"og:description\" content=\"Abritel analyse les changements observ\u00e9s suite \u00e0 la crise sanitaire dans le comportement des familles en mati\u00e8re de vacances et leurs intentions pour 2021.\" \/>\n<meta property=\"og:url\" content=\"https:\/\/www.abritel.fr\/guides-voyage\/nouvelles-et-tendances-voyage\/rapport-de-tendances-abritel-les-vacances-des-familles-en-2021\" \/>\n<meta property=\"og:site_name\" content=\"Abritel\" \/>\n<meta property=\"article:published_time\" content=\"2020-12-04T00:00:00+00:00\" \/>\n<meta name=\"author\" content=\"vrbous_admin\" \/>\n<meta name=\"twitter:card\" content=\"summary_large_image\" \/>\n<meta name=\"twitter:label1\" content=\"Written by\" \/>\n\t<meta name=\"twitter:data1\" content=\"vrbous_admin\" \/>\n\t<meta name=\"twitter:label2\" content=\"Est. reading time\" \/>\n\t<meta name=\"twitter:data2\" content=\"4 minutes\" \/>\n<script type=\"application\/ld+json\" class=\"yoast-schema-graph\">{\"@context\":\"https:\/\/schema.org\",\"@graph\":[{\"@type\":\"WebPage\",\"@id\":\"https:\/\/www.abritel.fr\/guides-voyage\/nouvelles-et-tendances-voyage\/rapport-de-tendances-abritel-les-vacances-des-familles-en-2021\",\"url\":\"https:\/\/www.abritel.fr\/guides-voyage\/nouvelles-et-tendances-voyage\/rapport-de-tendances-abritel-les-vacances-des-familles-en-2021\",\"name\":\"Rapport de tendances Abritel : Les vacances des familles en 2021\",\"isPartOf\":{\"@id\":\"https:\/\/www.abritel.fr\/guides-voyage\/#website\"},\"datePublished\":\"2020-12-04T00:00:00+00:00\",\"dateModified\":\"2020-12-04T00:00:00+00:00\",\"author\":{\"@id\":\"https:\/\/www.abritel.fr\/guides-voyage\/#\/schema\/person\/520e43ecbb88d854b065acd2b48b42d2\"},\"description\":\"Abritel analyse les changements observ\u00e9s suite \u00e0 la crise sanitaire dans le comportement des familles en mati\u00e8re de vacances et leurs intentions pour 2021.\",\"breadcrumb\":{\"@id\":\"https:\/\/www.abritel.fr\/guides-voyage\/nouvelles-et-tendances-voyage\/rapport-de-tendances-abritel-les-vacances-des-familles-en-2021#breadcrumb\"},\"inLanguage\":\"en-US\",\"potentialAction\":[{\"@type\":\"ReadAction\",\"target\":[\"https:\/\/www.abritel.fr\/guides-voyage\/nouvelles-et-tendances-voyage\/rapport-de-tendances-abritel-les-vacances-des-familles-en-2021\"]}]},{\"@type\":\"BreadcrumbList\",\"@id\":\"https:\/\/www.abritel.fr\/guides-voyage\/nouvelles-et-tendances-voyage\/rapport-de-tendances-abritel-les-vacances-des-familles-en-2021#breadcrumb\",\"itemListElement\":[{\"@type\":\"ListItem\",\"position\":1,\"name\":\"Home\",\"item\":\"https:\/\/www.abritel.fr\/guides-voyage\/\"},{\"@type\":\"ListItem\",\"position\":2,\"name\":\"Nouvelles et tendances voyage\",\"item\":\"https:\/\/www.abritel.fr\/guides-voyage\/nouvelles-et-tendances-voyage\"},{\"@type\":\"ListItem\",\"position\":3,\"name\":\"Rapport de tendances Abritel : Les vacances des familles en 2021\"}]},{\"@type\":\"WebSite\",\"@id\":\"https:\/\/www.abritel.fr\/guides-voyage\/#website\",\"url\":\"https:\/\/www.abritel.fr\/guides-voyage\/\",\"name\":\"Abritel\",\"description\":\"Abritel\",\"potentialAction\":[{\"@type\":\"SearchAction\",\"target\":{\"@type\":\"EntryPoint\",\"urlTemplate\":\"https:\/\/www.abritel.fr\/guides-voyage\/?s={search_term_string}\"},\"query-input\":\"required name=search_term_string\"}],\"inLanguage\":\"en-US\"},{\"@type\":\"Person\",\"@id\":\"https:\/\/www.abritel.fr\/guides-voyage\/#\/schema\/person\/520e43ecbb88d854b065acd2b48b42d2\",\"name\":\"vrbous_admin\",\"image\":{\"@type\":\"ImageObject\",\"inLanguage\":\"en-US\",\"@id\":\"https:\/\/www.abritel.fr\/guides-voyage\/#\/schema\/person\/image\/\",\"url\":\"https:\/\/secure.gravatar.com\/avatar\/34fbaa9832585e9f68574cb233fe8d82?s=96&d=mm&r=g\",\"contentUrl\":\"https:\/\/secure.gravatar.com\/avatar\/34fbaa9832585e9f68574cb233fe8d82?s=96&d=mm&r=g\",\"caption\":\"vrbous_admin\"},\"sameAs\":[\"https:\/\/vrbous.web\"],\"url\":\"https:\/\/www.abritel.fr\/guides-voyage\/author\/vrbous_admin\"}]}<\/script>\n<!-- \/ Yoast SEO plugin. -->","yoast_head_json":{"title":"Rapport de tendances Abritel : Les vacances des familles en 2021","description":"Abritel analyse les changements observ\u00e9s suite \u00e0 la crise sanitaire dans le comportement des familles en mati\u00e8re de vacances et leurs intentions pour 2021.","robots":{"index":"index","follow":"follow","max-snippet":"max-snippet:-1","max-image-preview":"max-image-preview:large","max-video-preview":"max-video-preview:-1"},"canonical":"https:\/\/www.abritel.fr\/guides-voyage\/nouvelles-et-tendances-voyage\/rapport-de-tendances-abritel-les-vacances-des-familles-en-2021","og_locale":"en_US","og_type":"article","og_title":"Rapport de tendances Abritel : Les vacances des familles en 2021","og_description":"Abritel analyse les changements observ\u00e9s suite \u00e0 la crise sanitaire dans le comportement des familles en mati\u00e8re de vacances et leurs intentions pour 2021.","og_url":"https:\/\/www.abritel.fr\/guides-voyage\/nouvelles-et-tendances-voyage\/rapport-de-tendances-abritel-les-vacances-des-familles-en-2021","og_site_name":"Abritel","article_published_time":"2020-12-04T00:00:00+00:00","author":"vrbous_admin","twitter_card":"summary_large_image","twitter_misc":{"Written by":"vrbous_admin","Est. reading time":"4 minutes"},"schema":{"@context":"https:\/\/schema.org","@graph":[{"@type":"WebPage","@id":"https:\/\/www.abritel.fr\/guides-voyage\/nouvelles-et-tendances-voyage\/rapport-de-tendances-abritel-les-vacances-des-familles-en-2021","url":"https:\/\/www.abritel.fr\/guides-voyage\/nouvelles-et-tendances-voyage\/rapport-de-tendances-abritel-les-vacances-des-familles-en-2021","name":"Rapport de tendances Abritel : Les vacances des familles en 2021","isPartOf":{"@id":"https:\/\/www.abritel.fr\/guides-voyage\/#website"},"datePublished":"2020-12-04T00:00:00+00:00","dateModified":"2020-12-04T00:00:00+00:00","author":{"@id":"https:\/\/www.abritel.fr\/guides-voyage\/#\/schema\/person\/520e43ecbb88d854b065acd2b48b42d2"},"description":"Abritel analyse les changements observ\u00e9s suite \u00e0 la crise sanitaire dans le comportement des familles en mati\u00e8re de vacances et leurs intentions pour 2021.","breadcrumb":{"@id":"https:\/\/www.abritel.fr\/guides-voyage\/nouvelles-et-tendances-voyage\/rapport-de-tendances-abritel-les-vacances-des-familles-en-2021#breadcrumb"},"inLanguage":"en-US","potentialAction":[{"@type":"ReadAction","target":["https:\/\/www.abritel.fr\/guides-voyage\/nouvelles-et-tendances-voyage\/rapport-de-tendances-abritel-les-vacances-des-familles-en-2021"]}]},{"@type":"BreadcrumbList","@id":"https:\/\/www.abritel.fr\/guides-voyage\/nouvelles-et-tendances-voyage\/rapport-de-tendances-abritel-les-vacances-des-familles-en-2021#breadcrumb","itemListElement":[{"@type":"ListItem","position":1,"name":"Home","item":"https:\/\/www.abritel.fr\/guides-voyage\/"},{"@type":"ListItem","position":2,"name":"Nouvelles et tendances voyage","item":"https:\/\/www.abritel.fr\/guides-voyage\/nouvelles-et-tendances-voyage"},{"@type":"ListItem","position":3,"name":"Rapport de tendances Abritel : Les vacances des familles en 2021"}]},{"@type":"WebSite","@id":"https:\/\/www.abritel.fr\/guides-voyage\/#website","url":"https:\/\/www.abritel.fr\/guides-voyage\/","name":"Abritel","description":"Abritel","potentialAction":[{"@type":"SearchAction","target":{"@type":"EntryPoint","urlTemplate":"https:\/\/www.abritel.fr\/guides-voyage\/?s={search_term_string}"},"query-input":"required name=search_term_string"}],"inLanguage":"en-US"},{"@type":"Person","@id":"https:\/\/www.abritel.fr\/guides-voyage\/#\/schema\/person\/520e43ecbb88d854b065acd2b48b42d2","name":"vrbous_admin","image":{"@type":"ImageObject","inLanguage":"en-US","@id":"https:\/\/www.abritel.fr\/guides-voyage\/#\/schema\/person\/image\/","url":"https:\/\/secure.gravatar.com\/avatar\/34fbaa9832585e9f68574cb233fe8d82?s=96&d=mm&r=g","contentUrl":"https:\/\/secure.gravatar.com\/avatar\/34fbaa9832585e9f68574cb233fe8d82?s=96&d=mm&r=g","caption":"vrbous_admin"},"sameAs":["https:\/\/vrbous.web"],"url":"https:\/\/www.abritel.fr\/guides-voyage\/author\/vrbous_admin"}]}},"_links":{"self":[{"href":"https:\/\/www.abritel.fr\/guides-voyage\/wp-json\/wp\/v2\/posts\/5649"}],"collection":[{"href":"https:\/\/www.abritel.fr\/guides-voyage\/wp-json\/wp\/v2\/posts"}],"about":[{"href":"https:\/\/www.abritel.fr\/guides-voyage\/wp-json\/wp\/v2\/types\/post"}],"author":[{"embeddable":true,"href":"https:\/\/www.abritel.fr\/guides-voyage\/wp-json\/wp\/v2\/users\/1"}],"replies":[{"embeddable":true,"href":"https:\/\/www.abritel.fr\/guides-voyage\/wp-json\/wp\/v2\/comments?post=5649"}],"version-history":[{"count":0,"href":"https:\/\/www.abritel.fr\/guides-voyage\/wp-json\/wp\/v2\/posts\/5649\/revisions"}],"wp:featuredmedia":[{"embeddable":true,"href":"https:\/\/www.abritel.fr\/guides-voyage\/wp-json\/wp\/v2\/media\/5650"}],"wp:attachment":[{"href":"https:\/\/www.abritel.fr\/guides-voyage\/wp-json\/wp\/v2\/media?parent=5649"}],"wp:term":[{"taxonomy":"category","embeddable":true,"href":"https:\/\/www.abritel.fr\/guides-voyage\/wp-json\/wp\/v2\/categories?post=5649"},{"taxonomy":"post_tag","embeddable":true,"href":"https:\/\/www.abritel.fr\/guides-voyage\/wp-json\/wp\/v2\/tags?post=5649"}],"curies":[{"name":"wp","href":"https:\/\/api.w.org\/{rel}","templated":true}]}}