{"id":5388,"date":"2019-09-30T00:00:00","date_gmt":"2019-09-30T00:00:00","guid":{"rendered":""},"modified":"2019-09-30T00:00:00","modified_gmt":"2019-09-30T00:00:00","slug":"vacances-pedagogiques","status":"publish","type":"post","link":"https:\/\/www.abritel.fr\/guides-voyage\/famille\/idees-vacances-en-famille\/vacances-pedagogiques","title":{"rendered":"Vacances p\u00e9dagogiques pour tous"},"content":{"rendered":"\n<p>Si pour beaucoup partir en vacances rime avec soleil et farniente, pour d&#8217;autres, les vacances sont aussi l&#8217;occasion de vivre des exp\u00e9riences enrichissantes, \u00e0 la d\u00e9couverte d&#8217;un nouveau mode de vie, de nouvelles activit\u00e9s ou encore de traditions locales.<\/p>\n\n\n<p><a href=\"https:\/\/www.abritel.fr\/search\/keywords:france\">Toutes les locations de vacances en France ><\/a><\/p>\n\n\n<p>Les vacances th\u00e9matiques ont de plus en plus le vent en poupe comme par exemple l&#8217;agritourisme, les s\u00e9jours gastromiques, les vacances \u00e9cologiques ou encore les vacances artistiques&#8230;<\/p>\n\n\n<p>Partez en vacances en famille \u00e0 la d\u00e9couverte d&#8217;un autre style de vacances et offrez des vacances \u00e9ducatives \u00e0 vos enfants. A vous la d\u00e9couverte du monde rural et des vacances actives !<\/p>\n\n\n<hr class=\"wp-block-separator has-alpha-channel-opacity\"\/>\n\n\n<h2>Vacances \u00e0 la ferme<\/h2>\n\n<figure class=\"wp-block-image size-large is-resized\"><img decoding=\"async\" loading=\"lazy\" class=\"wp-image-11 alignalignfull-width\" src=\"\/guides-voyage\/wp-content\/uploads\/18TwmxIWuvc462Ag2HzMu7\/586466d157e0b4a44441367f85dbf169\/AdobeStock_271744305.jpeg\" alt=\"p\u00e8re et petit fils pr\u00e8s des cultures dans une ferme p\u00e8re et petit fils pr\u00e8s des cultures dans une ferme father and little son near crops on a farm p\u00e8re et petit fils \u00e0 proximit\u00e9 des cultures sur une ferme father and little son near crops on a farm\"><\/figure>\n<p>Partir en <a href=\"https:\/\/www.abritel.fr\/guides-voyage\/type-de-vacances\/insolite\/location-ferme\">vacances \u00e0 la ferme<\/a>, loin des voitures, dans l&#8217;air frais de la campagne, vivre une exp\u00e9rience hors du commun, \u00e7a fait longtemps que vous en r\u00eaviez&#8230; Lancez vous, et trouvez une location \u00e0 la campagne qui vous am\u00e8nera au coeur du monde rural. Pour voisins \u00e2nes et vaches, les propri\u00e9taires proposent des initiations aux travaux de la ferme. R\u00e9veil au chant du coq, nourrir les poules, faire d\u00e9couvrir \u00e0 vos enfants tous les animaux en r\u00e9el plut\u00f4t que dans des livres, c&#8217;est la vie de la ferme. Les fermes p\u00e9dagogiques se sont fortement d\u00e9velopp\u00e9es ces derni\u00e8res ann\u00e9es pour le plus grand bonheur des enfants.<\/p>\n\n\n<p>Et vous pourrez \u00e9galement en profiter pour des vacances gastronomiques, o\u00f9 le lait, le fromage, les p\u00e2t\u00e9s viennent de l&#8217;endroit o\u00f9 vous vivez, la meilleure garantie d&#8217;un repas aussi bon pour le palais que pour la sant\u00e9.<\/p>\n\n\n<p>Alors n&#8217;h\u00e9sitez plus et choisissez une location de vacances \u00e0 la ferme parmi les nombreuses offres que nous proposons!<\/p>\n\n\n<hr class=\"wp-block-separator has-alpha-channel-opacity\"\/>\n\n\n<h2>Agritourisme<\/h2>\n\n\n<p>Ph\u00e9nom\u00e8ne tr\u00e8s \u00e0 la mode en Italie,<a href=\"https:\/\/www.abritel.fr\/guides-voyage\/type-de-vacances\/insolite\/agritourisme\"> l&#8217;agritourisme<\/a> a aussi gagn\u00e9 la France. Mais qu&#8217;est-ce que l&#8217;agritourisme? C&#8217;est partir dans un domaine agricole et d\u00e9couvrir comment les agriculteurs travaillent. Les grands champs d&#8217;arbres fruitiers, d&#8217;oliviers, les serres \u00e0 potager sont le m\u00e9tier de ces professionnels du monde rural, qui vous permettront de partager leur savoir.<\/p>\n\n\n<hr class=\"wp-block-separator has-alpha-channel-opacity\"\/>\n\n\n<h2>Vacances dans les vignes, au coeur des domaines<\/h2>\n\n<figure class=\"wp-block-image size-large is-resized\"><img decoding=\"async\" loading=\"lazy\" class=\"wp-image-11 alignalignfull-width\" src=\"\/guides-voyage\/wp-content\/uploads\/40WKod6DHay4gGwiUyaSco\/3a715c42a997aad549f5c23466e014f0\/vigne_raisin_noir.jpg\" alt=\"La r\u00e9gion Rh\u00f4ne-Alpes poss\u00e8de des vignobles r\u00e9put\u00e9s, comme les Crozes-Hermitage, Saint-Joseph et C\u00f4te R\u00f4tie.\"><\/figure>\n<p>De l&#8217;Alsace \u00e0 la Provence, en passant par la Champagne ou le Beaujolais, la France, premier pays du monde du vin, poss\u00e8de de nombreuses routes des vins. Que vous choisissiez une location directement au domaine, ou une location classique pour planifier ensuite votre route, vous pourrez dans tous les cas appr\u00e9cier les bons vins de chaque r\u00e9gion.\n<\/p>\n\n\n<hr class=\"wp-block-separator has-alpha-channel-opacity\"\/>\n\n\n<h2>Vacances \u00e9cologiques<\/h2>\n\n\n<p>Aujourd&#8217;hui, les consid\u00e9rations \u00e9cologiques sont de plus en plus s\u00e9rieuses, et tout le monde se sent concern\u00e9 par les probl\u00e8mes de notre plan\u00e8te. Vous faites partie de ces gens qui en sont encore plus convaincu, et vous avez am\u00e9nag\u00e9 votre quotidien pour prot\u00e9ger la nature. Continuez pendant vos vacances en choisissant une location en accord avec vos convictions! Qu&#8217;il s&#8217;agisse d&#8217;une de nos locations insolites qui vous permettra d&#8217;\u00eatre directement li\u00e9 \u00e0 la nature ou juste d&#8217;une maison chauff\u00e9 au solaire, encouragez ceux qui sont aussi engag\u00e9s pour la nature en r\u00e9servant une <a href=\"https:\/\/www.abritel.fr\/guides-voyage\/type-de-vacances\/insolite\/vacances-ecologiques\">location \u00e9cologique<\/a> !<\/p>\n\n\n<hr class=\"wp-block-separator has-alpha-channel-opacity\"\/>\n\n\n<h2>Vacances artistiques<\/h2>\n\n\n<p>Vous r\u00eavez depuis longtemps de commencer l&#8217;aquarelle ou la poterie, mais vous n&#8217;en avez jamais le temps&#8230; Profitez de vos vacances pour partir dans une location de vacances d&#8217;artistes ! Vous permettant de vous initier, les propri\u00e9taires de certaines locations offre des stages artistiques et partagent leur savoir. En louant une villa ou un manoir, d\u00e9couvrez l&#8217;art de la sculpture ou de la peinture pour des vacances doublement riches.<\/p>\n\n\n<hr class=\"wp-block-separator has-alpha-channel-opacity\"\/>\n\n\n<h2>D&#8217;autres id\u00e9es et conseils pour vos vacances en famille<\/h2>\n\n<!-- wp:list-->\n<ul>\n<li><a href=\"https:\/\/www.abritel.fr\/guides-voyage\/destinations\/locations-saisonnieres\/cheques-vacances\">Ch\u00e8ques vacances ANCV<\/a><a href=\"https:\/\/www.abritel.fr\/info\/guide\/conseils\/conseils-location\/avantages-location\"><\/a><\/li>\n\n\n<li><a href=\"https:\/\/www.abritel.fr\/guides-voyage\/destinations\/locations-saisonnieres\/avantages-location\">Avantages de la location<\/a><\/li>\n\n\n<li><a href=\"https:\/\/www.abritel.fr\/guides-voyage\/destinations\/locations-vacances-france\/city-break-en-france\">City break en France<\/a><a href=\"https:\/\/www.abritel.fr\/guides-voyage\/destinations\/locations-saisonnieres\/location-pas-chere\"><\/a><\/li>\n\n\n<li><a href=\"https:\/\/www.abritel.fr\/guides-voyage\/destinations\/locations-saisonnieres\/location-pas-chere\">Locations pas ch\u00e8res<\/a><a href=\"https:\/\/www.abritel.fr\/guides-voyage\/type-de-vacances\/week-end\/idees-week-end\"><\/a><\/li>\n\n\n<li><a href=\"https:\/\/www.abritel.fr\/guides-voyage\/type-de-vacances\/week-end\/idees-week-end\">Id\u00e9es week-end<\/a><a href=\"https:\/\/www.abritel.fr\/guides-voyage\/type-de-vacances\/week-end\/sejour-romantique\"><\/a><\/li>\n\n<\/ul>\n<!-- \/wp:list -->\n<!-- wp:paragraph -->\n<p>\n\n<\/p>\n<!-- \/wp:paragraph -->\n<!-- wp:heading {\"level\":3} -->\n<h3><\/h3>\n<!-- \/wp:heading -->\n<!-- wp:paragraph -->\n<p><\/p>\n<!-- \/wp:paragraph -->\n","protected":false},"excerpt":{"rendered":"<p>Si pour beaucoup partir en vacances rime avec soleil et farniente, pour d&#8217;autres, les vacances sont aussi l&#8217;occasion de vivre des exp\u00e9riences enrichissantes, \u00e0 la d\u00e9couverte d&#8217;un nouveau mode de vie, de nouvelles activit\u00e9s ou encore de traditions locales. Toutes les locations de vacances en France > Les vacances th\u00e9matiques ont de plus en plus&#8230;<\/p>\n","protected":false},"author":1,"featured_media":5389,"comment_status":"closed","ping_status":"closed","sticky":false,"template":"","format":"standard","meta":[],"categories":[81],"tags":[],"acf":[],"yoast_head":"<!-- This site is optimized with the Yoast SEO plugin v19.12 - https:\/\/yoast.com\/wordpress\/plugins\/seo\/ -->\n<title>Vacances p\u00e9dagogiques - Agritourisme, stages artistiques<\/title>\n<meta name=\"description\" content=\"Passez des vacances p\u00e9dagogiques \u00e0 la ferme et d\u00e9couvrez l&#039;agritourisme. Vous pourrez aussi passer des vacances \u00e9cologique \u00e0 la campagne ou participer \u00e0 des stages artistiques pendant vos vcaances - Vacances P\u00e9dagogique et participatives\" \/>\n<meta name=\"robots\" content=\"index, follow, max-snippet:-1, max-image-preview:large, max-video-preview:-1\" \/>\n<link rel=\"canonical\" href=\"https:\/\/www.abritel.fr\/guides-voyage\/famille\/idees-vacances-en-famille\/vacances-pedagogiques\" \/>\n<meta property=\"og:locale\" content=\"en_US\" \/>\n<meta property=\"og:type\" content=\"article\" \/>\n<meta property=\"og:title\" content=\"Vacances p\u00e9dagogiques - Agritourisme, stages artistiques\" \/>\n<meta property=\"og:description\" content=\"Passez des vacances p\u00e9dagogiques \u00e0 la ferme et d\u00e9couvrez l&#039;agritourisme. Vous pourrez aussi passer des vacances \u00e9cologique \u00e0 la campagne ou participer \u00e0 des stages artistiques pendant vos vcaances - Vacances P\u00e9dagogique et participatives\" \/>\n<meta property=\"og:url\" content=\"https:\/\/www.abritel.fr\/guides-voyage\/famille\/idees-vacances-en-famille\/vacances-pedagogiques\" \/>\n<meta property=\"og:site_name\" content=\"Abritel\" \/>\n<meta property=\"article:published_time\" content=\"2019-09-30T00:00:00+00:00\" \/>\n<meta name=\"author\" content=\"vrbous_admin\" \/>\n<meta name=\"twitter:card\" content=\"summary_large_image\" \/>\n<meta name=\"twitter:label1\" content=\"Written by\" \/>\n\t<meta name=\"twitter:data1\" content=\"vrbous_admin\" \/>\n\t<meta name=\"twitter:label2\" content=\"Est. reading time\" \/>\n\t<meta name=\"twitter:data2\" content=\"3 minutes\" \/>\n<script type=\"application\/ld+json\" class=\"yoast-schema-graph\">{\"@context\":\"https:\/\/schema.org\",\"@graph\":[{\"@type\":\"WebPage\",\"@id\":\"https:\/\/www.abritel.fr\/guides-voyage\/famille\/idees-vacances-en-famille\/vacances-pedagogiques\",\"url\":\"https:\/\/www.abritel.fr\/guides-voyage\/famille\/idees-vacances-en-famille\/vacances-pedagogiques\",\"name\":\"Vacances p\u00e9dagogiques - Agritourisme, stages artistiques\",\"isPartOf\":{\"@id\":\"https:\/\/www.abritel.fr\/guides-voyage\/#website\"},\"datePublished\":\"2019-09-30T00:00:00+00:00\",\"dateModified\":\"2019-09-30T00:00:00+00:00\",\"author\":{\"@id\":\"https:\/\/www.abritel.fr\/guides-voyage\/#\/schema\/person\/520e43ecbb88d854b065acd2b48b42d2\"},\"description\":\"Passez des vacances p\u00e9dagogiques \u00e0 la ferme et d\u00e9couvrez l'agritourisme. Vous pourrez aussi passer des vacances \u00e9cologique \u00e0 la campagne ou participer \u00e0 des stages artistiques pendant vos vcaances - Vacances P\u00e9dagogique et participatives\",\"breadcrumb\":{\"@id\":\"https:\/\/www.abritel.fr\/guides-voyage\/famille\/idees-vacances-en-famille\/vacances-pedagogiques#breadcrumb\"},\"inLanguage\":\"en-US\",\"potentialAction\":[{\"@type\":\"ReadAction\",\"target\":[\"https:\/\/www.abritel.fr\/guides-voyage\/famille\/idees-vacances-en-famille\/vacances-pedagogiques\"]}]},{\"@type\":\"BreadcrumbList\",\"@id\":\"https:\/\/www.abritel.fr\/guides-voyage\/famille\/idees-vacances-en-famille\/vacances-pedagogiques#breadcrumb\",\"itemListElement\":[{\"@type\":\"ListItem\",\"position\":1,\"name\":\"Home\",\"item\":\"https:\/\/www.abritel.fr\/guides-voyage\/\"},{\"@type\":\"ListItem\",\"position\":2,\"name\":\"Famille\",\"item\":\"https:\/\/www.abritel.fr\/guides-voyage\/famille\"},{\"@type\":\"ListItem\",\"position\":3,\"name\":\"Idees Vacances en Famille\",\"item\":\"https:\/\/www.abritel.fr\/guides-voyage\/famille\/idees-vacances-en-famille\"},{\"@type\":\"ListItem\",\"position\":4,\"name\":\"Vacances p\u00e9dagogiques pour tous\"}]},{\"@type\":\"WebSite\",\"@id\":\"https:\/\/www.abritel.fr\/guides-voyage\/#website\",\"url\":\"https:\/\/www.abritel.fr\/guides-voyage\/\",\"name\":\"Abritel\",\"description\":\"Abritel\",\"potentialAction\":[{\"@type\":\"SearchAction\",\"target\":{\"@type\":\"EntryPoint\",\"urlTemplate\":\"https:\/\/www.abritel.fr\/guides-voyage\/?s={search_term_string}\"},\"query-input\":\"required name=search_term_string\"}],\"inLanguage\":\"en-US\"},{\"@type\":\"Person\",\"@id\":\"https:\/\/www.abritel.fr\/guides-voyage\/#\/schema\/person\/520e43ecbb88d854b065acd2b48b42d2\",\"name\":\"vrbous_admin\",\"image\":{\"@type\":\"ImageObject\",\"inLanguage\":\"en-US\",\"@id\":\"https:\/\/www.abritel.fr\/guides-voyage\/#\/schema\/person\/image\/\",\"url\":\"https:\/\/secure.gravatar.com\/avatar\/34fbaa9832585e9f68574cb233fe8d82?s=96&d=mm&r=g\",\"contentUrl\":\"https:\/\/secure.gravatar.com\/avatar\/34fbaa9832585e9f68574cb233fe8d82?s=96&d=mm&r=g\",\"caption\":\"vrbous_admin\"},\"sameAs\":[\"https:\/\/vrbous.web\"],\"url\":\"https:\/\/www.abritel.fr\/guides-voyage\/author\/vrbous_admin\"}]}<\/script>\n<!-- \/ Yoast SEO plugin. -->","yoast_head_json":{"title":"Vacances p\u00e9dagogiques - Agritourisme, stages artistiques","description":"Passez des vacances p\u00e9dagogiques \u00e0 la ferme et d\u00e9couvrez l'agritourisme. Vous pourrez aussi passer des vacances \u00e9cologique \u00e0 la campagne ou participer \u00e0 des stages artistiques pendant vos vcaances - Vacances P\u00e9dagogique et participatives","robots":{"index":"index","follow":"follow","max-snippet":"max-snippet:-1","max-image-preview":"max-image-preview:large","max-video-preview":"max-video-preview:-1"},"canonical":"https:\/\/www.abritel.fr\/guides-voyage\/famille\/idees-vacances-en-famille\/vacances-pedagogiques","og_locale":"en_US","og_type":"article","og_title":"Vacances p\u00e9dagogiques - Agritourisme, stages artistiques","og_description":"Passez des vacances p\u00e9dagogiques \u00e0 la ferme et d\u00e9couvrez l'agritourisme. Vous pourrez aussi passer des vacances \u00e9cologique \u00e0 la campagne ou participer \u00e0 des stages artistiques pendant vos vcaances - Vacances P\u00e9dagogique et participatives","og_url":"https:\/\/www.abritel.fr\/guides-voyage\/famille\/idees-vacances-en-famille\/vacances-pedagogiques","og_site_name":"Abritel","article_published_time":"2019-09-30T00:00:00+00:00","author":"vrbous_admin","twitter_card":"summary_large_image","twitter_misc":{"Written by":"vrbous_admin","Est. reading time":"3 minutes"},"schema":{"@context":"https:\/\/schema.org","@graph":[{"@type":"WebPage","@id":"https:\/\/www.abritel.fr\/guides-voyage\/famille\/idees-vacances-en-famille\/vacances-pedagogiques","url":"https:\/\/www.abritel.fr\/guides-voyage\/famille\/idees-vacances-en-famille\/vacances-pedagogiques","name":"Vacances p\u00e9dagogiques - Agritourisme, stages artistiques","isPartOf":{"@id":"https:\/\/www.abritel.fr\/guides-voyage\/#website"},"datePublished":"2019-09-30T00:00:00+00:00","dateModified":"2019-09-30T00:00:00+00:00","author":{"@id":"https:\/\/www.abritel.fr\/guides-voyage\/#\/schema\/person\/520e43ecbb88d854b065acd2b48b42d2"},"description":"Passez des vacances p\u00e9dagogiques \u00e0 la ferme et d\u00e9couvrez l'agritourisme. Vous pourrez aussi passer des vacances \u00e9cologique \u00e0 la campagne ou participer \u00e0 des stages artistiques pendant vos vcaances - Vacances P\u00e9dagogique et participatives","breadcrumb":{"@id":"https:\/\/www.abritel.fr\/guides-voyage\/famille\/idees-vacances-en-famille\/vacances-pedagogiques#breadcrumb"},"inLanguage":"en-US","potentialAction":[{"@type":"ReadAction","target":["https:\/\/www.abritel.fr\/guides-voyage\/famille\/idees-vacances-en-famille\/vacances-pedagogiques"]}]},{"@type":"BreadcrumbList","@id":"https:\/\/www.abritel.fr\/guides-voyage\/famille\/idees-vacances-en-famille\/vacances-pedagogiques#breadcrumb","itemListElement":[{"@type":"ListItem","position":1,"name":"Home","item":"https:\/\/www.abritel.fr\/guides-voyage\/"},{"@type":"ListItem","position":2,"name":"Famille","item":"https:\/\/www.abritel.fr\/guides-voyage\/famille"},{"@type":"ListItem","position":3,"name":"Idees Vacances en Famille","item":"https:\/\/www.abritel.fr\/guides-voyage\/famille\/idees-vacances-en-famille"},{"@type":"ListItem","position":4,"name":"Vacances p\u00e9dagogiques pour tous"}]},{"@type":"WebSite","@id":"https:\/\/www.abritel.fr\/guides-voyage\/#website","url":"https:\/\/www.abritel.fr\/guides-voyage\/","name":"Abritel","description":"Abritel","potentialAction":[{"@type":"SearchAction","target":{"@type":"EntryPoint","urlTemplate":"https:\/\/www.abritel.fr\/guides-voyage\/?s={search_term_string}"},"query-input":"required name=search_term_string"}],"inLanguage":"en-US"},{"@type":"Person","@id":"https:\/\/www.abritel.fr\/guides-voyage\/#\/schema\/person\/520e43ecbb88d854b065acd2b48b42d2","name":"vrbous_admin","image":{"@type":"ImageObject","inLanguage":"en-US","@id":"https:\/\/www.abritel.fr\/guides-voyage\/#\/schema\/person\/image\/","url":"https:\/\/secure.gravatar.com\/avatar\/34fbaa9832585e9f68574cb233fe8d82?s=96&d=mm&r=g","contentUrl":"https:\/\/secure.gravatar.com\/avatar\/34fbaa9832585e9f68574cb233fe8d82?s=96&d=mm&r=g","caption":"vrbous_admin"},"sameAs":["https:\/\/vrbous.web"],"url":"https:\/\/www.abritel.fr\/guides-voyage\/author\/vrbous_admin"}]}},"_links":{"self":[{"href":"https:\/\/www.abritel.fr\/guides-voyage\/wp-json\/wp\/v2\/posts\/5388"}],"collection":[{"href":"https:\/\/www.abritel.fr\/guides-voyage\/wp-json\/wp\/v2\/posts"}],"about":[{"href":"https:\/\/www.abritel.fr\/guides-voyage\/wp-json\/wp\/v2\/types\/post"}],"author":[{"embeddable":true,"href":"https:\/\/www.abritel.fr\/guides-voyage\/wp-json\/wp\/v2\/users\/1"}],"replies":[{"embeddable":true,"href":"https:\/\/www.abritel.fr\/guides-voyage\/wp-json\/wp\/v2\/comments?post=5388"}],"version-history":[{"count":0,"href":"https:\/\/www.abritel.fr\/guides-voyage\/wp-json\/wp\/v2\/posts\/5388\/revisions"}],"wp:featuredmedia":[{"embeddable":true,"href":"https:\/\/www.abritel.fr\/guides-voyage\/wp-json\/wp\/v2\/media\/5389"}],"wp:attachment":[{"href":"https:\/\/www.abritel.fr\/guides-voyage\/wp-json\/wp\/v2\/media?parent=5388"}],"wp:term":[{"taxonomy":"category","embeddable":true,"href":"https:\/\/www.abritel.fr\/guides-voyage\/wp-json\/wp\/v2\/categories?post=5388"},{"taxonomy":"post_tag","embeddable":true,"href":"https:\/\/www.abritel.fr\/guides-voyage\/wp-json\/wp\/v2\/tags?post=5388"}],"curies":[{"name":"wp","href":"https:\/\/api.w.org\/{rel}","templated":true}]}}