{"id":5384,"date":"2019-09-30T00:00:00","date_gmt":"2019-09-30T00:00:00","guid":{"rendered":""},"modified":"2019-09-30T00:00:00","modified_gmt":"2019-09-30T00:00:00","slug":"location-ferme","status":"publish","type":"post","link":"https:\/\/www.abritel.fr\/guides-voyage\/type-de-vacances\/insolite\/location-ferme","title":{"rendered":"Louer une ferme pour les vacances"},"content":{"rendered":"\n<p>Vous souhaitez passer vos vacances en pleine nature afin de d\u00e9couvrir le monde rural ? Et si vous passiez des vacances \u00e0 la ferme ? C&#8217;est l&#8217;occasion de rencontrer des personnes qui ont choisi la vie rurale et de d\u00e9couvrir les bons produits du terroir.<\/p>\n\n\n<p><a href=\"https:\/\/www.abritel.fr\/search\/filter:60\">Toutes les locations de ferme dans le monde ><\/a><\/p>\n\n<!-- wp:list-->\n<ul>\n<li><a href=\"https:\/\/www.abritel.fr\/search\/keywords:midi-pyr\u00e9n\u00e9es-occitanie-france\/filter:60\">Ferme dans le sud-ouest<\/a><\/li>\n\n\n<li><a href=\"https:\/\/www.abritel.fr\/search\/keywords:vaucluse-paca-france\/filter:60\">Ferme dans le Vaucluse<\/a><\/li>\n\n\n<li><a href=\"https:\/\/www.abritel.fr\/search\/keywords:dordogne-nouvelle-aquitaine-france\/filter:60\">Ferme en Dordogne<\/a><\/li>\n\n\n<li><a href=\"https:\/\/www.abritel.fr\/search\/keywords:italie\/filter:60\">Agritourisme en Italie<\/a><\/li>\n\n<\/ul>\n<!-- \/wp:list -->\n<!-- wp:heading {\"level\":2} -->\n<h2>Location \u00e0 la ferme pour des vacances p\u00e9dagogiques<\/h2>\n<!-- \/wp:heading -->\n<figure class=\"wp-block-image size-large is-resized\"><img decoding=\"async\" loading=\"lazy\" class=\"wp-image-11 alignalignfull-width\" src=\"\/guides-voyage\/wp-content\/uploads\/XL0egOUSSQY8oEUw0iogS\/0631460788d95f78d75afcea1fa23181\/enfantfermegarc____onpoule.jpg\" alt=\"Une ferme pour apprendre le respect de la vie et de la nature\"><\/figure><!-- wp:paragraph -->\n<p>Pour ceux qui seront d\u00e9sireux d\u2019apprendre, choisissez une ferme p\u00e9dagogique. Ces fermes pr\u00e9sentent des animaux d\u2019\u00e9levage ou des cultures et accueillent des groupes scolaires ou non, des parents et enfants pour faire d\u00e9couvrir le tourisme rural. A travers de nombreuses activit\u00e9s, les fermes p\u00e9dagogiques piquent votre curiosit\u00e9 en transmettant le savoir de mani\u00e8re ludique. On peut par exemple apprendre \u00e0 fabriquer du sel avec les enfants, d\u00e9coder le langage des animaux ou explorer le monde des arbres fruitiers pendant des vacances \u00e0 la ferme.<\/p>\n<!-- \/wp:paragraph -->\n<!-- wp:paragraph -->\n<p>D\u00e9couvrez aussi les fermes d\u2019animation qui n\u2019ont pratiquement pas de production agricole destin\u00e9e \u00e0 la vente. Les fermes d\u2019animation accueillent tous les publics et proposent de faire conna\u00eetre les diff\u00e9rentes esp\u00e8ces animales domestiques qu\u2019elles accueillent. Elles se situent pr\u00e8s des villes favorisant ainsi le lien entre la ville et la campagne.<\/p>\n<!-- \/wp:paragraph -->\n<!-- wp:paragraph -->\n<p>Dans le m\u00eame esprit, on retrouve les exploitations agricoles ouvertes au public. Bien qu\u2019elle garde leur fonction initiale de production, les exploitations agricoles peuvent \u00e9galement accueillir  adultes et enfants dans un contexte scolaire ou non. Vous partagerez un moment de d\u00e9couverte \u00e0 travers les animaux, la culture et les m\u00e9tiers de l\u2019agriculture. Louer une ferme pour les vacances et \u00e0 vous les vastes prairies !<\/p>\n<!-- \/wp:paragraph -->\n<!-- wp:paragraph -->\n<p>Trouvez une <a href=\"https:\/\/www.abritel.fr\/search\/keywords:france\/filter:60\">location \u00e0 la ferme en France<\/a>, <a href=\"https:\/\/www.abritel.fr\/search\/keywords:angleterre-royaume-uni\/filter:60\">location ferme en Angleterre<\/a>, <a href=\"https:\/\/www.abritel.fr\/search\/keywords:espagne\/filter:60\">ferme en location en Espagne<\/a>, <a href=\"https:\/\/www.abritel.fr\/search\/keywords:italie\/filter:60\">location ferme en Italie<\/a> ou <a href=\"https:\/\/www.abritel.fr\/search\/keywords:portugal\/filter:60\">Ferme \u00e0 louer au Portugal<\/a><\/p>\n<!-- \/wp:paragraph -->\n","protected":false},"excerpt":{"rendered":"<p>Vous souhaitez passer vos vacances en pleine nature afin de d\u00e9couvrir le monde rural ? Et si vous passiez des vacances \u00e0 la ferme ? C&#8217;est l&#8217;occasion de rencontrer des personnes qui ont choisi la vie rurale et de d\u00e9couvrir les bons produits du terroir. Toutes les locations de ferme dans le monde > Location&#8230;<\/p>\n","protected":false},"author":1,"featured_media":5385,"comment_status":"closed","ping_status":"closed","sticky":false,"template":"","format":"standard","meta":[],"categories":[56],"tags":[],"acf":[],"yoast_head":"<!-- This site is optimized with the Yoast SEO plugin v19.12 - https:\/\/yoast.com\/wordpress\/plugins\/seo\/ -->\n<title>Location ferme, Vacances \u00e0 la ferme et tourisme rural<\/title>\n<meta name=\"description\" content=\"Vacances \u00e0 la ferme. D\u00e9couvrez toutes nos offres de fermes en location. Louer une ferme en Bretagne, Alsace, Indre pour les vacances\" \/>\n<meta name=\"robots\" content=\"index, follow, max-snippet:-1, max-image-preview:large, max-video-preview:-1\" \/>\n<link rel=\"canonical\" href=\"https:\/\/www.abritel.fr\/guides-voyage\/type-de-vacances\/insolite\/location-ferme\" \/>\n<meta property=\"og:locale\" content=\"en_US\" \/>\n<meta property=\"og:type\" content=\"article\" \/>\n<meta property=\"og:title\" content=\"Location ferme, Vacances \u00e0 la ferme et tourisme rural\" \/>\n<meta property=\"og:description\" content=\"Vacances \u00e0 la ferme. D\u00e9couvrez toutes nos offres de fermes en location. Louer une ferme en Bretagne, Alsace, Indre pour les vacances\" \/>\n<meta property=\"og:url\" content=\"https:\/\/www.abritel.fr\/guides-voyage\/type-de-vacances\/insolite\/location-ferme\" \/>\n<meta property=\"og:site_name\" content=\"Abritel\" \/>\n<meta property=\"article:published_time\" content=\"2019-09-30T00:00:00+00:00\" \/>\n<meta name=\"author\" content=\"vrbous_admin\" \/>\n<meta name=\"twitter:card\" content=\"summary_large_image\" \/>\n<meta name=\"twitter:label1\" content=\"Written by\" \/>\n\t<meta name=\"twitter:data1\" content=\"vrbous_admin\" \/>\n\t<meta name=\"twitter:label2\" content=\"Est. reading time\" \/>\n\t<meta name=\"twitter:data2\" content=\"2 minutes\" \/>\n<script type=\"application\/ld+json\" class=\"yoast-schema-graph\">{\"@context\":\"https:\/\/schema.org\",\"@graph\":[{\"@type\":\"WebPage\",\"@id\":\"https:\/\/www.abritel.fr\/guides-voyage\/type-de-vacances\/insolite\/location-ferme\",\"url\":\"https:\/\/www.abritel.fr\/guides-voyage\/type-de-vacances\/insolite\/location-ferme\",\"name\":\"Location ferme, Vacances \u00e0 la ferme et tourisme rural\",\"isPartOf\":{\"@id\":\"https:\/\/www.abritel.fr\/guides-voyage\/#website\"},\"datePublished\":\"2019-09-30T00:00:00+00:00\",\"dateModified\":\"2019-09-30T00:00:00+00:00\",\"author\":{\"@id\":\"https:\/\/www.abritel.fr\/guides-voyage\/#\/schema\/person\/520e43ecbb88d854b065acd2b48b42d2\"},\"description\":\"Vacances \u00e0 la ferme. D\u00e9couvrez toutes nos offres de fermes en location. Louer une ferme en Bretagne, Alsace, Indre pour les vacances\",\"breadcrumb\":{\"@id\":\"https:\/\/www.abritel.fr\/guides-voyage\/type-de-vacances\/insolite\/location-ferme#breadcrumb\"},\"inLanguage\":\"en-US\",\"potentialAction\":[{\"@type\":\"ReadAction\",\"target\":[\"https:\/\/www.abritel.fr\/guides-voyage\/type-de-vacances\/insolite\/location-ferme\"]}]},{\"@type\":\"BreadcrumbList\",\"@id\":\"https:\/\/www.abritel.fr\/guides-voyage\/type-de-vacances\/insolite\/location-ferme#breadcrumb\",\"itemListElement\":[{\"@type\":\"ListItem\",\"position\":1,\"name\":\"Home\",\"item\":\"https:\/\/www.abritel.fr\/guides-voyage\/\"},{\"@type\":\"ListItem\",\"position\":2,\"name\":\"Types de vacances\",\"item\":\"https:\/\/www.abritel.fr\/guides-voyage\/type-de-vacances\"},{\"@type\":\"ListItem\",\"position\":3,\"name\":\"Insolite\",\"item\":\"https:\/\/www.abritel.fr\/guides-voyage\/type-de-vacances\/insolite\"},{\"@type\":\"ListItem\",\"position\":4,\"name\":\"Louer une ferme pour les vacances\"}]},{\"@type\":\"WebSite\",\"@id\":\"https:\/\/www.abritel.fr\/guides-voyage\/#website\",\"url\":\"https:\/\/www.abritel.fr\/guides-voyage\/\",\"name\":\"Abritel\",\"description\":\"Abritel\",\"potentialAction\":[{\"@type\":\"SearchAction\",\"target\":{\"@type\":\"EntryPoint\",\"urlTemplate\":\"https:\/\/www.abritel.fr\/guides-voyage\/?s={search_term_string}\"},\"query-input\":\"required name=search_term_string\"}],\"inLanguage\":\"en-US\"},{\"@type\":\"Person\",\"@id\":\"https:\/\/www.abritel.fr\/guides-voyage\/#\/schema\/person\/520e43ecbb88d854b065acd2b48b42d2\",\"name\":\"vrbous_admin\",\"image\":{\"@type\":\"ImageObject\",\"inLanguage\":\"en-US\",\"@id\":\"https:\/\/www.abritel.fr\/guides-voyage\/#\/schema\/person\/image\/\",\"url\":\"https:\/\/secure.gravatar.com\/avatar\/34fbaa9832585e9f68574cb233fe8d82?s=96&d=mm&r=g\",\"contentUrl\":\"https:\/\/secure.gravatar.com\/avatar\/34fbaa9832585e9f68574cb233fe8d82?s=96&d=mm&r=g\",\"caption\":\"vrbous_admin\"},\"sameAs\":[\"https:\/\/vrbous.web\"],\"url\":\"https:\/\/www.abritel.fr\/guides-voyage\/author\/vrbous_admin\"}]}<\/script>\n<!-- \/ Yoast SEO plugin. -->","yoast_head_json":{"title":"Location ferme, Vacances \u00e0 la ferme et tourisme rural","description":"Vacances \u00e0 la ferme. D\u00e9couvrez toutes nos offres de fermes en location. Louer une ferme en Bretagne, Alsace, Indre pour les vacances","robots":{"index":"index","follow":"follow","max-snippet":"max-snippet:-1","max-image-preview":"max-image-preview:large","max-video-preview":"max-video-preview:-1"},"canonical":"https:\/\/www.abritel.fr\/guides-voyage\/type-de-vacances\/insolite\/location-ferme","og_locale":"en_US","og_type":"article","og_title":"Location ferme, Vacances \u00e0 la ferme et tourisme rural","og_description":"Vacances \u00e0 la ferme. D\u00e9couvrez toutes nos offres de fermes en location. Louer une ferme en Bretagne, Alsace, Indre pour les vacances","og_url":"https:\/\/www.abritel.fr\/guides-voyage\/type-de-vacances\/insolite\/location-ferme","og_site_name":"Abritel","article_published_time":"2019-09-30T00:00:00+00:00","author":"vrbous_admin","twitter_card":"summary_large_image","twitter_misc":{"Written by":"vrbous_admin","Est. reading time":"2 minutes"},"schema":{"@context":"https:\/\/schema.org","@graph":[{"@type":"WebPage","@id":"https:\/\/www.abritel.fr\/guides-voyage\/type-de-vacances\/insolite\/location-ferme","url":"https:\/\/www.abritel.fr\/guides-voyage\/type-de-vacances\/insolite\/location-ferme","name":"Location ferme, Vacances \u00e0 la ferme et tourisme rural","isPartOf":{"@id":"https:\/\/www.abritel.fr\/guides-voyage\/#website"},"datePublished":"2019-09-30T00:00:00+00:00","dateModified":"2019-09-30T00:00:00+00:00","author":{"@id":"https:\/\/www.abritel.fr\/guides-voyage\/#\/schema\/person\/520e43ecbb88d854b065acd2b48b42d2"},"description":"Vacances \u00e0 la ferme. D\u00e9couvrez toutes nos offres de fermes en location. Louer une ferme en Bretagne, Alsace, Indre pour les vacances","breadcrumb":{"@id":"https:\/\/www.abritel.fr\/guides-voyage\/type-de-vacances\/insolite\/location-ferme#breadcrumb"},"inLanguage":"en-US","potentialAction":[{"@type":"ReadAction","target":["https:\/\/www.abritel.fr\/guides-voyage\/type-de-vacances\/insolite\/location-ferme"]}]},{"@type":"BreadcrumbList","@id":"https:\/\/www.abritel.fr\/guides-voyage\/type-de-vacances\/insolite\/location-ferme#breadcrumb","itemListElement":[{"@type":"ListItem","position":1,"name":"Home","item":"https:\/\/www.abritel.fr\/guides-voyage\/"},{"@type":"ListItem","position":2,"name":"Types de vacances","item":"https:\/\/www.abritel.fr\/guides-voyage\/type-de-vacances"},{"@type":"ListItem","position":3,"name":"Insolite","item":"https:\/\/www.abritel.fr\/guides-voyage\/type-de-vacances\/insolite"},{"@type":"ListItem","position":4,"name":"Louer une ferme pour les vacances"}]},{"@type":"WebSite","@id":"https:\/\/www.abritel.fr\/guides-voyage\/#website","url":"https:\/\/www.abritel.fr\/guides-voyage\/","name":"Abritel","description":"Abritel","potentialAction":[{"@type":"SearchAction","target":{"@type":"EntryPoint","urlTemplate":"https:\/\/www.abritel.fr\/guides-voyage\/?s={search_term_string}"},"query-input":"required name=search_term_string"}],"inLanguage":"en-US"},{"@type":"Person","@id":"https:\/\/www.abritel.fr\/guides-voyage\/#\/schema\/person\/520e43ecbb88d854b065acd2b48b42d2","name":"vrbous_admin","image":{"@type":"ImageObject","inLanguage":"en-US","@id":"https:\/\/www.abritel.fr\/guides-voyage\/#\/schema\/person\/image\/","url":"https:\/\/secure.gravatar.com\/avatar\/34fbaa9832585e9f68574cb233fe8d82?s=96&d=mm&r=g","contentUrl":"https:\/\/secure.gravatar.com\/avatar\/34fbaa9832585e9f68574cb233fe8d82?s=96&d=mm&r=g","caption":"vrbous_admin"},"sameAs":["https:\/\/vrbous.web"],"url":"https:\/\/www.abritel.fr\/guides-voyage\/author\/vrbous_admin"}]}},"_links":{"self":[{"href":"https:\/\/www.abritel.fr\/guides-voyage\/wp-json\/wp\/v2\/posts\/5384"}],"collection":[{"href":"https:\/\/www.abritel.fr\/guides-voyage\/wp-json\/wp\/v2\/posts"}],"about":[{"href":"https:\/\/www.abritel.fr\/guides-voyage\/wp-json\/wp\/v2\/types\/post"}],"author":[{"embeddable":true,"href":"https:\/\/www.abritel.fr\/guides-voyage\/wp-json\/wp\/v2\/users\/1"}],"replies":[{"embeddable":true,"href":"https:\/\/www.abritel.fr\/guides-voyage\/wp-json\/wp\/v2\/comments?post=5384"}],"version-history":[{"count":0,"href":"https:\/\/www.abritel.fr\/guides-voyage\/wp-json\/wp\/v2\/posts\/5384\/revisions"}],"wp:featuredmedia":[{"embeddable":true,"href":"https:\/\/www.abritel.fr\/guides-voyage\/wp-json\/wp\/v2\/media\/5385"}],"wp:attachment":[{"href":"https:\/\/www.abritel.fr\/guides-voyage\/wp-json\/wp\/v2\/media?parent=5384"}],"wp:term":[{"taxonomy":"category","embeddable":true,"href":"https:\/\/www.abritel.fr\/guides-voyage\/wp-json\/wp\/v2\/categories?post=5384"},{"taxonomy":"post_tag","embeddable":true,"href":"https:\/\/www.abritel.fr\/guides-voyage\/wp-json\/wp\/v2\/tags?post=5384"}],"curies":[{"name":"wp","href":"https:\/\/api.w.org\/{rel}","templated":true}]}}