{"id":5370,"date":"2019-09-30T00:00:00","date_gmt":"2019-09-30T00:00:00","guid":{"rendered":""},"modified":"2019-09-30T00:00:00","modified_gmt":"2019-09-30T00:00:00","slug":"massif-cevennes","status":"publish","type":"post","link":"https:\/\/www.abritel.fr\/guides-voyage\/destinations\/locations-vacances-france\/massif-cevennes","title":{"rendered":"Le Massif des C\u00e9vennes"},"content":{"rendered":"\n<p>Cet \u00e9t\u00e9, partez dans la France profonde, l\u00e0 o\u00f9 la nature a \u00e9t\u00e9 pr\u00e9serv\u00e9e, et o\u00f9 vous pourrez passer des vacances au calme, \u00e0 admirer des paysages \u00e9poustouflants. Ce petit guide touristique vous propose de partir \u00e0 la d\u00e9couverte du Massif des C\u00e9vennes.<\/p>\n\n\n<p><a href=\"https:\/\/www.abritel.fr\/search\/keywords:parc-national-des-c\u00e9vennes-occitanie-france\">Toutes les locations dans les C\u00e9vennes ><\/a><\/p>\n\n\n<p>Cette cha\u00eene montagneuse situ\u00e9e \u00e0 cheval sur la Loz\u00e8re, le Gard et l&#8217;Ard\u00e8che, regorge de splendeurs que vous ne vous lasserez pas d&#8217;observer. R\u00e9servez une villa en location et direction les vacances !<\/p>\n\n\n<h2>Une r\u00e9gion de France <a name=\"pour_les_amoureux_du_grand_air\">pour les amoureux du grand air<\/a><\/h2>\n\n\n<p>Si vous appr\u00e9ciez les promenades au grand air et les randonn\u00e9es en pleine nature, vous ne serez pas d\u00e9\u00e7u en choisissant le Massif des C\u00e9vennes pour vos prochaines vacances. Dans cette partie de la France, tout est fait pour le confort des marcheurs et des amoureux du sport. Vous aurez le loisir de parcourir pr\u00e8s de 2 000 kilom\u00e8tres de sentiers balis\u00e9s.<\/p>\n\n\n<p>Pour les grands sportifs, il existe un circuit de grande randonn\u00e9e, le GR7, avec de nombreux d\u00e9riv\u00e9s. Si la longue marche ne vous fait pas peur, empruntez donc ce parcours qui vous m\u00e8nera au coeur de la Vall\u00e9e Fran\u00e7aise. Un peu plus court, le tour du Mont Loz\u00e8re vous permettra d&#8217;appr\u00e9cier les charmes de la nature c\u00e9venole en seulement 110 petits kilom\u00e8tres.<\/p>\n\n\n<p>Le Massif des C\u00e9vennes poss\u00e8de \u00e9galement des parcours moins \u00e9puisants, qui vous entra\u00eeneront pendant quelques heures, au coeur de la faune et la flore de cette magnifique r\u00e9gion de France. Prenez le temps d&#8217;appr\u00e9cier les nombreux sentiers d&#8217;interpr\u00e9tation de la nature qui jalonnent ce territoire.<\/p>\n\n\n<p>Vous aurez \u00e9galement le plaisir de parcourir le parc national des C\u00e9vennes, situ\u00e9 au coeur du Massif Central. Si la faune et la flore r\u00e9gionales vous int\u00e9ressent, sachez que des visites guid\u00e9es du parc sont organis\u00e9es en \u00e9t\u00e9, afin d&#8217;en apprendre un peu plus sur cette r\u00e9gion magique.<\/p>\n\n\n<h2>Le <a name=\"Massif_des_C\u00e9vennes\">Massif des C\u00e9vennes<\/a>, un patrimoine riche \u00e0 d\u00e9couvrir<\/h2>\n\n\n<p>Grottes, ch\u00e2teaux, petits villages et patrimoine religieux vous attendent pour des vacances reposantes et culturelles. Confortablement install\u00e9 dans votre maison en location au coeur du Massif des C\u00e9vennes, vous pourrez partir \u00e0 la d\u00e9couverte des richesses de la r\u00e9gion.<\/p>\n\n\n<p> Commencez donc par faire un petit tour \u00e0 <a href=\"https:\/\/www.abritel.fr\/search\/keywords:al\u00e8s-occitanie-france\">Al\u00e8s<\/a>, la \u00ab capitale des C\u00e9vennes \u00bb. Vous pourrez y appr\u00e9cier les ar\u00e8nes du Temperas, ainsi que le fort dit Vauban, class\u00e9 aux Monuments Historiques. Afin dans apprendre un peu plus sur l&#8217;histoire de la ville et de ses alentours, passez donc par la Mine t\u00e9moin, elle retrace pour vous l&#8217;histoire du charbon et de l&#8217;ancienne \u00e9conomie locale. A proximit\u00e9, c&#8217;est la bambouseraie d&#8217;Anduze qui vous offre ses portes avec plaisir. Dans un parc de pr\u00e8s de 34 hectares, vous admirerez une superbe for\u00eat de bambous g\u00e9ants, une reproduction de village laotien, ou encore des jardins aquatiques ou japonais. Au c\u0153ur du Massif des C\u00e9vennes, cette petite touche d&#8217;exotisme vous d\u00e9paysera compl\u00e8tement.<\/p>\n\n\n<p>Encore envie d&#8217;en prendre plein les yeux ? Direction <a href=\"https:\/\/www.abritel.fr\/search\/keywords:saint-jean-du-gard-occitanie-france\">Saint-Jean-du-Gard<\/a>, la Perle des C\u00e9vennes. Ce charmant village c\u00e9venol offre \u00e0 votre vue des charmes ind\u00e9niables. De la Tour de l&#8217;Horloge \u00e0 la maison du Chevalier d&#8217;Algues, en passant par les vestiges de l&#8217;oppidum ou par l&#8217;aquarium aux 8 000 poissons, vous ne vous lasserez pas de d\u00e9ambuler dans ce site incroyable. Avant de repartir vers votre location de vacances, arr\u00eatez vous quelques instants \u00e0 <a href=\"https:\/\/www.abritel.fr\/search\/keywords:saint-jean-du-gard-occitanie-france\">Florac<\/a>, le si\u00e8ge du parc national des C\u00e9vennes. Vous y d\u00e9couvrirez la maison de la Congr\u00e9gation de la Pr\u00e9sentation de Bourg Saint-And\u00e9ol, un ancien couvent capucin, ou encore le ch\u00e2teau de Florac, si\u00e8ge administratif du parc national et maison d&#8217;accueil d&#8217;expositions.<\/p>\n\n\n<p> Install\u00e9 sous un doux climat m\u00e9diterran\u00e9en, profitant du soleil, vous passerez des vacances tout en douceur. Les amoureux de bonne ch\u00e8re appr\u00e9cieront les nombreuses sp\u00e9cialit\u00e9s gastronomiques locales, comme le fricandeau, un m\u00e9lange de maigre, de gras et d&#8217;abats de porc, cuits dans de la cr\u00e9pine, ou encore, les manouls, un plat assez proche des tripoux. Il est certain que vous ne pourrez vous emp\u00eacher de ramener quelques saucisses s\u00e8ches ou autres jambons crus, la charcuterie est un art de vivre dans le Massif des C\u00e9vennes !<\/p>\n\n","protected":false},"excerpt":{"rendered":"<p>Cet \u00e9t\u00e9, partez dans la France profonde, l\u00e0 o\u00f9 la nature a \u00e9t\u00e9 pr\u00e9serv\u00e9e, et o\u00f9 vous pourrez passer des vacances au calme, \u00e0 admirer des paysages \u00e9poustouflants. Ce petit guide touristique vous propose de partir \u00e0 la d\u00e9couverte du Massif des C\u00e9vennes. Toutes les locations dans les C\u00e9vennes > Cette cha\u00eene montagneuse situ\u00e9e \u00e0&#8230;<\/p>\n","protected":false},"author":1,"featured_media":5371,"comment_status":"closed","ping_status":"closed","sticky":false,"template":"","format":"standard","meta":[],"categories":[66],"tags":[],"acf":[],"yoast_head":"<!-- This site is optimized with the Yoast SEO plugin v19.12 - https:\/\/yoast.com\/wordpress\/plugins\/seo\/ -->\n<title>Location vacances Cevennes - Maison, gite parc des C\u00e9vennes<\/title>\n<meta name=\"description\" content=\"Vacances dans les C\u00e9vennes : trouvez votre location \u00e0 proximit\u00e9 des plus beaux sites des C\u00e9vennes : maison, gite, camping, chambre d&#039;h\u00f4tes dans le Parc des C\u00e9vennes\" \/>\n<meta name=\"robots\" content=\"index, follow, max-snippet:-1, max-image-preview:large, max-video-preview:-1\" \/>\n<link rel=\"canonical\" href=\"https:\/\/www.abritel.fr\/guides-voyage\/destinations\/locations-vacances-france\/massif-cevennes\" \/>\n<meta property=\"og:locale\" content=\"en_US\" \/>\n<meta property=\"og:type\" content=\"article\" \/>\n<meta property=\"og:title\" content=\"Location vacances Cevennes - Maison, gite parc des C\u00e9vennes\" \/>\n<meta property=\"og:description\" content=\"Vacances dans les C\u00e9vennes : trouvez votre location \u00e0 proximit\u00e9 des plus beaux sites des C\u00e9vennes : maison, gite, camping, chambre d&#039;h\u00f4tes dans le Parc des C\u00e9vennes\" \/>\n<meta property=\"og:url\" content=\"https:\/\/www.abritel.fr\/guides-voyage\/destinations\/locations-vacances-france\/massif-cevennes\" \/>\n<meta property=\"og:site_name\" content=\"Abritel\" \/>\n<meta property=\"article:published_time\" content=\"2019-09-30T00:00:00+00:00\" \/>\n<meta name=\"author\" content=\"vrbous_admin\" \/>\n<meta name=\"twitter:card\" content=\"summary_large_image\" \/>\n<meta name=\"twitter:label1\" content=\"Written by\" \/>\n\t<meta name=\"twitter:data1\" content=\"vrbous_admin\" \/>\n\t<meta name=\"twitter:label2\" content=\"Est. reading time\" \/>\n\t<meta name=\"twitter:data2\" content=\"4 minutes\" \/>\n<script type=\"application\/ld+json\" class=\"yoast-schema-graph\">{\"@context\":\"https:\/\/schema.org\",\"@graph\":[{\"@type\":\"WebPage\",\"@id\":\"https:\/\/www.abritel.fr\/guides-voyage\/destinations\/locations-vacances-france\/massif-cevennes\",\"url\":\"https:\/\/www.abritel.fr\/guides-voyage\/destinations\/locations-vacances-france\/massif-cevennes\",\"name\":\"Location vacances Cevennes - Maison, gite parc des C\u00e9vennes\",\"isPartOf\":{\"@id\":\"https:\/\/www.abritel.fr\/guides-voyage\/#website\"},\"datePublished\":\"2019-09-30T00:00:00+00:00\",\"dateModified\":\"2019-09-30T00:00:00+00:00\",\"author\":{\"@id\":\"https:\/\/www.abritel.fr\/guides-voyage\/#\/schema\/person\/520e43ecbb88d854b065acd2b48b42d2\"},\"description\":\"Vacances dans les C\u00e9vennes : trouvez votre location \u00e0 proximit\u00e9 des plus beaux sites des C\u00e9vennes : maison, gite, camping, chambre d'h\u00f4tes dans le Parc des C\u00e9vennes\",\"breadcrumb\":{\"@id\":\"https:\/\/www.abritel.fr\/guides-voyage\/destinations\/locations-vacances-france\/massif-cevennes#breadcrumb\"},\"inLanguage\":\"en-US\",\"potentialAction\":[{\"@type\":\"ReadAction\",\"target\":[\"https:\/\/www.abritel.fr\/guides-voyage\/destinations\/locations-vacances-france\/massif-cevennes\"]}]},{\"@type\":\"BreadcrumbList\",\"@id\":\"https:\/\/www.abritel.fr\/guides-voyage\/destinations\/locations-vacances-france\/massif-cevennes#breadcrumb\",\"itemListElement\":[{\"@type\":\"ListItem\",\"position\":1,\"name\":\"Home\",\"item\":\"https:\/\/www.abritel.fr\/guides-voyage\/\"},{\"@type\":\"ListItem\",\"position\":2,\"name\":\"Destinations\",\"item\":\"https:\/\/www.abritel.fr\/guides-voyage\/destinations\"},{\"@type\":\"ListItem\",\"position\":3,\"name\":\"Locations de vacances en France\",\"item\":\"https:\/\/www.abritel.fr\/guides-voyage\/destinations\/locations-vacances-france\"},{\"@type\":\"ListItem\",\"position\":4,\"name\":\"Le Massif des C\u00e9vennes\"}]},{\"@type\":\"WebSite\",\"@id\":\"https:\/\/www.abritel.fr\/guides-voyage\/#website\",\"url\":\"https:\/\/www.abritel.fr\/guides-voyage\/\",\"name\":\"Abritel\",\"description\":\"Abritel\",\"potentialAction\":[{\"@type\":\"SearchAction\",\"target\":{\"@type\":\"EntryPoint\",\"urlTemplate\":\"https:\/\/www.abritel.fr\/guides-voyage\/?s={search_term_string}\"},\"query-input\":\"required name=search_term_string\"}],\"inLanguage\":\"en-US\"},{\"@type\":\"Person\",\"@id\":\"https:\/\/www.abritel.fr\/guides-voyage\/#\/schema\/person\/520e43ecbb88d854b065acd2b48b42d2\",\"name\":\"vrbous_admin\",\"image\":{\"@type\":\"ImageObject\",\"inLanguage\":\"en-US\",\"@id\":\"https:\/\/www.abritel.fr\/guides-voyage\/#\/schema\/person\/image\/\",\"url\":\"https:\/\/secure.gravatar.com\/avatar\/34fbaa9832585e9f68574cb233fe8d82?s=96&d=mm&r=g\",\"contentUrl\":\"https:\/\/secure.gravatar.com\/avatar\/34fbaa9832585e9f68574cb233fe8d82?s=96&d=mm&r=g\",\"caption\":\"vrbous_admin\"},\"sameAs\":[\"https:\/\/vrbous.web\"],\"url\":\"https:\/\/www.abritel.fr\/guides-voyage\/author\/vrbous_admin\"}]}<\/script>\n<!-- \/ Yoast SEO plugin. -->","yoast_head_json":{"title":"Location vacances Cevennes - Maison, gite parc des C\u00e9vennes","description":"Vacances dans les C\u00e9vennes : trouvez votre location \u00e0 proximit\u00e9 des plus beaux sites des C\u00e9vennes : maison, gite, camping, chambre d'h\u00f4tes dans le Parc des C\u00e9vennes","robots":{"index":"index","follow":"follow","max-snippet":"max-snippet:-1","max-image-preview":"max-image-preview:large","max-video-preview":"max-video-preview:-1"},"canonical":"https:\/\/www.abritel.fr\/guides-voyage\/destinations\/locations-vacances-france\/massif-cevennes","og_locale":"en_US","og_type":"article","og_title":"Location vacances Cevennes - Maison, gite parc des C\u00e9vennes","og_description":"Vacances dans les C\u00e9vennes : trouvez votre location \u00e0 proximit\u00e9 des plus beaux sites des C\u00e9vennes : maison, gite, camping, chambre d'h\u00f4tes dans le Parc des C\u00e9vennes","og_url":"https:\/\/www.abritel.fr\/guides-voyage\/destinations\/locations-vacances-france\/massif-cevennes","og_site_name":"Abritel","article_published_time":"2019-09-30T00:00:00+00:00","author":"vrbous_admin","twitter_card":"summary_large_image","twitter_misc":{"Written by":"vrbous_admin","Est. reading time":"4 minutes"},"schema":{"@context":"https:\/\/schema.org","@graph":[{"@type":"WebPage","@id":"https:\/\/www.abritel.fr\/guides-voyage\/destinations\/locations-vacances-france\/massif-cevennes","url":"https:\/\/www.abritel.fr\/guides-voyage\/destinations\/locations-vacances-france\/massif-cevennes","name":"Location vacances Cevennes - Maison, gite parc des C\u00e9vennes","isPartOf":{"@id":"https:\/\/www.abritel.fr\/guides-voyage\/#website"},"datePublished":"2019-09-30T00:00:00+00:00","dateModified":"2019-09-30T00:00:00+00:00","author":{"@id":"https:\/\/www.abritel.fr\/guides-voyage\/#\/schema\/person\/520e43ecbb88d854b065acd2b48b42d2"},"description":"Vacances dans les C\u00e9vennes : trouvez votre location \u00e0 proximit\u00e9 des plus beaux sites des C\u00e9vennes : maison, gite, camping, chambre d'h\u00f4tes dans le Parc des C\u00e9vennes","breadcrumb":{"@id":"https:\/\/www.abritel.fr\/guides-voyage\/destinations\/locations-vacances-france\/massif-cevennes#breadcrumb"},"inLanguage":"en-US","potentialAction":[{"@type":"ReadAction","target":["https:\/\/www.abritel.fr\/guides-voyage\/destinations\/locations-vacances-france\/massif-cevennes"]}]},{"@type":"BreadcrumbList","@id":"https:\/\/www.abritel.fr\/guides-voyage\/destinations\/locations-vacances-france\/massif-cevennes#breadcrumb","itemListElement":[{"@type":"ListItem","position":1,"name":"Home","item":"https:\/\/www.abritel.fr\/guides-voyage\/"},{"@type":"ListItem","position":2,"name":"Destinations","item":"https:\/\/www.abritel.fr\/guides-voyage\/destinations"},{"@type":"ListItem","position":3,"name":"Locations de vacances en France","item":"https:\/\/www.abritel.fr\/guides-voyage\/destinations\/locations-vacances-france"},{"@type":"ListItem","position":4,"name":"Le Massif des C\u00e9vennes"}]},{"@type":"WebSite","@id":"https:\/\/www.abritel.fr\/guides-voyage\/#website","url":"https:\/\/www.abritel.fr\/guides-voyage\/","name":"Abritel","description":"Abritel","potentialAction":[{"@type":"SearchAction","target":{"@type":"EntryPoint","urlTemplate":"https:\/\/www.abritel.fr\/guides-voyage\/?s={search_term_string}"},"query-input":"required name=search_term_string"}],"inLanguage":"en-US"},{"@type":"Person","@id":"https:\/\/www.abritel.fr\/guides-voyage\/#\/schema\/person\/520e43ecbb88d854b065acd2b48b42d2","name":"vrbous_admin","image":{"@type":"ImageObject","inLanguage":"en-US","@id":"https:\/\/www.abritel.fr\/guides-voyage\/#\/schema\/person\/image\/","url":"https:\/\/secure.gravatar.com\/avatar\/34fbaa9832585e9f68574cb233fe8d82?s=96&d=mm&r=g","contentUrl":"https:\/\/secure.gravatar.com\/avatar\/34fbaa9832585e9f68574cb233fe8d82?s=96&d=mm&r=g","caption":"vrbous_admin"},"sameAs":["https:\/\/vrbous.web"],"url":"https:\/\/www.abritel.fr\/guides-voyage\/author\/vrbous_admin"}]}},"_links":{"self":[{"href":"https:\/\/www.abritel.fr\/guides-voyage\/wp-json\/wp\/v2\/posts\/5370"}],"collection":[{"href":"https:\/\/www.abritel.fr\/guides-voyage\/wp-json\/wp\/v2\/posts"}],"about":[{"href":"https:\/\/www.abritel.fr\/guides-voyage\/wp-json\/wp\/v2\/types\/post"}],"author":[{"embeddable":true,"href":"https:\/\/www.abritel.fr\/guides-voyage\/wp-json\/wp\/v2\/users\/1"}],"replies":[{"embeddable":true,"href":"https:\/\/www.abritel.fr\/guides-voyage\/wp-json\/wp\/v2\/comments?post=5370"}],"version-history":[{"count":0,"href":"https:\/\/www.abritel.fr\/guides-voyage\/wp-json\/wp\/v2\/posts\/5370\/revisions"}],"wp:featuredmedia":[{"embeddable":true,"href":"https:\/\/www.abritel.fr\/guides-voyage\/wp-json\/wp\/v2\/media\/5371"}],"wp:attachment":[{"href":"https:\/\/www.abritel.fr\/guides-voyage\/wp-json\/wp\/v2\/media?parent=5370"}],"wp:term":[{"taxonomy":"category","embeddable":true,"href":"https:\/\/www.abritel.fr\/guides-voyage\/wp-json\/wp\/v2\/categories?post=5370"},{"taxonomy":"post_tag","embeddable":true,"href":"https:\/\/www.abritel.fr\/guides-voyage\/wp-json\/wp\/v2\/tags?post=5370"}],"curies":[{"name":"wp","href":"https:\/\/api.w.org\/{rel}","templated":true}]}}