{"id":5318,"date":"2019-09-30T00:00:00","date_gmt":"2019-09-30T00:00:00","guid":{"rendered":""},"modified":"2019-09-30T00:00:00","modified_gmt":"2019-09-30T00:00:00","slug":"top-10-lacs-france","status":"publish","type":"post","link":"https:\/\/www.abritel.fr\/guides-voyage\/destinations\/locations-vacances-france\/top-10-lacs-france","title":{"rendered":"Top 10 des plus beaux lacs de France"},"content":{"rendered":"\n<p>La France, l\u2019autre pays des lacs ? C\u2019est une distinction \u00e0 laquelle pourrait pr\u00e9tendre notre ch\u00e8re Nation, tant elle rec\u00e8le de magnifiques lacs dont voici une s\u00e9lection parmi les plus beaux.<\/p>\n\n\n<h2><a name=\"10._Lac_d\u2019O\u00f4\">10. Lac d\u2019O\u00f4<\/a> (Haute-garonne)<\/h2>\n\n<figure class=\"wp-block-image size-large is-resized\"><img decoding=\"async\" loading=\"lazy\" class=\"wp-image-11 alignalignfull-width\" src=\"\/guides-voyage\/wp-content\/uploads\/58DUin2rKyg6hX9QzJE5ts\/354ffdce8ea6569f3204eea6e2fc3707\/Le_Lac_d-Oo_1__5921039404_.jpg\" alt=\"Le Lac d'O\u00f4 #1, by Gr\u00e9gory Tonon from Toulouse, France\"><\/figure>\n<p>Connu pour sa grande cascade de 275 m\u00e8tres de hauteur qui d\u00e9verse l\u2019eau du lac d\u2019Espingo dans celle du lac d\u2019O\u00f4. L\u2019acc\u00e8s se fait par un sentier de Grande Randonn\u00e9e (GR 10).<\/p>\n\n\n<p><a href=\"https:\/\/www.abritel.fr\/search\/keywords:haute-garonne-occitanie-france\">Locations de vacances en Haute-Garonne ><\/a><\/p>\n\n\n<hr class=\"wp-block-separator has-alpha-channel-opacity\"\/>\n\n\n<h2><a name=\"9.__Lac_de_Serre-Pon\u00e7on\">9.  Lac de Serre-Pon\u00e7on<\/a> (Hautes-alpes \/ Alpes-de-haute-provence)<\/h2>\n\n<figure class=\"wp-block-image size-large is-resized\"><img decoding=\"async\" loading=\"lazy\" class=\"wp-image-11 alignalignfull-width\" src=\"\/guides-voyage\/wp-content\/uploads\/5Yunrnoj3sSgbjRnqsjaJa\/dc99ab94653aaea666351f0a239cfa64\/mael-balland-ci54RiX3u6A-unsplash.jpg\" alt=\" Lac de Serre-Pon\u00e7on, France, photo by Mael BALLAND on Unsplash\"><\/figure>\n<p>Cr\u00e9\u00e9 en m\u00eame temps que le barrage sur la Durance, le lac de Serre-Pon\u00e7on se distingue par la pr\u00e9sence singuli\u00e8re d\u2019une chapelle d\u00e9di\u00e9e \u00e0 Saint-Michel \u00e9lev\u00e9e sur un petit \u00eelot.<\/p>\n\n\n<p><a href=\"https:\/\/www.abritel.fr\/search\/keywords:lac-de-serre-pon\u00e7on-pontis-paca-france\/filter:35\">> Locations de vacances pr\u00e8s du lac de Serre Pon\u00e7on<\/a><\/p>\n\n\n<hr class=\"wp-block-separator has-alpha-channel-opacity\"\/>\n\n\n<h2><a name=\"8._Lac_du_Bourget\">8. Lac du Bourget<\/a> (Savoie)<\/h2>\n\n<figure class=\"wp-block-image size-large is-resized\"><img decoding=\"async\" loading=\"lazy\" class=\"wp-image-11 alignalignfull-width\" src=\"\/guides-voyage\/wp-content\/uploads\/2ODrZ2z4JpwertPthzkEOp\/fcab3a56b74bb7f952542de371d63916\/flower-223065_1920.jpg\" alt=\"Lac du bourget, image par alltimunii de Pixabay \"><\/figure>\n<p>Au c\u0153ur du Massif du Jura, le lac du Bourget, \u00e9galement appel\u00e9 lac d\u2019Aix, fut form\u00e9 naturellement il y a pr\u00e8s de 20 000 ans. C\u2019est le plus grand lac naturel d\u2019origine glaci\u00e8re en France.<\/p>\n\n\n<p><a href=\"https:\/\/www.abritel.fr\/search\/keywords:savoie-auvergne-rh\u00f4ne-alpes-france\">Locations de vacances en Savoie ><\/a><\/p>\n\n\n<hr class=\"wp-block-separator has-alpha-channel-opacity\"\/>\n\n\n<h2><a name=\"7._Lac_Gentau\">7. Lac Gentau<\/a> (Pyr\u00e9n\u00e9es-Atlantiques)<\/h2>\n\n<figure class=\"wp-block-image size-large is-resized\"><img decoding=\"async\" loading=\"lazy\" class=\"wp-image-11 alignalignfull-width\" src=\"\/guides-voyage\/wp-content\/uploads\/3yTefgn3mMyPJe46CwCuYf\/550d331a6ae6785d5f73148f1ca446d1\/mountain-1692031_1920.jpg\" alt=\"Vall\u00e9e d'ossau, image par Jean Etcheverry de Pixabay \"><\/figure>\n<p>Un lac d\u2019origine glaciaire situ\u00e9 \u00e0 pr\u00e8s de 2 000 m d\u2019altitude qui offre une vue magnifique sur le Pic du Midi d\u2019Ossau.<\/p>\n\n\n<p><a href=\"https:\/\/www.abritel.fr\/vacances\/aquitaine\/bearn-pyrenees\/r2594\">Locations de vacances dans la Vall\u00e9e d&#8217;Ossau ><\/a><\/p>\n\n\n<hr class=\"wp-block-separator has-alpha-channel-opacity\"\/>\n\n\n<h2><a name=\"6._Lac_Pavin\">6. Lac Pavin<\/a> (Puy-de-D\u00f4me)<\/h2>\n\n<figure class=\"wp-block-image size-large is-resized\"><img decoding=\"async\" loading=\"lazy\" class=\"wp-image-11 alignalignfull-width\" src=\"\/guides-voyage\/wp-content\/uploads\/1M6PVXyaLIGH39te2COjYh\/b6332a57ad736df2d940eec706a5a0d0\/Lac_Pavin_2016-08-23_n11.jpg\" alt=\"Le lac Pavin, by Marie-Lan Nguyen\"><\/figure>\n<p>Lac d\u2019origine volcanique, le Pavin est r\u00e9put\u00e9 pour ses eaux d\u2019un bleu-nuit impressionnant et pour sa profondeur (92 m\u00e8tres).<\/p>\n\n\n<p><a href=\"https:\/\/www.abritel.fr\/search\/keywords:puy-de-d\u00f4me-auvergne-rh\u00f4ne-alpes-france\">Locations de vacances dans le Puy de D\u00f4me > <\/a><\/p>\n\n\n<hr class=\"wp-block-separator has-alpha-channel-opacity\"\/>\n\n<section id=slider-block_409ec1a70669ff495b589c3fea7cfdf2 class=\"post-slider\">\n            <h2>D\u00e9couvrez nos guides de vacances en famille pr\u00e8s des lacs<\/h2>\n        <div class=\"slider-container\">\n        <ul class=\"post-slides\">\n                                <li>\n                                                    <a href=\"https:\/\/www.abritel.fr\/guides-voyage\/famille\/guide-destinations-famille\/auvergne-rhone-alpes\/activite-famille-annecy\">\n                                                    <figure>\n                                <img decoding=\"async\" loading=\"lazy\" src=\"\" alt=\"slider image\">\n                            <\/figure>\n                            <h3>Top 13 des activit\u00e9s pour enfants \u00e0 Annecy <\/h3>\n                                                    <\/a>\n                                            <\/li> \n                                    <li>\n                                                    <a href=\"https:\/\/www.abritel.fr\/guides-voyage\/famille\/guide-destinations-famille\/auvergne-rhone-alpes\/activite-enfant-haute-savoie\">\n                                                    <figure>\n                                <img decoding=\"async\" loading=\"lazy\" src=\"\" alt=\"slider image\">\n                            <\/figure>\n                            <h3>Top 12 des activit\u00e9s pour enfants en Haute-Savoie <\/h3>\n                                                    <\/a>\n                                            <\/li> \n                                    <li>\n                                                    <a href=\"https:\/\/www.abritel.fr\/guides-voyage\/famille\/guide-destinations-famille\/grand est\/sortie-famille-vosges\">\n                                                    <figure>\n                                <img decoding=\"async\" loading=\"lazy\" src=\"\" alt=\"slider image\">\n                            <\/figure>\n                            <h3>18 sorties en famille pour voir la vie en Vosges<\/h3>\n                                                    <\/a>\n                                            <\/li> \n                                    <li>\n                                                    <a href=\"https:\/\/www.abritel.fr\/guides-voyage\/famille\/guide-destinations-famille\/nouvelle aquitaine\/activite-enfant-gironde\">\n                                                    <figure>\n                                <img decoding=\"async\" loading=\"lazy\" src=\"\" alt=\"slider image\">\n                            <\/figure>\n                            <h3>Top 10 des activit\u00e9s pour enfants en Gironde<\/h3>\n                                                    <\/a>\n                                            <\/li> \n                                    <li>\n                                                    <a href=\"https:\/\/www.abritel.fr\/guides-voyage\/famille\/guide-destinations-famille\/auvergne-rhone-alpes\/activite-famille-annecy\">\n                                                    <figure>\n                                <img decoding=\"async\" loading=\"lazy\" src=\"\" alt=\"slider image\">\n                            <\/figure>\n                            <h3>Top 13 des activit\u00e9s pour enfants \u00e0 Annecy <\/h3>\n                                                    <\/a>\n                                            <\/li> \n                                    <li>\n                                                    <a href=\"https:\/\/www.abritel.fr\/guides-voyage\/famille\/guide-destinations-famille\/auvergne-rhone-alpes\/activite-enfant-haute-savoie\">\n                                                    <figure>\n                                <img decoding=\"async\" loading=\"lazy\" src=\"\" alt=\"slider image\">\n                            <\/figure>\n                            <h3>Top 12 des activit\u00e9s pour enfants en Haute-Savoie <\/h3>\n                                                    <\/a>\n                                            <\/li> \n                                    <li>\n                                                    <a href=\"https:\/\/www.abritel.fr\/guides-voyage\/famille\/guide-destinations-famille\/grand est\/sortie-famille-vosges\">\n                                                    <figure>\n                                <img decoding=\"async\" loading=\"lazy\" src=\"\" alt=\"slider image\">\n                            <\/figure>\n                            <h3>18 sorties en famille pour voir la vie en Vosges<\/h3>\n                                                    <\/a>\n                                            <\/li> \n                                    <li>\n                                                    <a href=\"https:\/\/www.abritel.fr\/guides-voyage\/famille\/guide-destinations-famille\/nouvelle aquitaine\/activite-enfant-gironde\">\n                                                    <figure>\n                                <img decoding=\"async\" loading=\"lazy\" src=\"\" alt=\"slider image\">\n                            <\/figure>\n                            <h3>Top 10 des activit\u00e9s pour enfants en Gironde<\/h3>\n                                                    <\/a>\n                                            <\/li> \n                                    <li>\n                                                    <a href=\"https:\/\/www.abritel.fr\/guides-voyage\/famille\/guide-destinations-famille\/auvergne-rhone-alpes\/activite-famille-annecy\">\n                                                    <figure>\n                                <img decoding=\"async\" loading=\"lazy\" src=\"\" alt=\"slider image\">\n                            <\/figure>\n                            <h3>Top 13 des activit\u00e9s pour enfants \u00e0 Annecy <\/h3>\n                                                    <\/a>\n                                            <\/li> \n                                    <li>\n                                                    <a href=\"https:\/\/www.abritel.fr\/guides-voyage\/famille\/guide-destinations-famille\/auvergne-rhone-alpes\/activite-enfant-haute-savoie\">\n                                                    <figure>\n                                <img decoding=\"async\" loading=\"lazy\" src=\"\" alt=\"slider image\">\n                            <\/figure>\n                            <h3>Top 12 des activit\u00e9s pour enfants en Haute-Savoie <\/h3>\n                                                    <\/a>\n                                            <\/li> \n                                    <li>\n                                                    <a href=\"https:\/\/www.abritel.fr\/guides-voyage\/famille\/guide-destinations-famille\/grand est\/sortie-famille-vosges\">\n                                                    <figure>\n                                <img decoding=\"async\" loading=\"lazy\" src=\"\" alt=\"slider image\">\n                            <\/figure>\n                            <h3>18 sorties en famille pour voir la vie en Vosges<\/h3>\n                                                    <\/a>\n                                            <\/li> \n                                    <li>\n                                                    <a href=\"https:\/\/www.abritel.fr\/guides-voyage\/famille\/guide-destinations-famille\/nouvelle aquitaine\/activite-enfant-gironde\">\n                                                    <figure>\n                                <img decoding=\"async\" loading=\"lazy\" src=\"\" alt=\"slider image\">\n                            <\/figure>\n                            <h3>Top 10 des activit\u00e9s pour enfants en Gironde<\/h3>\n                                                    <\/a>\n                                            <\/li> \n                                    <\/ul>\n                    <div class=\"slider-controls\">\n                <button type=\"button\" class=\"slider-prev\"><i class=\"fa-solid fa-angle-left\"><\/i><\/button>\n                <button type=\"button\" class=\"slider-next\"><i class=\"fa-solid fa-angle-right\"><\/i><\/button>\n            <\/div>\n            <\/div>\n<\/section>\n    <script type=\"text\/javascript\">\n        jQuery(document).ready(function($){\n            jQuery('#slider-block_409ec1a70669ff495b589c3fea7cfdf2 .post-slides').slick({\n                slidesToShow:  12 >= 3 ? 3 : 12,\n                slidesToScroll: 1,\n                prevArrow: '#slider-block_409ec1a70669ff495b589c3fea7cfdf2 .slider-prev',\n                nextArrow: '#slider-block_409ec1a70669ff495b589c3fea7cfdf2 .slider-next',\n                responsive: [\n                                            {\n                        breakpoint: 1280,\n                        settings: {\n                            slidesToShow: 3,\n                            slidesToScroll: 1,\n                        }\n                        },\n                                        {\n                    breakpoint: 1000,\n                    settings: {\n                        slidesToShow: 2,\n                        slidesToScroll: 1,\n                    }\n                    },\n                    {\n                    breakpoint: 800,\n                    settings: {\n                        slidesToShow: 1,\n                        slidesToScroll: 1\n                    }\n                    }\n                ]\n            });\n            \/\/ Remove active class from all thumbnail slides\n            jQuery('#slider-block_409ec1a70669ff495b589c3fea7cfdf2 .post-slides .slick-slide').removeClass('slick-active');\n            \/\/ Set active class to first thumbnail slides\n            jQuery('#slider-block_409ec1a70669ff495b589c3fea7cfdf2 .post-slides .slick-slide').eq(0).addClass('slick-active');\n\n            \/\/ On before slide change match active thumbnail to current slide\n            jQuery('#slider-block_409ec1a70669ff495b589c3fea7cfdf2 .post-slides').on('beforeChange', function (event, slick, currentSlide, nextSlide) {\n                var mySlideNumber = nextSlide;\n                jQuery('#slider-block_409ec1a70669ff495b589c3fea7cfdf2 .post-slides .slick-slide').removeClass('slick-active');\n                jQuery('#slider-block_409ec1a70669ff495b589c3fea7cfdf2 .post-slides .slick-slide').eq(mySlideNumber).addClass('slick-active');\n            });\n        });\n    <\/script>\n\n\n<hr class=\"wp-block-separator has-alpha-channel-opacity\"\/>\n\n\n<h2><a name=\"5._Lac_de_G\u00e9radmer\">5. Lac de G\u00e9radmer<\/a> (Vosges)<\/h2>\n\n<figure class=\"wp-block-image size-large is-resized\"><img decoding=\"async\" loading=\"lazy\" class=\"wp-image-11 alignalignfull-width\" src=\"\/guides-voyage\/wp-content\/uploads\/46kr6PSaKfYo38G7RrVyM8\/ac8b57982b5094b26795a090ae1c8562\/11e2f824-6f17-434d-88d7-ab6a8a1f5069.f10.jpg\" alt=\"Lac De G\u00e9radmer (Vosges), abritel listing image\"><\/figure>\n<p>Le plus grand lac naturel du massif des Vosges ! Un sentier p\u00e9destre de 6 kilom\u00e8tres est am\u00e9nag\u00e9 pour le d\u00e9couvrir dans son ensemble.<\/p>\n\n\n<p><a href=\"https:\/\/www.abritel.fr\/search\/keywords:lac-de-g\u00e9rardmer-g\u00e9rardmer-r\u00e9gion-grand-est-france\">Locations \u00e0 G\u00e9rardmer ><\/a><\/p>\n\n\n<hr class=\"wp-block-separator has-alpha-channel-opacity\"\/>\n\n\n<h2><a name=\"4._Lac_d\u2019Allos\">4. Lac d\u2019Allos<\/a> (Alpes-de-Haute-Provence)<\/h2>\n\n<figure class=\"wp-block-image size-large is-resized\"><img decoding=\"async\" loading=\"lazy\" class=\"wp-image-11 alignalignfull-width\" src=\"\/guides-voyage\/wp-content\/uploads\/4Lr1yD1XoDT5eKPFJuhsSg\/05125e0d59d0245a20ece104c6352014\/allos-lake-3063314_1920.jpg\" alt=\"Lac d\u2019Allos, image par Regine Descamps de Pixabay \"><\/figure>\n<p>Plus grand lac naturel d\u2019altitude d\u2019Europe, le lac d\u2019Allos est situ\u00e9 au c\u0153ur du parc national du Mercantour.<\/p>\n\n\n<p><a href=\"https:\/\/www.abritel.fr\/search\/keywords:allos-provence-alpes-c\u00f4te-dazur-france\">Locations de vacances \u00e0 Allos ><\/a><\/p>\n\n\n<hr class=\"wp-block-separator has-alpha-channel-opacity\"\/>\n\n\n<h2><a name=\"3._Lac_de_Capitello\">3. Lac de Capitello<\/a> (Haute-Corse)<\/h2>\n\n<figure class=\"wp-block-image size-large is-resized\"><img decoding=\"async\" loading=\"lazy\" class=\"wp-image-11 alignalignfull-width\" src=\"\/guides-voyage\/wp-content\/uploads\/409b7UYFO2scfl8G9RAROJ\/30f8674bdf38b9ced27153afa692aef0\/1280px-Lac_de_Capitello_Panorama.jpg\" alt=\"Panorama from 6 jpegs of Lac de Capitello by KlausF\"><\/figure>\n<p>Culminant \u00e0 plus de 2 200 m\u00e8tres, le lac est gel\u00e9 plus de 8 mois de l\u2019ann\u00e9e. En \u00e9t\u00e9, il est un rendez-vous privil\u00e9gi\u00e9 des amoureux de la Corse p\u00e9destre.<\/p>\n\n\n<p><a href=\"https:\/\/www.abritel.fr\/search\/keywords:haute-corse-corse-france\">Locations de vacances en Haute-Corse ><\/a><\/p>\n\n\n<hr class=\"wp-block-separator has-alpha-channel-opacity\"\/>\n\n\n<h2><a name=\"2._Lac_de_Gu\u00e9ry\">2. Lac de Gu\u00e9ry<\/a> (Puy-de-D\u00f4me)<\/h2>\n\n<figure class=\"wp-block-image size-large is-resized\"><img decoding=\"async\" loading=\"lazy\" class=\"wp-image-11 alignalignfull-width\" src=\"\/guides-voyage\/wp-content\/uploads\/7aEexghDxke2K8b0l8zCFJ\/a58b1cf9b697c70f43de713c3476942d\/lake-guery-4289101_1920.jpg\" alt=\"Lac de Gu\u00e9ry, image par adubost de Pixabay\"><\/figure>\n<p>Situ\u00e9 \u00e0 moins de 5 kilom\u00e8tres de la ville thermale de La Bourboule, le lac de Gu\u00e9ry culmine \u00e0 1244 m\u00e8tres.<\/p>\n\n\n<p><a href=\"https:\/\/www.abritel.fr\/search\/keywords:lac-de-gu\u00e9ry-le-mont-dore-auvergne-rh\u00f4ne-alpes-france\">Locations de vacances pr\u00e8s du lac de Gu\u00e9ry ><\/a><\/p>\n\n\n<hr class=\"wp-block-separator has-alpha-channel-opacity\"\/>\n\n\n<h2><a name=\"1.__Lac_vert_De_Fontanalbe\">1.  Lac vert De Fontanalbe<\/a> (Alpes-Maritimes)<\/h2>\n\n<figure class=\"wp-block-image size-large is-resized\"><img decoding=\"async\" loading=\"lazy\" class=\"wp-image-11 alignalignfull-width\" src=\"\/guides-voyage\/wp-content\/uploads\/3Zt8ga6GYqYXoyw10bL9qz\/76c5b4a08cec76063b5b904a068ac25b\/1280px-Lac_Vert_de_Fontanalbe.jpg\" alt=\"Lac Vert de Fontanalbe, by Patrick Rouzet\"><\/figure>\n<p>Le lac vert ou lac de Fontanalbe est un petit lac du Mercantour r\u00e9put\u00e9 pour les teintes vertes de son eau que l\u2019on attribue aux reflets des pins qui l\u2019entourent.<\/p>\n\n\n<p><a href=\"https:\/\/www.abritel.fr\/search\/keywords:alpes-maritimes-provence-alpes-c\u00f4te-dazur-france\">Locations de vacances dans le Mercantour ><\/a><\/p>\n\n","protected":false},"excerpt":{"rendered":"<p>La France, l\u2019autre pays des lacs ? C\u2019est une distinction \u00e0 laquelle pourrait pr\u00e9tendre notre ch\u00e8re Nation, tant elle rec\u00e8le de magnifiques lacs dont voici une s\u00e9lection parmi les plus beaux. 10. Lac d\u2019O\u00f4 (Haute-garonne) Connu pour sa grande cascade de 275 m\u00e8tres de hauteur qui d\u00e9verse l\u2019eau du lac d\u2019Espingo dans celle du lac&#8230;<\/p>\n","protected":false},"author":1,"featured_media":5319,"comment_status":"closed","ping_status":"closed","sticky":false,"template":"","format":"standard","meta":[],"categories":[66],"tags":[],"acf":[],"yoast_head":"<!-- This site is optimized with the Yoast SEO plugin v19.12 - https:\/\/yoast.com\/wordpress\/plugins\/seo\/ -->\n<title>Top 10 des plus beaux lacs en France pour passer ses vacances<\/title>\n<meta name=\"description\" content=\"Pour vos prochaines vacances, posez vos valises \u00e0 proximit\u00e9 de l&#039;un des plus beaux lacs de France (Bourget, Allos, Serre Pon\u00e7on, Annecy, O\u00f4, G\u00e9rardmer...)\" \/>\n<meta name=\"robots\" content=\"index, follow, max-snippet:-1, max-image-preview:large, max-video-preview:-1\" \/>\n<link rel=\"canonical\" href=\"https:\/\/www.abritel.fr\/guides-voyage\/destinations\/locations-vacances-france\/top-10-lacs-france\" \/>\n<meta property=\"og:locale\" content=\"en_US\" \/>\n<meta property=\"og:type\" content=\"article\" \/>\n<meta property=\"og:title\" content=\"Top 10 des plus beaux lacs en France pour passer ses vacances\" \/>\n<meta property=\"og:description\" content=\"Pour vos prochaines vacances, posez vos valises \u00e0 proximit\u00e9 de l&#039;un des plus beaux lacs de France (Bourget, Allos, Serre Pon\u00e7on, Annecy, O\u00f4, G\u00e9rardmer...)\" \/>\n<meta property=\"og:url\" content=\"https:\/\/www.abritel.fr\/guides-voyage\/destinations\/locations-vacances-france\/top-10-lacs-france\" \/>\n<meta property=\"og:site_name\" content=\"Abritel\" \/>\n<meta property=\"article:published_time\" content=\"2019-09-30T00:00:00+00:00\" \/>\n<meta name=\"author\" content=\"vrbous_admin\" \/>\n<meta name=\"twitter:card\" content=\"summary_large_image\" \/>\n<meta name=\"twitter:label1\" content=\"Written by\" \/>\n\t<meta name=\"twitter:data1\" content=\"vrbous_admin\" \/>\n\t<meta name=\"twitter:label2\" content=\"Est. reading time\" \/>\n\t<meta name=\"twitter:data2\" content=\"2 minutes\" \/>\n<script type=\"application\/ld+json\" class=\"yoast-schema-graph\">{\"@context\":\"https:\/\/schema.org\",\"@graph\":[{\"@type\":\"WebPage\",\"@id\":\"https:\/\/www.abritel.fr\/guides-voyage\/destinations\/locations-vacances-france\/top-10-lacs-france\",\"url\":\"https:\/\/www.abritel.fr\/guides-voyage\/destinations\/locations-vacances-france\/top-10-lacs-france\",\"name\":\"Top 10 des plus beaux lacs en France pour passer ses vacances\",\"isPartOf\":{\"@id\":\"https:\/\/www.abritel.fr\/guides-voyage\/#website\"},\"datePublished\":\"2019-09-30T00:00:00+00:00\",\"dateModified\":\"2019-09-30T00:00:00+00:00\",\"author\":{\"@id\":\"https:\/\/www.abritel.fr\/guides-voyage\/#\/schema\/person\/520e43ecbb88d854b065acd2b48b42d2\"},\"description\":\"Pour vos prochaines vacances, posez vos valises \u00e0 proximit\u00e9 de l'un des plus beaux lacs de France (Bourget, Allos, Serre Pon\u00e7on, Annecy, O\u00f4, G\u00e9rardmer...)\",\"breadcrumb\":{\"@id\":\"https:\/\/www.abritel.fr\/guides-voyage\/destinations\/locations-vacances-france\/top-10-lacs-france#breadcrumb\"},\"inLanguage\":\"en-US\",\"potentialAction\":[{\"@type\":\"ReadAction\",\"target\":[\"https:\/\/www.abritel.fr\/guides-voyage\/destinations\/locations-vacances-france\/top-10-lacs-france\"]}]},{\"@type\":\"BreadcrumbList\",\"@id\":\"https:\/\/www.abritel.fr\/guides-voyage\/destinations\/locations-vacances-france\/top-10-lacs-france#breadcrumb\",\"itemListElement\":[{\"@type\":\"ListItem\",\"position\":1,\"name\":\"Home\",\"item\":\"https:\/\/www.abritel.fr\/guides-voyage\/\"},{\"@type\":\"ListItem\",\"position\":2,\"name\":\"Destinations\",\"item\":\"https:\/\/www.abritel.fr\/guides-voyage\/destinations\"},{\"@type\":\"ListItem\",\"position\":3,\"name\":\"Locations de vacances en France\",\"item\":\"https:\/\/www.abritel.fr\/guides-voyage\/destinations\/locations-vacances-france\"},{\"@type\":\"ListItem\",\"position\":4,\"name\":\"Top 10 des plus beaux lacs de France\"}]},{\"@type\":\"WebSite\",\"@id\":\"https:\/\/www.abritel.fr\/guides-voyage\/#website\",\"url\":\"https:\/\/www.abritel.fr\/guides-voyage\/\",\"name\":\"Abritel\",\"description\":\"Abritel\",\"potentialAction\":[{\"@type\":\"SearchAction\",\"target\":{\"@type\":\"EntryPoint\",\"urlTemplate\":\"https:\/\/www.abritel.fr\/guides-voyage\/?s={search_term_string}\"},\"query-input\":\"required name=search_term_string\"}],\"inLanguage\":\"en-US\"},{\"@type\":\"Person\",\"@id\":\"https:\/\/www.abritel.fr\/guides-voyage\/#\/schema\/person\/520e43ecbb88d854b065acd2b48b42d2\",\"name\":\"vrbous_admin\",\"image\":{\"@type\":\"ImageObject\",\"inLanguage\":\"en-US\",\"@id\":\"https:\/\/www.abritel.fr\/guides-voyage\/#\/schema\/person\/image\/\",\"url\":\"https:\/\/secure.gravatar.com\/avatar\/34fbaa9832585e9f68574cb233fe8d82?s=96&d=mm&r=g\",\"contentUrl\":\"https:\/\/secure.gravatar.com\/avatar\/34fbaa9832585e9f68574cb233fe8d82?s=96&d=mm&r=g\",\"caption\":\"vrbous_admin\"},\"sameAs\":[\"https:\/\/vrbous.web\"],\"url\":\"https:\/\/www.abritel.fr\/guides-voyage\/author\/vrbous_admin\"}]}<\/script>\n<!-- \/ Yoast SEO plugin. -->","yoast_head_json":{"title":"Top 10 des plus beaux lacs en France pour passer ses vacances","description":"Pour vos prochaines vacances, posez vos valises \u00e0 proximit\u00e9 de l'un des plus beaux lacs de France (Bourget, Allos, Serre Pon\u00e7on, Annecy, O\u00f4, G\u00e9rardmer...)","robots":{"index":"index","follow":"follow","max-snippet":"max-snippet:-1","max-image-preview":"max-image-preview:large","max-video-preview":"max-video-preview:-1"},"canonical":"https:\/\/www.abritel.fr\/guides-voyage\/destinations\/locations-vacances-france\/top-10-lacs-france","og_locale":"en_US","og_type":"article","og_title":"Top 10 des plus beaux lacs en France pour passer ses vacances","og_description":"Pour vos prochaines vacances, posez vos valises \u00e0 proximit\u00e9 de l'un des plus beaux lacs de France (Bourget, Allos, Serre Pon\u00e7on, Annecy, O\u00f4, G\u00e9rardmer...)","og_url":"https:\/\/www.abritel.fr\/guides-voyage\/destinations\/locations-vacances-france\/top-10-lacs-france","og_site_name":"Abritel","article_published_time":"2019-09-30T00:00:00+00:00","author":"vrbous_admin","twitter_card":"summary_large_image","twitter_misc":{"Written by":"vrbous_admin","Est. reading time":"2 minutes"},"schema":{"@context":"https:\/\/schema.org","@graph":[{"@type":"WebPage","@id":"https:\/\/www.abritel.fr\/guides-voyage\/destinations\/locations-vacances-france\/top-10-lacs-france","url":"https:\/\/www.abritel.fr\/guides-voyage\/destinations\/locations-vacances-france\/top-10-lacs-france","name":"Top 10 des plus beaux lacs en France pour passer ses vacances","isPartOf":{"@id":"https:\/\/www.abritel.fr\/guides-voyage\/#website"},"datePublished":"2019-09-30T00:00:00+00:00","dateModified":"2019-09-30T00:00:00+00:00","author":{"@id":"https:\/\/www.abritel.fr\/guides-voyage\/#\/schema\/person\/520e43ecbb88d854b065acd2b48b42d2"},"description":"Pour vos prochaines vacances, posez vos valises \u00e0 proximit\u00e9 de l'un des plus beaux lacs de France (Bourget, Allos, Serre Pon\u00e7on, Annecy, O\u00f4, G\u00e9rardmer...)","breadcrumb":{"@id":"https:\/\/www.abritel.fr\/guides-voyage\/destinations\/locations-vacances-france\/top-10-lacs-france#breadcrumb"},"inLanguage":"en-US","potentialAction":[{"@type":"ReadAction","target":["https:\/\/www.abritel.fr\/guides-voyage\/destinations\/locations-vacances-france\/top-10-lacs-france"]}]},{"@type":"BreadcrumbList","@id":"https:\/\/www.abritel.fr\/guides-voyage\/destinations\/locations-vacances-france\/top-10-lacs-france#breadcrumb","itemListElement":[{"@type":"ListItem","position":1,"name":"Home","item":"https:\/\/www.abritel.fr\/guides-voyage\/"},{"@type":"ListItem","position":2,"name":"Destinations","item":"https:\/\/www.abritel.fr\/guides-voyage\/destinations"},{"@type":"ListItem","position":3,"name":"Locations de vacances en France","item":"https:\/\/www.abritel.fr\/guides-voyage\/destinations\/locations-vacances-france"},{"@type":"ListItem","position":4,"name":"Top 10 des plus beaux lacs de France"}]},{"@type":"WebSite","@id":"https:\/\/www.abritel.fr\/guides-voyage\/#website","url":"https:\/\/www.abritel.fr\/guides-voyage\/","name":"Abritel","description":"Abritel","potentialAction":[{"@type":"SearchAction","target":{"@type":"EntryPoint","urlTemplate":"https:\/\/www.abritel.fr\/guides-voyage\/?s={search_term_string}"},"query-input":"required name=search_term_string"}],"inLanguage":"en-US"},{"@type":"Person","@id":"https:\/\/www.abritel.fr\/guides-voyage\/#\/schema\/person\/520e43ecbb88d854b065acd2b48b42d2","name":"vrbous_admin","image":{"@type":"ImageObject","inLanguage":"en-US","@id":"https:\/\/www.abritel.fr\/guides-voyage\/#\/schema\/person\/image\/","url":"https:\/\/secure.gravatar.com\/avatar\/34fbaa9832585e9f68574cb233fe8d82?s=96&d=mm&r=g","contentUrl":"https:\/\/secure.gravatar.com\/avatar\/34fbaa9832585e9f68574cb233fe8d82?s=96&d=mm&r=g","caption":"vrbous_admin"},"sameAs":["https:\/\/vrbous.web"],"url":"https:\/\/www.abritel.fr\/guides-voyage\/author\/vrbous_admin"}]}},"_links":{"self":[{"href":"https:\/\/www.abritel.fr\/guides-voyage\/wp-json\/wp\/v2\/posts\/5318"}],"collection":[{"href":"https:\/\/www.abritel.fr\/guides-voyage\/wp-json\/wp\/v2\/posts"}],"about":[{"href":"https:\/\/www.abritel.fr\/guides-voyage\/wp-json\/wp\/v2\/types\/post"}],"author":[{"embeddable":true,"href":"https:\/\/www.abritel.fr\/guides-voyage\/wp-json\/wp\/v2\/users\/1"}],"replies":[{"embeddable":true,"href":"https:\/\/www.abritel.fr\/guides-voyage\/wp-json\/wp\/v2\/comments?post=5318"}],"version-history":[{"count":0,"href":"https:\/\/www.abritel.fr\/guides-voyage\/wp-json\/wp\/v2\/posts\/5318\/revisions"}],"wp:featuredmedia":[{"embeddable":true,"href":"https:\/\/www.abritel.fr\/guides-voyage\/wp-json\/wp\/v2\/media\/5319"}],"wp:attachment":[{"href":"https:\/\/www.abritel.fr\/guides-voyage\/wp-json\/wp\/v2\/media?parent=5318"}],"wp:term":[{"taxonomy":"category","embeddable":true,"href":"https:\/\/www.abritel.fr\/guides-voyage\/wp-json\/wp\/v2\/categories?post=5318"},{"taxonomy":"post_tag","embeddable":true,"href":"https:\/\/www.abritel.fr\/guides-voyage\/wp-json\/wp\/v2\/tags?post=5318"}],"curies":[{"name":"wp","href":"https:\/\/api.w.org\/{rel}","templated":true}]}}