{"id":5200,"date":"2019-10-31T00:00:00","date_gmt":"2019-10-31T00:00:00","guid":{"rendered":""},"modified":"2019-10-31T00:00:00","modified_gmt":"2019-10-31T00:00:00","slug":"tour-europe-train","status":"publish","type":"post","link":"https:\/\/www.abritel.fr\/guides-voyage\/destinations\/locations-vacances-europe\/tour-europe-train","title":{"rendered":"D\u00e9couvrir l&#8217;Europe en train"},"content":{"rendered":"\n<p>Prenez votre temps, laissez d\u00e9filer les paysages et appr\u00e9ciez pleinement de visiter l&#8217;Europe en train ! Les compagnies ferroviaires proposent des offres promotionnelles pour voyager \u00e0 moindre co\u00fbt, et ce tout au long de l&#8217;ann\u00e9e.\r\n<\/p>\n\n\n<p>\r\n<a href=\"https:\/\/www.abritel.fr\/search\/keywords:europe\">Toutes les locations de vacances en Europe ><\/a><\/p>\n\n\n<p><\/p>\n\n<figure class=\"wp-block-image size-large is-resized\"><img decoding=\"async\" loading=\"lazy\" class=\"wp-image-11 alignalignfull-width\" src=\"\/guides-voyage\/wp-content\/uploads\/Zbz30e4kKyrOKjGL3P0Pp\/b06368a1fab74092802db8e7d8c614ae\/tour_europe_train_-_Jungfraubahn_train_from_Kleine_Scheidegg_the_top_of_Europe_-_Photo_by_Patrick_Robert_Doyle.jpg\" alt=\"tour europe train - stock image Jungfraubahn train from Kleine Scheidegg the top of Europe - Photo by Patrick Robert Doyle\"><\/figure>\n<p><\/p>\n\n\n<hr class=\"wp-block-separator has-alpha-channel-opacity\"\/>\n\n\n<p><\/p>\n\n\n<h2><a name=\"Pourquoi_prendre_le_train_?\">Pourquoi prendre le train ?<\/a><\/h2>\n\n\n<p>\r\n\nDe Bruxelles \u00e0 Berlin en passant par Madrid, ou Rome, parcourez l&#8217;Europe de long en large et profitez d&#8217;une ou deux semaines de vacances pour faire le plein d&#8217;\u00e9vasion.\r Gr\u00e2ce aux trajets en train, vous pourrez allier l&#8217;utile \u00e0 l&#8217;agr\u00e9able et exp\u00e9rimenter un nouveau type de vacances en passant par diff\u00e9rentes villes \u00e9tapes : le tourisme itin\u00e9rant.\r\n<\/p>\n\n\n<p>\r\nTraditionnels mais confortables, g\u00e9n\u00e9ralement plus \u00e9conomiques que l&#8217;avion, les trains parcourent aujourd&#8217;hui toute l&#8217;Europe. Gr\u00e2ce \u00e0 la construction de l&#8217;Union Europ\u00e9enne, il est aujourd&#8217;hui beaucoup plus facile de voyager sur le Vieux Continent, et le train est une fa\u00e7on agr\u00e9able de le d\u00e9couvrir. Aujourd&#8217;hui, on peut en effet visiter plus de 30 pays d&#8217;Europe gr\u00e2ce aux chemins de fer.\r\n<\/p>\n\n\n<hr class=\"wp-block-separator has-alpha-channel-opacity\"\/>\n\n\n<p><\/p>\n\n\n<h2><a name=\"O\u00f9_commencer_?\">O\u00f9 commencer ?<\/a><\/h2>\n\n\n<p><\/p>\n\n\n<p>Commencez votre travers\u00e9e par l&#8217;Espagne, et rendez vous \u00e0 Madrid. Depuis la capitale, toute l&#8217;Espagne s&#8217;offre \u00e0 vous : <a href=\"https:\/\/www.abritel.fr\/search\/keywords:s\u00e9ville-\u00e1rea-metropolitana-de-sevilla-andalousie-espagne\">S\u00e9ville<\/a> en 2h30, <a href=\"https:\/\/www.abritel.fr\/search\/keywords:malaga-andalousie-espagne\">Malaga<\/a> en 2h45, Valence en 3h45&#8230; Appr\u00e9ciez tout le charme de l&#8217;Espagne, au travers des villes des quatre coins du pays pour en d\u00e9couvrir les charmes de chaque r\u00e9gion. Continuez jusqu&#8217;au <a href=\"https:\/\/www.abritel.fr\/search\/keywords:portugal\">Portugal<\/a> pour une excursion dans la non moins splendide Lisbonne.\r\n<\/p>\n\n\n<hr class=\"wp-block-separator has-alpha-channel-opacity\"\/>\n\n\n<p><\/p>\n\n\n<h2><a name=\"Les_Alpes\">Les Alpes<\/a><\/h2>\n\n\n<p><\/p>\n\n\n<p>Repartez dans l&#8217;autre sens et passez par les Alpes pour d\u00e9couvrir les montagnes comme vous ne les avez jamais vues. Une fois de l&#8217;autre c\u00f4t\u00e9, partez \u00e0 la d\u00e9couverte des splendides villes de l&#8217;art italien : deux jours de romantisme sur les pirogues de Venise, trois journ\u00e9es pour d\u00e9couvrir les plus beaux monuments de Rome et c&#8217;est reparti !\r\n<\/p>\n\n\n<p>\r\nLes montagnes suisses n&#8217;ont pas r\u00e9sist\u00e9 aux rails et c&#8217;est en seulement 4 heures que vous pourrez atteindre <a href=\"https:\/\/www.abritel.fr\/search\/keywords:berne-berne-suisse\">Berne<\/a> en partant de <a href=\"https:\/\/www.abritel.fr\/search\/keywords:milan-milan-lombardie-italie\">Milan<\/a>. Le temps de faire le plein de chocolat et cap sur l&#8217;<a href=\"https:\/\/www.abritel.fr\/search\/keywords:allemagne\">Allemagne<\/a> !\r\n<\/p>\n\n\n<hr class=\"wp-block-separator has-alpha-channel-opacity\"\/>\n\n\n<p><\/p>\n\n\n<h2>La <a name=\"Grande_For\u00eat_Noire\">Grande For\u00eat Noire<\/a><\/h2>\n\n\n<p>\r\n\nEn vous dirigeant vers l&#8217;Est, vous changez de paysage en traversant la grande For\u00eat Noire. Ce sera d&#8217;abord Francfort qui vous accueillera, cette ville carrefour de l&#8217;Europe et grande place financi\u00e8re de l&#8217;Union Europ\u00e9enne. A Berlin, pour d\u00e9couvrir une culture vieille et profonde rec\u00e9lant de nombreuses merveilles historiques. Ici aussi, vous trouverez de quoi alimenter votre appareil photo et vos souvenirs !\r\n<\/p>\n\n\n<hr class=\"wp-block-separator has-alpha-channel-opacity\"\/>\n\n\n<p><\/p>\n\n\n<h2>Continuation vers l&#8217;<a name=\"est\">est<\/a><\/h2>\n\n\n<p><\/p>\n\n\n<p>Partez encore plus loin pour des pays moins connus comme la Croatie, la <a href=\"https:\/\/www.abritel.fr\/search\/keywords:hongrie\">Hongrie<\/a>, la <a href=\"https:\/\/www.abritel.fr\/search\/keywords:tch\u00e8que\">R\u00e9publique Tch\u00e8que<\/a>, joyaux cach\u00e9s dans un \u00e9crin de verdure ou poss\u00e9dant un charme m\u00e9diterran\u00e9en unique. Encore plus \u00e0 l&#8217;Est, la <a href=\"https:\/\/www.abritel.fr\/search\/keywords:gr\u00e8ce\">Gr\u00e8ce<\/a> et ses monuments reflets d&#8217;une mythologie exceptionnelle, ainsi que ses b\u00e2timents blancs immacul\u00e9s aux toits bleus.\r Les lignes de train pourront vous conduire jusqu&#8217;au plus extr\u00eame bord du continent, dans des contr\u00e9es plus exotiques comme <a href=\"https:\/\/www.abritel.fr\/search\/keywords:istanbul-turquie\">Istanbul<\/a>, la capitale turque.\r\n<\/p>\n\n\n<h2><\/h2>\n\n\n<hr class=\"wp-block-separator has-alpha-channel-opacity\"\/>\n\n\n<p><\/p>\n\n\n<h2>Vers le <a name=\"Nord\">Nord<\/a><\/h2>\n\n\n<p><\/p>\n\n\n<p>On pourra \u00e9galement s&#8217;aventurer loin dans les terres nordiques de la <a href=\"https:\/\/www.abritel.fr\/search\/keywords:su\u00e8de\">Su\u00e8de<\/a> et de la <a href=\"https:\/\/www.abritel.fr\/search\/keywords:norv\u00e8ge\">Norv\u00e8ge<\/a>, vers une culture et des paysages encore bien diff\u00e9rents. Oslo, Stockholm, Helsinki&#8230; Les capitales du grand nord vous r\u00e9servent bien des surprises.\r\n<\/p>\n\n\n<hr class=\"wp-block-separator has-alpha-channel-opacity\"\/>\n\n\n<h2>\nVers l&#8217;<a name=\"ouest\">ouest<\/a><\/h2>\n\n\n<p><\/p>\n\n\n<p>En revenant vers l&#8217;Ouest, vous pourrez appr\u00e9cier les plaines fleuries et les paysages de champs g\u00e9n\u00e9reux qui s&#8217;\u00e9tendent \u00e0 l&#8217;infini du Benelux. Amsterdam et son art flamant vous ouvre ses bras et vous fait d\u00e9couvrir son ambiance ouverte et conviviale qu&#8217;on ne trouve nulle part ailleurs. Franchissez la fronti\u00e8re belge et visitez Bruxelles, une capitale cosmopolite au c\u0153ur de l&#8217;Europe.\r Autre visite incontournable dans votre tour de l&#8217;Europe, empruntez le tunnel sous la Manche pour atterrir \u00e0 <a href=\"https:\/\/www.abritel.fr\/search\/keywords:londres-angleterre-royaume-uni\">Londres<\/a>. La capitale du Royaume Uni vous offre ses places historiques royales pour vos visites et des centres commerciaux g\u00e9ants pour votre shopping.\r\n<\/p>\n\n\n<p>\r\nEn voiture tout le monde, ne ratez pas votre train et embarquez pour un tour de l&#8217;Europe plein d&#8217;\u00e9motions ! <\/p>\n\n","protected":false},"excerpt":{"rendered":"<p>Prenez votre temps, laissez d\u00e9filer les paysages et appr\u00e9ciez pleinement de visiter l&#8217;Europe en train ! Les compagnies ferroviaires proposent des offres promotionnelles pour voyager \u00e0 moindre co\u00fbt, et ce tout au long de l&#8217;ann\u00e9e. Toutes les locations de vacances en Europe > Pourquoi prendre le train ? De Bruxelles \u00e0 Berlin en passant par&#8230;<\/p>\n","protected":false},"author":1,"featured_media":5201,"comment_status":"closed","ping_status":"closed","sticky":false,"template":"","format":"standard","meta":[],"categories":[65],"tags":[],"acf":[],"yoast_head":"<!-- This site is optimized with the Yoast SEO plugin v19.12 - https:\/\/yoast.com\/wordpress\/plugins\/seo\/ -->\n<title>Tourisme itin\u00e9rant. Tour de l&#039;Europe en train<\/title>\n<meta name=\"description\" content=\"Partez \u00e0 la d\u00e9couverte des capitales europ\u00e9ennes en empruntant le train. Laissez vous tenter par le tourisme itin\u00e9rant\" \/>\n<meta name=\"robots\" content=\"index, follow, max-snippet:-1, max-image-preview:large, max-video-preview:-1\" \/>\n<link rel=\"canonical\" href=\"https:\/\/www.abritel.fr\/guides-voyage\/destinations\/locations-vacances-europe\/tour-europe-train\" \/>\n<meta property=\"og:locale\" content=\"en_US\" \/>\n<meta property=\"og:type\" content=\"article\" \/>\n<meta property=\"og:title\" content=\"Tourisme itin\u00e9rant. Tour de l&#039;Europe en train\" \/>\n<meta property=\"og:description\" content=\"Partez \u00e0 la d\u00e9couverte des capitales europ\u00e9ennes en empruntant le train. Laissez vous tenter par le tourisme itin\u00e9rant\" \/>\n<meta property=\"og:url\" content=\"https:\/\/www.abritel.fr\/guides-voyage\/destinations\/locations-vacances-europe\/tour-europe-train\" \/>\n<meta property=\"og:site_name\" content=\"Abritel\" \/>\n<meta property=\"article:published_time\" content=\"2019-10-31T00:00:00+00:00\" \/>\n<meta name=\"author\" content=\"vrbous_admin\" \/>\n<meta name=\"twitter:card\" content=\"summary_large_image\" \/>\n<meta name=\"twitter:label1\" content=\"Written by\" \/>\n\t<meta name=\"twitter:data1\" content=\"vrbous_admin\" \/>\n\t<meta name=\"twitter:label2\" content=\"Est. reading time\" \/>\n\t<meta name=\"twitter:data2\" content=\"3 minutes\" \/>\n<script type=\"application\/ld+json\" class=\"yoast-schema-graph\">{\"@context\":\"https:\/\/schema.org\",\"@graph\":[{\"@type\":\"WebPage\",\"@id\":\"https:\/\/www.abritel.fr\/guides-voyage\/destinations\/locations-vacances-europe\/tour-europe-train\",\"url\":\"https:\/\/www.abritel.fr\/guides-voyage\/destinations\/locations-vacances-europe\/tour-europe-train\",\"name\":\"Tourisme itin\u00e9rant. Tour de l'Europe en train\",\"isPartOf\":{\"@id\":\"https:\/\/www.abritel.fr\/guides-voyage\/#website\"},\"datePublished\":\"2019-10-31T00:00:00+00:00\",\"dateModified\":\"2019-10-31T00:00:00+00:00\",\"author\":{\"@id\":\"https:\/\/www.abritel.fr\/guides-voyage\/#\/schema\/person\/520e43ecbb88d854b065acd2b48b42d2\"},\"description\":\"Partez \u00e0 la d\u00e9couverte des capitales europ\u00e9ennes en empruntant le train. Laissez vous tenter par le tourisme itin\u00e9rant\",\"breadcrumb\":{\"@id\":\"https:\/\/www.abritel.fr\/guides-voyage\/destinations\/locations-vacances-europe\/tour-europe-train#breadcrumb\"},\"inLanguage\":\"en-US\",\"potentialAction\":[{\"@type\":\"ReadAction\",\"target\":[\"https:\/\/www.abritel.fr\/guides-voyage\/destinations\/locations-vacances-europe\/tour-europe-train\"]}]},{\"@type\":\"BreadcrumbList\",\"@id\":\"https:\/\/www.abritel.fr\/guides-voyage\/destinations\/locations-vacances-europe\/tour-europe-train#breadcrumb\",\"itemListElement\":[{\"@type\":\"ListItem\",\"position\":1,\"name\":\"Home\",\"item\":\"https:\/\/www.abritel.fr\/guides-voyage\/\"},{\"@type\":\"ListItem\",\"position\":2,\"name\":\"Destinations\",\"item\":\"https:\/\/www.abritel.fr\/guides-voyage\/destinations\"},{\"@type\":\"ListItem\",\"position\":3,\"name\":\"Locations de vacances en Europe\",\"item\":\"https:\/\/www.abritel.fr\/guides-voyage\/destinations\/locations-vacances-europe\"},{\"@type\":\"ListItem\",\"position\":4,\"name\":\"D\u00e9couvrir l&#8217;Europe en train\"}]},{\"@type\":\"WebSite\",\"@id\":\"https:\/\/www.abritel.fr\/guides-voyage\/#website\",\"url\":\"https:\/\/www.abritel.fr\/guides-voyage\/\",\"name\":\"Abritel\",\"description\":\"Abritel\",\"potentialAction\":[{\"@type\":\"SearchAction\",\"target\":{\"@type\":\"EntryPoint\",\"urlTemplate\":\"https:\/\/www.abritel.fr\/guides-voyage\/?s={search_term_string}\"},\"query-input\":\"required name=search_term_string\"}],\"inLanguage\":\"en-US\"},{\"@type\":\"Person\",\"@id\":\"https:\/\/www.abritel.fr\/guides-voyage\/#\/schema\/person\/520e43ecbb88d854b065acd2b48b42d2\",\"name\":\"vrbous_admin\",\"image\":{\"@type\":\"ImageObject\",\"inLanguage\":\"en-US\",\"@id\":\"https:\/\/www.abritel.fr\/guides-voyage\/#\/schema\/person\/image\/\",\"url\":\"https:\/\/secure.gravatar.com\/avatar\/34fbaa9832585e9f68574cb233fe8d82?s=96&d=mm&r=g\",\"contentUrl\":\"https:\/\/secure.gravatar.com\/avatar\/34fbaa9832585e9f68574cb233fe8d82?s=96&d=mm&r=g\",\"caption\":\"vrbous_admin\"},\"sameAs\":[\"https:\/\/vrbous.web\"],\"url\":\"https:\/\/www.abritel.fr\/guides-voyage\/author\/vrbous_admin\"}]}<\/script>\n<!-- \/ Yoast SEO plugin. -->","yoast_head_json":{"title":"Tourisme itin\u00e9rant. Tour de l'Europe en train","description":"Partez \u00e0 la d\u00e9couverte des capitales europ\u00e9ennes en empruntant le train. Laissez vous tenter par le tourisme itin\u00e9rant","robots":{"index":"index","follow":"follow","max-snippet":"max-snippet:-1","max-image-preview":"max-image-preview:large","max-video-preview":"max-video-preview:-1"},"canonical":"https:\/\/www.abritel.fr\/guides-voyage\/destinations\/locations-vacances-europe\/tour-europe-train","og_locale":"en_US","og_type":"article","og_title":"Tourisme itin\u00e9rant. Tour de l'Europe en train","og_description":"Partez \u00e0 la d\u00e9couverte des capitales europ\u00e9ennes en empruntant le train. Laissez vous tenter par le tourisme itin\u00e9rant","og_url":"https:\/\/www.abritel.fr\/guides-voyage\/destinations\/locations-vacances-europe\/tour-europe-train","og_site_name":"Abritel","article_published_time":"2019-10-31T00:00:00+00:00","author":"vrbous_admin","twitter_card":"summary_large_image","twitter_misc":{"Written by":"vrbous_admin","Est. reading time":"3 minutes"},"schema":{"@context":"https:\/\/schema.org","@graph":[{"@type":"WebPage","@id":"https:\/\/www.abritel.fr\/guides-voyage\/destinations\/locations-vacances-europe\/tour-europe-train","url":"https:\/\/www.abritel.fr\/guides-voyage\/destinations\/locations-vacances-europe\/tour-europe-train","name":"Tourisme itin\u00e9rant. Tour de l'Europe en train","isPartOf":{"@id":"https:\/\/www.abritel.fr\/guides-voyage\/#website"},"datePublished":"2019-10-31T00:00:00+00:00","dateModified":"2019-10-31T00:00:00+00:00","author":{"@id":"https:\/\/www.abritel.fr\/guides-voyage\/#\/schema\/person\/520e43ecbb88d854b065acd2b48b42d2"},"description":"Partez \u00e0 la d\u00e9couverte des capitales europ\u00e9ennes en empruntant le train. Laissez vous tenter par le tourisme itin\u00e9rant","breadcrumb":{"@id":"https:\/\/www.abritel.fr\/guides-voyage\/destinations\/locations-vacances-europe\/tour-europe-train#breadcrumb"},"inLanguage":"en-US","potentialAction":[{"@type":"ReadAction","target":["https:\/\/www.abritel.fr\/guides-voyage\/destinations\/locations-vacances-europe\/tour-europe-train"]}]},{"@type":"BreadcrumbList","@id":"https:\/\/www.abritel.fr\/guides-voyage\/destinations\/locations-vacances-europe\/tour-europe-train#breadcrumb","itemListElement":[{"@type":"ListItem","position":1,"name":"Home","item":"https:\/\/www.abritel.fr\/guides-voyage\/"},{"@type":"ListItem","position":2,"name":"Destinations","item":"https:\/\/www.abritel.fr\/guides-voyage\/destinations"},{"@type":"ListItem","position":3,"name":"Locations de vacances en Europe","item":"https:\/\/www.abritel.fr\/guides-voyage\/destinations\/locations-vacances-europe"},{"@type":"ListItem","position":4,"name":"D\u00e9couvrir l&#8217;Europe en train"}]},{"@type":"WebSite","@id":"https:\/\/www.abritel.fr\/guides-voyage\/#website","url":"https:\/\/www.abritel.fr\/guides-voyage\/","name":"Abritel","description":"Abritel","potentialAction":[{"@type":"SearchAction","target":{"@type":"EntryPoint","urlTemplate":"https:\/\/www.abritel.fr\/guides-voyage\/?s={search_term_string}"},"query-input":"required name=search_term_string"}],"inLanguage":"en-US"},{"@type":"Person","@id":"https:\/\/www.abritel.fr\/guides-voyage\/#\/schema\/person\/520e43ecbb88d854b065acd2b48b42d2","name":"vrbous_admin","image":{"@type":"ImageObject","inLanguage":"en-US","@id":"https:\/\/www.abritel.fr\/guides-voyage\/#\/schema\/person\/image\/","url":"https:\/\/secure.gravatar.com\/avatar\/34fbaa9832585e9f68574cb233fe8d82?s=96&d=mm&r=g","contentUrl":"https:\/\/secure.gravatar.com\/avatar\/34fbaa9832585e9f68574cb233fe8d82?s=96&d=mm&r=g","caption":"vrbous_admin"},"sameAs":["https:\/\/vrbous.web"],"url":"https:\/\/www.abritel.fr\/guides-voyage\/author\/vrbous_admin"}]}},"_links":{"self":[{"href":"https:\/\/www.abritel.fr\/guides-voyage\/wp-json\/wp\/v2\/posts\/5200"}],"collection":[{"href":"https:\/\/www.abritel.fr\/guides-voyage\/wp-json\/wp\/v2\/posts"}],"about":[{"href":"https:\/\/www.abritel.fr\/guides-voyage\/wp-json\/wp\/v2\/types\/post"}],"author":[{"embeddable":true,"href":"https:\/\/www.abritel.fr\/guides-voyage\/wp-json\/wp\/v2\/users\/1"}],"replies":[{"embeddable":true,"href":"https:\/\/www.abritel.fr\/guides-voyage\/wp-json\/wp\/v2\/comments?post=5200"}],"version-history":[{"count":0,"href":"https:\/\/www.abritel.fr\/guides-voyage\/wp-json\/wp\/v2\/posts\/5200\/revisions"}],"wp:featuredmedia":[{"embeddable":true,"href":"https:\/\/www.abritel.fr\/guides-voyage\/wp-json\/wp\/v2\/media\/5201"}],"wp:attachment":[{"href":"https:\/\/www.abritel.fr\/guides-voyage\/wp-json\/wp\/v2\/media?parent=5200"}],"wp:term":[{"taxonomy":"category","embeddable":true,"href":"https:\/\/www.abritel.fr\/guides-voyage\/wp-json\/wp\/v2\/categories?post=5200"},{"taxonomy":"post_tag","embeddable":true,"href":"https:\/\/www.abritel.fr\/guides-voyage\/wp-json\/wp\/v2\/tags?post=5200"}],"curies":[{"name":"wp","href":"https:\/\/api.w.org\/{rel}","templated":true}]}}