{"id":5186,"date":"2019-10-31T00:00:00","date_gmt":"2019-10-31T00:00:00","guid":{"rendered":""},"modified":"2019-10-31T00:00:00","modified_gmt":"2019-10-31T00:00:00","slug":"annecy","status":"publish","type":"post","link":"https:\/\/www.abritel.fr\/guides-voyage\/destinations\/locations-vacances-france\/annecy","title":{"rendered":"Vacances \u00e0 Annecy"},"content":{"rendered":"\n<p>Annecy, c\u2019est la montagne. C\u2019est le \u00ab lac bleu \u00bb, aux eaux limpides, ses plages. La voile en \u00e9t\u00e9, le ski en hiver. L\u2019une des plus belles villes de France poss\u00e8de bien plus d\u2019un atout pour vous convaincre d\u2019y louer une villa, le temps des vacances.\r\n\n\r\n<a href=\"https:\/\/www.abritel.fr\/search\/keywords:annecy-auvergne-rh\u00f4ne-alpes-france\">Toutes les locations \u00e0 Annecy > <\/a>\n<\/p>\n\n<figure class=\"wp-block-image size-large is-resized\"><img decoding=\"async\" loading=\"lazy\" class=\"wp-image-11 alignalignfull-width\" src=\"\/guides-voyage\/wp-content\/uploads\/1McR6pgSIUcIUCI0UG0mmQ\/9f2f02d91d26746a82e4a64c61c8c67c\/Annecy_2.jpg\" alt=\"Vieille ville au bord de l'eau : Annecy-le-Vieux, paradis des amateurs de vieilles pierres.\"><\/figure>\n<p><\/p>\n\n\n<hr class=\"wp-block-separator has-alpha-channel-opacity\"\/>\n\n\n<p><\/p>\n\n\n<h2>Un s\u00e9jour fort en sensation !\r\n<\/h2>\n\n\n<p>\nQuelle que soit la saison, suivez notre Guide touristique. Les innombrables sentiers des Alpes  permettent, avec un peu de silence, d\u2019observer des bouquetins, chamois et aigles royaux. D\u2019ascension en ascension, vous d\u00e9couvrirez des gentianes, cyclamens et tant d\u2019autres fleurs d\u00e9licates. Sans compter les randonn\u00e9es dans la r\u00e9serve naturelle des Aiguilles Rouges. Tous les sports nautiques sont possibles, p\u00eache dans les lacs et rivi\u00e8res, croisi\u00e8res, \u00e9quitation, patin \u00e0 glace, cyclisme, golf, parapente, delta plane, escalade, casino.\r\n\r\n\n \r\nL\u2019\u00e9t\u00e9, les abords montagneux du lac d&#8217;Annecy composent un des plus beaux paysages des Alpes. Ainsi, gagnez le col des Contrebandiers jusqu\u2019au Mont Baron puis, en marchant un peu plus,  le Mont Veyrier. Allez \u00e0 Talloires, situ\u00e9e  au pied du massif de la Tournette, montez jusqu\u2019\u00e0 l\u2019Ermitage. Retenez le ch\u00e2teau de Saint-Bernard-de-Menthon (XII-XVe) patron des alpinistes.  Par la for\u00eat, vous rejoindrez le site des cascades d\u2019Angon. La visite guid\u00e9e du vieux village de Duingt et une promenade dans le remarquable Labyrinthe-Jardin des cinq sens, au c\u0153ur du village d\u2019Yvoire, constituent un bon programme.\r\n\r\n \r\n\nL\u2019hiver, en famille, vous b\u00e9n\u00e9ficierez de domaines skiables comme  celui de La Clusaz, grande station des Aravis. Vous pourrez skier sur les massifs de La Vanoise, des Bauges et du Mont Blanc. Une descente hors piste de la Vall\u00e9e Blanche vous fera passer par les Grandes Jorasses, la Dent du G\u00e9ant, les Drus. Encadr\u00e9s par des guides de haute montagne, vous b\u00e9n\u00e9ficierez  \u00e0 la fois de fortes sensations et de panoramas exceptionnels en empruntant la Via Ferrata.\r\n\r\n<\/p>\n\n\n<hr class=\"wp-block-separator has-alpha-channel-opacity\"\/>\n\n\n<p><\/p>\n\n\n<h2>Une ville chaleureuse\u2026 jusque dans votre assiette !\r\n<\/h2>\n\n\n<p>\nLes vieilles rues d\u2019Annecy sont pi\u00e9tonni\u00e8res et les maisons fleuries. Les nombreux jardins sont magnifiques, comme celui de l\u2019Europe, le P\u00e2quier. En traversant le pont, sur le Thiou, vous atteignez le palais de l\u2019Isle (XIIe), sa cour carr\u00e9e et son toit aigu.\r\n\r\n\n \r\nAnnecy aime le septi\u00e8me art et lui consacre des festivals. En juin, le festival du film d\u2019animation et, en automne, le festival du cin\u00e9ma italien.  En ao\u00fbt, ne manquez pas le grandiose feu d\u2019artifice sur le lac. En d\u00e9cembre, c&#8217;est le No\u00ebl des Alpes : le vieux quartier et la patinoire g\u00e9ante, face au centre Courrier, sont illumin\u00e9s et  de nombreux concerts  programm\u00e9s. C\u2019est aussi le mois o\u00f9 se tient la traditionnelle foire de la  Saint-Andr\u00e9, pendant laquelle r\u00e8gne l\u2019esprit de No\u00ebl.\r\n\r\n\n \r\nEnfin, des expositions ont lieu toute l\u2019ann\u00e9e au Centre Bonlieu. Et si vous souhaitez voir du pays, Annecy, situ\u00e9e au carrefour de la Savoie et de la Haute Savoie, est aux portes de Gen\u00e8ve de et l\u2019Italie.\r\n\r\n\n \r\nC\u00f4t\u00e9 gastronomie, retenez les blancs savoyards, souvent secs, et moelleux, voire liquoreux, ils acqui\u00e8rent leur ar\u00f4me d\u2019amande verte apr\u00e8s quelques ann\u00e9es \u00e0 la cave. Par exemple, les Digny, Francy, Seyssel et Cr\u00e9py. Quant aux rouges, ils poss\u00e8dent des senteurs de framboise ou de violette.\r\n\r\n \r\n<\/p>\n\n<figure class=\"wp-block-image size-large is-resized\"><img decoding=\"async\" loading=\"lazy\" class=\"wp-image-11 alignalignfull-width\" src=\"\/guides-voyage\/wp-content\/uploads\/FJnU394DFnNa4ZQkzPZoH\/cf0b413d44e57887a85aeda54ff40b93\/escapade-annecy--ts-2017-02-10T12_47_43_215Z.jpg\" alt=\"R\u00e9servez votre escapade \u00e0 Annecy\"><\/figure>\n<p><\/p>\n\n\n<p>\nEt les fromages ! Ils entrent dans la composition de  bon nombre de recettes locales.  La tomme et le beaufort, \u00e0 la chair d\u00e9licate, le reblochon, le persill\u00e9 de Termignon et de Bessans, les chevrotins de Montriond et toute la gamme des vacherins.\r\n\r\n \r\n\nLa r\u00e9gion n\u2019est pas avare de douceurs, p\u00e2tes de fruits de Saint-Etienne, confitures de marrons et de figues de l\u2019Ard\u00e8che, les chocolats d\u2019Aiguebelle ou les truffes de Chamberry, sans oublier la sp\u00e9cialit\u00e9 locale, les d\u00e9licieux chardons des Alpes, en chocolat.\r\n\r\n \r\n\nVos vacances en Rh\u00f4ne Alpes, en Haute Savoie et plus pr\u00e9cis\u00e9ment dans \u00ab la Venise des Alpes \u00bb seront parfaites, tout au long de l\u2019ann\u00e9e, suivez le Guide !<\/p>\n\n","protected":false},"excerpt":{"rendered":"<p>Annecy, c\u2019est la montagne. C\u2019est le \u00ab lac bleu \u00bb, aux eaux limpides, ses plages. La voile en \u00e9t\u00e9, le ski en hiver. L\u2019une des plus belles villes de France poss\u00e8de bien plus d\u2019un atout pour vous convaincre d\u2019y louer une villa, le temps des vacances. Toutes les locations \u00e0 Annecy > Un s\u00e9jour fort&#8230;<\/p>\n","protected":false},"author":1,"featured_media":5187,"comment_status":"closed","ping_status":"closed","sticky":false,"template":"","format":"standard","meta":[],"categories":[66],"tags":[],"acf":[],"yoast_head":"<!-- This site is optimized with the Yoast SEO plugin v19.12 - https:\/\/yoast.com\/wordpress\/plugins\/seo\/ -->\n<title>Vacances autour du Lac d&#039;Annecy<\/title>\n<meta name=\"description\" content=\"A la recherche d&#039;une location de vacances autour du lac d&#039;Annecy ? Consultez nos offres de location d&#039;appartement, maison, chambre d&#039;h\u00f4tes \u00e0 Annecy et ses environs\" \/>\n<meta name=\"robots\" content=\"index, follow, max-snippet:-1, max-image-preview:large, max-video-preview:-1\" \/>\n<link rel=\"canonical\" href=\"https:\/\/www.abritel.fr\/guides-voyage\/destinations\/locations-vacances-france\/annecy\" \/>\n<meta property=\"og:locale\" content=\"en_US\" \/>\n<meta property=\"og:type\" content=\"article\" \/>\n<meta property=\"og:title\" content=\"Vacances autour du Lac d&#039;Annecy\" \/>\n<meta property=\"og:description\" content=\"A la recherche d&#039;une location de vacances autour du lac d&#039;Annecy ? Consultez nos offres de location d&#039;appartement, maison, chambre d&#039;h\u00f4tes \u00e0 Annecy et ses environs\" \/>\n<meta property=\"og:url\" content=\"https:\/\/www.abritel.fr\/guides-voyage\/destinations\/locations-vacances-france\/annecy\" \/>\n<meta property=\"og:site_name\" content=\"Abritel\" \/>\n<meta property=\"article:published_time\" content=\"2019-10-31T00:00:00+00:00\" \/>\n<meta name=\"author\" content=\"vrbous_admin\" \/>\n<meta name=\"twitter:card\" content=\"summary_large_image\" \/>\n<meta name=\"twitter:label1\" content=\"Written by\" \/>\n\t<meta name=\"twitter:data1\" content=\"vrbous_admin\" \/>\n\t<meta name=\"twitter:label2\" content=\"Est. reading time\" \/>\n\t<meta name=\"twitter:data2\" content=\"3 minutes\" \/>\n<script type=\"application\/ld+json\" class=\"yoast-schema-graph\">{\"@context\":\"https:\/\/schema.org\",\"@graph\":[{\"@type\":\"WebPage\",\"@id\":\"https:\/\/www.abritel.fr\/guides-voyage\/destinations\/locations-vacances-france\/annecy\",\"url\":\"https:\/\/www.abritel.fr\/guides-voyage\/destinations\/locations-vacances-france\/annecy\",\"name\":\"Vacances autour du Lac d'Annecy\",\"isPartOf\":{\"@id\":\"https:\/\/www.abritel.fr\/guides-voyage\/#website\"},\"datePublished\":\"2019-10-31T00:00:00+00:00\",\"dateModified\":\"2019-10-31T00:00:00+00:00\",\"author\":{\"@id\":\"https:\/\/www.abritel.fr\/guides-voyage\/#\/schema\/person\/520e43ecbb88d854b065acd2b48b42d2\"},\"description\":\"A la recherche d'une location de vacances autour du lac d'Annecy ? Consultez nos offres de location d'appartement, maison, chambre d'h\u00f4tes \u00e0 Annecy et ses environs\",\"breadcrumb\":{\"@id\":\"https:\/\/www.abritel.fr\/guides-voyage\/destinations\/locations-vacances-france\/annecy#breadcrumb\"},\"inLanguage\":\"en-US\",\"potentialAction\":[{\"@type\":\"ReadAction\",\"target\":[\"https:\/\/www.abritel.fr\/guides-voyage\/destinations\/locations-vacances-france\/annecy\"]}]},{\"@type\":\"BreadcrumbList\",\"@id\":\"https:\/\/www.abritel.fr\/guides-voyage\/destinations\/locations-vacances-france\/annecy#breadcrumb\",\"itemListElement\":[{\"@type\":\"ListItem\",\"position\":1,\"name\":\"Home\",\"item\":\"https:\/\/www.abritel.fr\/guides-voyage\/\"},{\"@type\":\"ListItem\",\"position\":2,\"name\":\"Destinations\",\"item\":\"https:\/\/www.abritel.fr\/guides-voyage\/destinations\"},{\"@type\":\"ListItem\",\"position\":3,\"name\":\"Locations de vacances en France\",\"item\":\"https:\/\/www.abritel.fr\/guides-voyage\/destinations\/locations-vacances-france\"},{\"@type\":\"ListItem\",\"position\":4,\"name\":\"Vacances \u00e0 Annecy\"}]},{\"@type\":\"WebSite\",\"@id\":\"https:\/\/www.abritel.fr\/guides-voyage\/#website\",\"url\":\"https:\/\/www.abritel.fr\/guides-voyage\/\",\"name\":\"Abritel\",\"description\":\"Abritel\",\"potentialAction\":[{\"@type\":\"SearchAction\",\"target\":{\"@type\":\"EntryPoint\",\"urlTemplate\":\"https:\/\/www.abritel.fr\/guides-voyage\/?s={search_term_string}\"},\"query-input\":\"required name=search_term_string\"}],\"inLanguage\":\"en-US\"},{\"@type\":\"Person\",\"@id\":\"https:\/\/www.abritel.fr\/guides-voyage\/#\/schema\/person\/520e43ecbb88d854b065acd2b48b42d2\",\"name\":\"vrbous_admin\",\"image\":{\"@type\":\"ImageObject\",\"inLanguage\":\"en-US\",\"@id\":\"https:\/\/www.abritel.fr\/guides-voyage\/#\/schema\/person\/image\/\",\"url\":\"https:\/\/secure.gravatar.com\/avatar\/34fbaa9832585e9f68574cb233fe8d82?s=96&d=mm&r=g\",\"contentUrl\":\"https:\/\/secure.gravatar.com\/avatar\/34fbaa9832585e9f68574cb233fe8d82?s=96&d=mm&r=g\",\"caption\":\"vrbous_admin\"},\"sameAs\":[\"https:\/\/vrbous.web\"],\"url\":\"https:\/\/www.abritel.fr\/guides-voyage\/author\/vrbous_admin\"}]}<\/script>\n<!-- \/ Yoast SEO plugin. -->","yoast_head_json":{"title":"Vacances autour du Lac d'Annecy","description":"A la recherche d'une location de vacances autour du lac d'Annecy ? Consultez nos offres de location d'appartement, maison, chambre d'h\u00f4tes \u00e0 Annecy et ses environs","robots":{"index":"index","follow":"follow","max-snippet":"max-snippet:-1","max-image-preview":"max-image-preview:large","max-video-preview":"max-video-preview:-1"},"canonical":"https:\/\/www.abritel.fr\/guides-voyage\/destinations\/locations-vacances-france\/annecy","og_locale":"en_US","og_type":"article","og_title":"Vacances autour du Lac d'Annecy","og_description":"A la recherche d'une location de vacances autour du lac d'Annecy ? Consultez nos offres de location d'appartement, maison, chambre d'h\u00f4tes \u00e0 Annecy et ses environs","og_url":"https:\/\/www.abritel.fr\/guides-voyage\/destinations\/locations-vacances-france\/annecy","og_site_name":"Abritel","article_published_time":"2019-10-31T00:00:00+00:00","author":"vrbous_admin","twitter_card":"summary_large_image","twitter_misc":{"Written by":"vrbous_admin","Est. reading time":"3 minutes"},"schema":{"@context":"https:\/\/schema.org","@graph":[{"@type":"WebPage","@id":"https:\/\/www.abritel.fr\/guides-voyage\/destinations\/locations-vacances-france\/annecy","url":"https:\/\/www.abritel.fr\/guides-voyage\/destinations\/locations-vacances-france\/annecy","name":"Vacances autour du Lac d'Annecy","isPartOf":{"@id":"https:\/\/www.abritel.fr\/guides-voyage\/#website"},"datePublished":"2019-10-31T00:00:00+00:00","dateModified":"2019-10-31T00:00:00+00:00","author":{"@id":"https:\/\/www.abritel.fr\/guides-voyage\/#\/schema\/person\/520e43ecbb88d854b065acd2b48b42d2"},"description":"A la recherche d'une location de vacances autour du lac d'Annecy ? Consultez nos offres de location d'appartement, maison, chambre d'h\u00f4tes \u00e0 Annecy et ses environs","breadcrumb":{"@id":"https:\/\/www.abritel.fr\/guides-voyage\/destinations\/locations-vacances-france\/annecy#breadcrumb"},"inLanguage":"en-US","potentialAction":[{"@type":"ReadAction","target":["https:\/\/www.abritel.fr\/guides-voyage\/destinations\/locations-vacances-france\/annecy"]}]},{"@type":"BreadcrumbList","@id":"https:\/\/www.abritel.fr\/guides-voyage\/destinations\/locations-vacances-france\/annecy#breadcrumb","itemListElement":[{"@type":"ListItem","position":1,"name":"Home","item":"https:\/\/www.abritel.fr\/guides-voyage\/"},{"@type":"ListItem","position":2,"name":"Destinations","item":"https:\/\/www.abritel.fr\/guides-voyage\/destinations"},{"@type":"ListItem","position":3,"name":"Locations de vacances en France","item":"https:\/\/www.abritel.fr\/guides-voyage\/destinations\/locations-vacances-france"},{"@type":"ListItem","position":4,"name":"Vacances \u00e0 Annecy"}]},{"@type":"WebSite","@id":"https:\/\/www.abritel.fr\/guides-voyage\/#website","url":"https:\/\/www.abritel.fr\/guides-voyage\/","name":"Abritel","description":"Abritel","potentialAction":[{"@type":"SearchAction","target":{"@type":"EntryPoint","urlTemplate":"https:\/\/www.abritel.fr\/guides-voyage\/?s={search_term_string}"},"query-input":"required name=search_term_string"}],"inLanguage":"en-US"},{"@type":"Person","@id":"https:\/\/www.abritel.fr\/guides-voyage\/#\/schema\/person\/520e43ecbb88d854b065acd2b48b42d2","name":"vrbous_admin","image":{"@type":"ImageObject","inLanguage":"en-US","@id":"https:\/\/www.abritel.fr\/guides-voyage\/#\/schema\/person\/image\/","url":"https:\/\/secure.gravatar.com\/avatar\/34fbaa9832585e9f68574cb233fe8d82?s=96&d=mm&r=g","contentUrl":"https:\/\/secure.gravatar.com\/avatar\/34fbaa9832585e9f68574cb233fe8d82?s=96&d=mm&r=g","caption":"vrbous_admin"},"sameAs":["https:\/\/vrbous.web"],"url":"https:\/\/www.abritel.fr\/guides-voyage\/author\/vrbous_admin"}]}},"_links":{"self":[{"href":"https:\/\/www.abritel.fr\/guides-voyage\/wp-json\/wp\/v2\/posts\/5186"}],"collection":[{"href":"https:\/\/www.abritel.fr\/guides-voyage\/wp-json\/wp\/v2\/posts"}],"about":[{"href":"https:\/\/www.abritel.fr\/guides-voyage\/wp-json\/wp\/v2\/types\/post"}],"author":[{"embeddable":true,"href":"https:\/\/www.abritel.fr\/guides-voyage\/wp-json\/wp\/v2\/users\/1"}],"replies":[{"embeddable":true,"href":"https:\/\/www.abritel.fr\/guides-voyage\/wp-json\/wp\/v2\/comments?post=5186"}],"version-history":[{"count":0,"href":"https:\/\/www.abritel.fr\/guides-voyage\/wp-json\/wp\/v2\/posts\/5186\/revisions"}],"wp:featuredmedia":[{"embeddable":true,"href":"https:\/\/www.abritel.fr\/guides-voyage\/wp-json\/wp\/v2\/media\/5187"}],"wp:attachment":[{"href":"https:\/\/www.abritel.fr\/guides-voyage\/wp-json\/wp\/v2\/media?parent=5186"}],"wp:term":[{"taxonomy":"category","embeddable":true,"href":"https:\/\/www.abritel.fr\/guides-voyage\/wp-json\/wp\/v2\/categories?post=5186"},{"taxonomy":"post_tag","embeddable":true,"href":"https:\/\/www.abritel.fr\/guides-voyage\/wp-json\/wp\/v2\/tags?post=5186"}],"curies":[{"name":"wp","href":"https:\/\/api.w.org\/{rel}","templated":true}]}}