{"id":5178,"date":"2019-10-31T00:00:00","date_gmt":"2019-10-31T00:00:00","guid":{"rendered":""},"modified":"2019-10-31T00:00:00","modified_gmt":"2019-10-31T00:00:00","slug":"marche-noel-strasbourg","status":"publish","type":"post","link":"https:\/\/www.abritel.fr\/guides-voyage\/destinations\/jour-ferie\/marche-noel-strasbourg","title":{"rendered":"Le march\u00e9 de No\u00ebl de Strasbourg"},"content":{"rendered":"\n<p>Le march\u00e9 de <a href=\"https:\/\/noel.strasbourg.eu\/\">No\u00ebl de Strasbourg<\/a> aura lieu du 25 novembre au 31 d\u00e9cembre 2016. Autrefois appel\u00e9 le March\u00e9 de la Saint Nicolas, ce c\u00e9l\u00e8bre march\u00e9 de No\u00ebl fait aujourd&#8217;hui partie des plus beaux d&#8217;Europe.\r\n<\/p>\n\n\n<p>\r\n<a href=\"https:\/\/www.abritel.fr\/search\/keywords:strasbourg-r\u00e9gion-grand-est-france\">Voir toutes les locations de vacances \u00e0 Strasbourg ><\/a><\/p>\n\n\n<p><\/p>\n\n<figure class=\"wp-block-image size-large is-resized\"><img decoding=\"async\" loading=\"lazy\" class=\"wp-image-11 alignalignfull-width\" src=\"\/guides-voyage\/wp-content\/uploads\/Y9t9SAH7gsiU0mA2668SE\/ad52f11417c78083e685406bd6bd0e2e\/Strasbourg.jpg\" alt=\"Location de vacances en Alsace : appart-h\u00f4tel \u00e0 Strasbourg pour le march\u00e9 de No\u00ebl\"><\/figure>\n<p><\/p>\n\n\n<hr class=\"wp-block-separator has-alpha-channel-opacity\"\/>\n\n\n<h2>Visitez Strasbourg<\/h2>\n\n\n<p><\/p>\n\n\n<p>Durant un peu plus d&#8217;un mois, le centre-ville de Strasbourg se transforme en un v\u00e9ritable lieu f\u00e9erique o\u00f9 la magie de No\u00ebl op\u00e8re. De nombreux commer\u00e7ants s&#8217;installent  dans d&#8217;adorables petites cabanes en bois fa\u00e7on chalets et exposent de nombreuses d\u00e9corations et souvenirs de No\u00ebl, ainsi que de nombreux produits r\u00e9gionaux et artisanaux. La plupart de ces animations se d\u00e9roulent tout autour de la belle cath\u00e9drale de Strasbourg.\r\n<\/p>\n\n\n<p>\r\nLe soir venu, tout Strasbourg s&#8217;illumine et on se croirait presque dans le monde merveilleux du P\u00e8re No\u00ebl : sapins, guirlandes lumineuses, cal\u00e8ches, chants de No\u00ebl\u2026tout y est pour \u00e9merveiller petits et grands et faire de cet endroit un lieu magique et f\u00e9erique.\r\n<\/p>\n\n\n<p><\/p>\n\n<figure class=\"wp-block-image size-large is-resized\"><img decoding=\"async\" loading=\"lazy\" class=\"wp-image-11 alignalignfull-width\" src=\"\/guides-voyage\/wp-content\/uploads\/6jBg16m8rCegEUoIU6IoOe\/f25550b329d6bdf12559d9a24bde0974\/Alsace---Noel.jpg\" alt=\"Location de vacances en Alsace : un No\u00ebl magique avec un appartement de location \u00e0 Strasbourg\"><\/figure>\n<p><\/p>\n\n\n<p>\r\nLe March\u00e9 de No\u00ebl de Strasbourg est l&#8217;occasion pour de nombreuses personnes de faire le d\u00e9placement, de visiter Strasbourg et de d\u00e9guster de nombreuses sp\u00e9cialit\u00e9s gourmandes : vin chaud, pain d&#8217;\u00e9pice, g\u00e2teaux, friandises, saucisses chaudes\u2026\r\n<\/p>\n\n\n<p>\r\nSi vous \u00eates anim\u00e9 par la magie de No\u00ebl, vous devez imp\u00e9rativement vous rendre en Alsace dans le Bas-Rhin pour d\u00e9couvrir le march\u00e9 de No\u00ebl de Strasbourg. Vous trouverez de nombreuses offres de locations \u00e0 Strasbourg.<\/p>\n\n","protected":false},"excerpt":{"rendered":"<p>Le march\u00e9 de No\u00ebl de Strasbourg aura lieu du 25 novembre au 31 d\u00e9cembre 2016. Autrefois appel\u00e9 le March\u00e9 de la Saint Nicolas, ce c\u00e9l\u00e8bre march\u00e9 de No\u00ebl fait aujourd&#8217;hui partie des plus beaux d&#8217;Europe. Voir toutes les locations de vacances \u00e0 Strasbourg > Visitez Strasbourg Durant un peu plus d&#8217;un mois, le centre-ville de&#8230;<\/p>\n","protected":false},"author":1,"featured_media":5179,"comment_status":"closed","ping_status":"closed","sticky":false,"template":"","format":"standard","meta":[],"categories":[62],"tags":[],"acf":[],"yoast_head":"<!-- This site is optimized with the Yoast SEO plugin v19.12 - https:\/\/yoast.com\/wordpress\/plugins\/seo\/ -->\n<title>March\u00e9 de No\u00ebl de Strasbourg 2016<\/title>\n<meta name=\"description\" content=\"March\u00e9 de No\u00ebl de Strasbourg 2016 : du 25 novembre au 31 d\u00e9cembre. Abritel propose de nombreuses locations \u00e0 Strasbourg et en Alsace \u00e0 l&#039;occasion du c\u00e9l\u00e8bre march\u00e9 de No\u00ebl.\" \/>\n<meta name=\"robots\" content=\"index, follow, max-snippet:-1, max-image-preview:large, max-video-preview:-1\" \/>\n<link rel=\"canonical\" href=\"https:\/\/www.abritel.fr\/guides-voyage\/destinations\/jour-ferie\/marche-noel-strasbourg\" \/>\n<meta property=\"og:locale\" content=\"en_US\" \/>\n<meta property=\"og:type\" content=\"article\" \/>\n<meta property=\"og:title\" content=\"March\u00e9 de No\u00ebl de Strasbourg 2016\" \/>\n<meta property=\"og:description\" content=\"March\u00e9 de No\u00ebl de Strasbourg 2016 : du 25 novembre au 31 d\u00e9cembre. Abritel propose de nombreuses locations \u00e0 Strasbourg et en Alsace \u00e0 l&#039;occasion du c\u00e9l\u00e8bre march\u00e9 de No\u00ebl.\" \/>\n<meta property=\"og:url\" content=\"https:\/\/www.abritel.fr\/guides-voyage\/destinations\/jour-ferie\/marche-noel-strasbourg\" \/>\n<meta property=\"og:site_name\" content=\"Abritel\" \/>\n<meta property=\"article:published_time\" content=\"2019-10-31T00:00:00+00:00\" \/>\n<meta name=\"author\" content=\"vrbous_admin\" \/>\n<meta name=\"twitter:card\" content=\"summary_large_image\" \/>\n<meta name=\"twitter:label1\" content=\"Written by\" \/>\n\t<meta name=\"twitter:data1\" content=\"vrbous_admin\" \/>\n\t<meta name=\"twitter:label2\" content=\"Est. reading time\" \/>\n\t<meta name=\"twitter:data2\" content=\"1 minute\" \/>\n<script type=\"application\/ld+json\" class=\"yoast-schema-graph\">{\"@context\":\"https:\/\/schema.org\",\"@graph\":[{\"@type\":\"WebPage\",\"@id\":\"https:\/\/www.abritel.fr\/guides-voyage\/destinations\/jour-ferie\/marche-noel-strasbourg\",\"url\":\"https:\/\/www.abritel.fr\/guides-voyage\/destinations\/jour-ferie\/marche-noel-strasbourg\",\"name\":\"March\u00e9 de No\u00ebl de Strasbourg 2016\",\"isPartOf\":{\"@id\":\"https:\/\/www.abritel.fr\/guides-voyage\/#website\"},\"datePublished\":\"2019-10-31T00:00:00+00:00\",\"dateModified\":\"2019-10-31T00:00:00+00:00\",\"author\":{\"@id\":\"https:\/\/www.abritel.fr\/guides-voyage\/#\/schema\/person\/520e43ecbb88d854b065acd2b48b42d2\"},\"description\":\"March\u00e9 de No\u00ebl de Strasbourg 2016 : du 25 novembre au 31 d\u00e9cembre. Abritel propose de nombreuses locations \u00e0 Strasbourg et en Alsace \u00e0 l'occasion du c\u00e9l\u00e8bre march\u00e9 de No\u00ebl.\",\"breadcrumb\":{\"@id\":\"https:\/\/www.abritel.fr\/guides-voyage\/destinations\/jour-ferie\/marche-noel-strasbourg#breadcrumb\"},\"inLanguage\":\"en-US\",\"potentialAction\":[{\"@type\":\"ReadAction\",\"target\":[\"https:\/\/www.abritel.fr\/guides-voyage\/destinations\/jour-ferie\/marche-noel-strasbourg\"]}]},{\"@type\":\"BreadcrumbList\",\"@id\":\"https:\/\/www.abritel.fr\/guides-voyage\/destinations\/jour-ferie\/marche-noel-strasbourg#breadcrumb\",\"itemListElement\":[{\"@type\":\"ListItem\",\"position\":1,\"name\":\"Home\",\"item\":\"https:\/\/www.abritel.fr\/guides-voyage\/\"},{\"@type\":\"ListItem\",\"position\":2,\"name\":\"Destinations\",\"item\":\"https:\/\/www.abritel.fr\/guides-voyage\/destinations\"},{\"@type\":\"ListItem\",\"position\":3,\"name\":\"Profiter des jours f\u00e9ri\u00e9s\",\"item\":\"https:\/\/www.abritel.fr\/guides-voyage\/destinations\/jour-ferie\"},{\"@type\":\"ListItem\",\"position\":4,\"name\":\"Le march\u00e9 de No\u00ebl de Strasbourg\"}]},{\"@type\":\"WebSite\",\"@id\":\"https:\/\/www.abritel.fr\/guides-voyage\/#website\",\"url\":\"https:\/\/www.abritel.fr\/guides-voyage\/\",\"name\":\"Abritel\",\"description\":\"Abritel\",\"potentialAction\":[{\"@type\":\"SearchAction\",\"target\":{\"@type\":\"EntryPoint\",\"urlTemplate\":\"https:\/\/www.abritel.fr\/guides-voyage\/?s={search_term_string}\"},\"query-input\":\"required name=search_term_string\"}],\"inLanguage\":\"en-US\"},{\"@type\":\"Person\",\"@id\":\"https:\/\/www.abritel.fr\/guides-voyage\/#\/schema\/person\/520e43ecbb88d854b065acd2b48b42d2\",\"name\":\"vrbous_admin\",\"image\":{\"@type\":\"ImageObject\",\"inLanguage\":\"en-US\",\"@id\":\"https:\/\/www.abritel.fr\/guides-voyage\/#\/schema\/person\/image\/\",\"url\":\"https:\/\/secure.gravatar.com\/avatar\/34fbaa9832585e9f68574cb233fe8d82?s=96&d=mm&r=g\",\"contentUrl\":\"https:\/\/secure.gravatar.com\/avatar\/34fbaa9832585e9f68574cb233fe8d82?s=96&d=mm&r=g\",\"caption\":\"vrbous_admin\"},\"sameAs\":[\"https:\/\/vrbous.web\"],\"url\":\"https:\/\/www.abritel.fr\/guides-voyage\/author\/vrbous_admin\"}]}<\/script>\n<!-- \/ Yoast SEO plugin. -->","yoast_head_json":{"title":"March\u00e9 de No\u00ebl de Strasbourg 2016","description":"March\u00e9 de No\u00ebl de Strasbourg 2016 : du 25 novembre au 31 d\u00e9cembre. Abritel propose de nombreuses locations \u00e0 Strasbourg et en Alsace \u00e0 l'occasion du c\u00e9l\u00e8bre march\u00e9 de No\u00ebl.","robots":{"index":"index","follow":"follow","max-snippet":"max-snippet:-1","max-image-preview":"max-image-preview:large","max-video-preview":"max-video-preview:-1"},"canonical":"https:\/\/www.abritel.fr\/guides-voyage\/destinations\/jour-ferie\/marche-noel-strasbourg","og_locale":"en_US","og_type":"article","og_title":"March\u00e9 de No\u00ebl de Strasbourg 2016","og_description":"March\u00e9 de No\u00ebl de Strasbourg 2016 : du 25 novembre au 31 d\u00e9cembre. Abritel propose de nombreuses locations \u00e0 Strasbourg et en Alsace \u00e0 l'occasion du c\u00e9l\u00e8bre march\u00e9 de No\u00ebl.","og_url":"https:\/\/www.abritel.fr\/guides-voyage\/destinations\/jour-ferie\/marche-noel-strasbourg","og_site_name":"Abritel","article_published_time":"2019-10-31T00:00:00+00:00","author":"vrbous_admin","twitter_card":"summary_large_image","twitter_misc":{"Written by":"vrbous_admin","Est. reading time":"1 minute"},"schema":{"@context":"https:\/\/schema.org","@graph":[{"@type":"WebPage","@id":"https:\/\/www.abritel.fr\/guides-voyage\/destinations\/jour-ferie\/marche-noel-strasbourg","url":"https:\/\/www.abritel.fr\/guides-voyage\/destinations\/jour-ferie\/marche-noel-strasbourg","name":"March\u00e9 de No\u00ebl de Strasbourg 2016","isPartOf":{"@id":"https:\/\/www.abritel.fr\/guides-voyage\/#website"},"datePublished":"2019-10-31T00:00:00+00:00","dateModified":"2019-10-31T00:00:00+00:00","author":{"@id":"https:\/\/www.abritel.fr\/guides-voyage\/#\/schema\/person\/520e43ecbb88d854b065acd2b48b42d2"},"description":"March\u00e9 de No\u00ebl de Strasbourg 2016 : du 25 novembre au 31 d\u00e9cembre. Abritel propose de nombreuses locations \u00e0 Strasbourg et en Alsace \u00e0 l'occasion du c\u00e9l\u00e8bre march\u00e9 de No\u00ebl.","breadcrumb":{"@id":"https:\/\/www.abritel.fr\/guides-voyage\/destinations\/jour-ferie\/marche-noel-strasbourg#breadcrumb"},"inLanguage":"en-US","potentialAction":[{"@type":"ReadAction","target":["https:\/\/www.abritel.fr\/guides-voyage\/destinations\/jour-ferie\/marche-noel-strasbourg"]}]},{"@type":"BreadcrumbList","@id":"https:\/\/www.abritel.fr\/guides-voyage\/destinations\/jour-ferie\/marche-noel-strasbourg#breadcrumb","itemListElement":[{"@type":"ListItem","position":1,"name":"Home","item":"https:\/\/www.abritel.fr\/guides-voyage\/"},{"@type":"ListItem","position":2,"name":"Destinations","item":"https:\/\/www.abritel.fr\/guides-voyage\/destinations"},{"@type":"ListItem","position":3,"name":"Profiter des jours f\u00e9ri\u00e9s","item":"https:\/\/www.abritel.fr\/guides-voyage\/destinations\/jour-ferie"},{"@type":"ListItem","position":4,"name":"Le march\u00e9 de No\u00ebl de Strasbourg"}]},{"@type":"WebSite","@id":"https:\/\/www.abritel.fr\/guides-voyage\/#website","url":"https:\/\/www.abritel.fr\/guides-voyage\/","name":"Abritel","description":"Abritel","potentialAction":[{"@type":"SearchAction","target":{"@type":"EntryPoint","urlTemplate":"https:\/\/www.abritel.fr\/guides-voyage\/?s={search_term_string}"},"query-input":"required name=search_term_string"}],"inLanguage":"en-US"},{"@type":"Person","@id":"https:\/\/www.abritel.fr\/guides-voyage\/#\/schema\/person\/520e43ecbb88d854b065acd2b48b42d2","name":"vrbous_admin","image":{"@type":"ImageObject","inLanguage":"en-US","@id":"https:\/\/www.abritel.fr\/guides-voyage\/#\/schema\/person\/image\/","url":"https:\/\/secure.gravatar.com\/avatar\/34fbaa9832585e9f68574cb233fe8d82?s=96&d=mm&r=g","contentUrl":"https:\/\/secure.gravatar.com\/avatar\/34fbaa9832585e9f68574cb233fe8d82?s=96&d=mm&r=g","caption":"vrbous_admin"},"sameAs":["https:\/\/vrbous.web"],"url":"https:\/\/www.abritel.fr\/guides-voyage\/author\/vrbous_admin"}]}},"_links":{"self":[{"href":"https:\/\/www.abritel.fr\/guides-voyage\/wp-json\/wp\/v2\/posts\/5178"}],"collection":[{"href":"https:\/\/www.abritel.fr\/guides-voyage\/wp-json\/wp\/v2\/posts"}],"about":[{"href":"https:\/\/www.abritel.fr\/guides-voyage\/wp-json\/wp\/v2\/types\/post"}],"author":[{"embeddable":true,"href":"https:\/\/www.abritel.fr\/guides-voyage\/wp-json\/wp\/v2\/users\/1"}],"replies":[{"embeddable":true,"href":"https:\/\/www.abritel.fr\/guides-voyage\/wp-json\/wp\/v2\/comments?post=5178"}],"version-history":[{"count":0,"href":"https:\/\/www.abritel.fr\/guides-voyage\/wp-json\/wp\/v2\/posts\/5178\/revisions"}],"wp:featuredmedia":[{"embeddable":true,"href":"https:\/\/www.abritel.fr\/guides-voyage\/wp-json\/wp\/v2\/media\/5179"}],"wp:attachment":[{"href":"https:\/\/www.abritel.fr\/guides-voyage\/wp-json\/wp\/v2\/media?parent=5178"}],"wp:term":[{"taxonomy":"category","embeddable":true,"href":"https:\/\/www.abritel.fr\/guides-voyage\/wp-json\/wp\/v2\/categories?post=5178"},{"taxonomy":"post_tag","embeddable":true,"href":"https:\/\/www.abritel.fr\/guides-voyage\/wp-json\/wp\/v2\/tags?post=5178"}],"curies":[{"name":"wp","href":"https:\/\/api.w.org\/{rel}","templated":true}]}}