{"id":5080,"date":"2019-07-31T00:00:00","date_gmt":"2019-07-31T00:00:00","guid":{"rendered":""},"modified":"2019-07-31T00:00:00","modified_gmt":"2019-07-31T00:00:00","slug":"visiter-vendee","status":"publish","type":"post","link":"https:\/\/www.abritel.fr\/guides-voyage\/destinations\/locations-vacances-france\/visiter-vendee","title":{"rendered":"La Vend\u00e9e et ses incontournables"},"content":{"rendered":"\n<p>Quand on parle de la Vend\u00e9e, on a en t\u00eate les vagues de l\u2019oc\u00e9an Atlantique, les voiliers du Vend\u00e9e Globe, l\u2019air sal\u00e9 et le vent qui n\u2019en fait qu\u2019\u00e0 sa t\u00eate\u2026 Mais il y a bien d\u2019autres choses \u00e0 y d\u00e9couvrir ! Parcs d\u2019attraction, ch\u00e2teaux, marais salants\u2026 On vous donne une liste des 10 endroits que vous devez absolument visiter lors de votre s\u00e9jour en Vend\u00e9e !<\/p>\n\n\n<p><a href=\"https:\/\/www.abritel.fr\/search\/keywords:vend\u00e9e-pays-de-la-loire-france\">Voir toutes les locations en Vend\u00e9e >\r\n<\/a><\/p>\n\n\n<p><\/p>\n\n\n<hr class=\"wp-block-separator has-alpha-channel-opacity\"\/>\n\n\n<p><\/p>\n\n\n<h2> \r\nLes marais salants de Noirmoutier\r\n<\/h2>\n\n<figure class=\"wp-block-image size-large is-resized\"><img decoding=\"async\" loading=\"lazy\" class=\"wp-image-11 alignalignfull-width\" src=\"\/guides-voyage\/wp-content\/uploads\/2HzPA9P6PYFT4w31lkfCla\/2b9666e3f45e48bf839014c22156ca6b\/visiter_vendee_1_-_Homelidays.jpg\" alt=\"visiter vendee 1 - Homelidays\"><\/figure>\n<p><\/p>\n\n\n<p>Alors d\u00e9j\u00e0, <a href=\"https:\/\/www.abritel.fr\/search\/keywords:\u00eele-de-noirmoutier-pays-de-la-loire-france\">l\u2019\u00eele de Noirmoutier <\/a>c\u2019est la destination id\u00e9ale en Vend\u00e9e si vous aimez l\u2019ambiance bord de mer, avec ses march\u00e9s, les bateaux amarr\u00e9s au port qui tanguent doucement, ses ruelles charg\u00e9es d\u2019histoire\u2026 Et l\u2019histoire de Noirmoutier est intimement li\u00e9e aux marais salants ! Ils recouvrent un bon tiers de l\u2019\u00eele, vous ne pouvez pas les manquer. Vous pouvez les visiter en \u00e9t\u00e9 et au d\u00e9but de l\u2019automne, et d\u00e9couvrir le travail des sauniers qui r\u00e9coltent le sel de mani\u00e8re artisanale. Ramenez de la fleur de sel en souvenir !\r\n\r\n<\/p>\n\n\n<hr class=\"wp-block-separator has-alpha-channel-opacity\"\/>\n\n\n<h2> \r\nLe ch\u00e2teau de Noirmoutier\r\n<\/h2>\n\n<figure class=\"wp-block-image size-large is-resized\"><img decoding=\"async\" loading=\"lazy\" class=\"wp-image-11 alignalignfull-width\" src=\"\/guides-voyage\/wp-content\/uploads\/5u0bK7zVjUbc22aYxVchGp\/63bc0145032d9ec6dde2a6b005115bfa\/visiter_vendee_2_-_Homelidays.jpg\" alt=\"visiter vendee 2 - Homelidays\"><\/figure>\n<p><\/p>\n\n\n<p>Apr\u00e8s avoir visit\u00e9 les marais salants, passons \u00e0 un autre aspect de l\u2019histoire de l\u2019\u00eele. C\u2019est le moment de partir \u00e0 la d\u00e9couverte du ch\u00e2teau de Noirmoutier qui date du XII\u00e8me si\u00e8cle. C\u2019est l\u2019un des ch\u00e2teaux m\u00e9di\u00e9vaux les mieux conserv\u00e9s de France. Faites un tour sur le chemin de ronde comme le seigneur du ch\u00e2teau il y a 800 ans, et admirez le paysage : toute l\u2019\u00eele s\u2018\u00e9tend sous vos yeux !\r\n\r\n \r<\/p>\n\n\n<hr class=\"wp-block-separator has-alpha-channel-opacity\"\/>\n\n\n<h2>\r\nLe passage du Gois\r\n<\/h2>\n\n<figure class=\"wp-block-image size-large is-resized\"><img decoding=\"async\" loading=\"lazy\" class=\"wp-image-11 alignalignfull-width\" src=\"\/guides-voyage\/wp-content\/uploads\/1ZYfkhLkv4e5sq5dbu7SJq\/975f2c41abd1ffe3526c95e237f6a1e4\/visiter_vendee_3_-_Homelidays.jpg\" alt=\"visiter vendee 3 - Homelidays\"><\/figure>\n<p><\/p>\n\n\n<p>Ce passage relie le continent \u00e0 l\u2019\u00eele de Noirmoutier. \u00c0 mar\u00e9e haute, il est recouvert par la mer ! Vous pouvez le traverser sans probl\u00e8me, tant que vous avez bien connaissance des mar\u00e9es. Mais le mieux, c\u2019est encore de vous poser d\u2019un c\u00f4t\u00e9 ou de l\u2019autre, et d\u2019admirer la mer qui en reprend possession. Au coucher du soleil, c\u2019est un spectacle d\u2019une beaut\u00e9 grandiose.\r\n\r\n \r\r\n<\/p>\n\n\n<hr class=\"wp-block-separator has-alpha-channel-opacity\"\/>\n\n\n<p><\/p>\n\n\n<h2>L&#8217;Ile d&#8217;Yeu\r\n<\/h2>\n\n<figure class=\"wp-block-image size-large is-resized\"><img decoding=\"async\" loading=\"lazy\" class=\"wp-image-11 alignalignfull-width\" src=\"\/guides-voyage\/wp-content\/uploads\/1xNhc09PvOopNaHKWjMmcm\/a8942c262f016b0df30654fd85ea2729\/visiter_vendee_4_-_Homelidays.jpg\" alt=\"visiter vendee 4 - Homelidays\"><\/figure>\n<p><\/p>\n\n\n<p>L\u2019<a href=\"https:\/\/www.abritel.fr\/search\/keywords:\u00eele-dyeu-pays-de-la-loire-france\">\u00eele d\u2019Yeu<\/a>, c\u2019est l\u00e0 o\u00f9 vous trouverez la Vend\u00e9e sauvage. Les rochers sur lesquels les vagues viennent se briser, les herbes sauvages qui se courbent sous le souffle du vent\u2026 Mais la civilisation a \u00e9galement atteint l\u2019\u00eele d\u2019Yeu, et ce, depuis des mill\u00e9naires ! Vous allez d\u00e9couvrir des sites pr\u00e9historiques rares, comme le dolmen des Fradets. \u00ab Fradets \u00bb est une contraction du mot \u00ab farfadets \u00bb. Regardez bien : vous apercevrez peut-\u00eatre des petits lutins !\r\n\r\n \r<\/p>\n\n\n<hr class=\"wp-block-separator has-alpha-channel-opacity\"\/>\n\n\n<h2>\r\nLe Puy du Fou\r\n<\/h2>\n\n<figure class=\"wp-block-image size-large is-resized\"><img decoding=\"async\" loading=\"lazy\" class=\"wp-image-11 alignalignfull-width\" src=\"\/guides-voyage\/wp-content\/uploads\/5FvuXQ5J0wY96G9G9idGqc\/eae62afdfa1370642f85a4e96cfb5366\/visiter_vendee_5_-_Homelidays.jpg\" alt=\"visiter vendee 5 - Homelidays\"><\/figure>\n<p><\/p>\n\n\n<p>C\u2019est un des plus grands parcs d\u2019attraction de France, et vous allez en ressortir \u00e9merveill\u00e9(e). Le Puy du Fou propose des spectacles sur la vie au Moyen-\u00e2ge, et particuli\u00e8rement le plus grand spectacle de nuit au monde : la Cin\u00e9sc\u00e9nie ! Croyez-nous, vous allez en ressortir les yeux comme des soucoupes. Imaginez un peu : 1200 acteurs, des effets sonores, lumineux, des jeux d\u2019eaux\u2026 Une production gigantesque et passionnante !\r\n\r\n \r<\/p>\n\n\n<hr class=\"wp-block-separator has-alpha-channel-opacity\"\/>\n\n\n<h2>\r\nLe Mont des Alouettes\r\n<\/h2>\n\n<figure class=\"wp-block-image size-large is-resized\"><img decoding=\"async\" loading=\"lazy\" class=\"wp-image-11 alignalignfull-width\" src=\"\/guides-voyage\/wp-content\/uploads\/2rLTJwbWJfsAstv2m7Opjn\/5318426d52b7b29d71d67b7ec756c9ed\/visiter_vendee_6_-_Homelidays.jpg\" alt=\"visiter vendee 6 - Homelidays\"><\/figure>\n<p><\/p>\n\n\n<p>Le Mont des Alouettes est une colline qui se situe sur la commune des Herbiers, pas tr\u00e8s loin du Puy du Fou. C\u2019est une colline de meuniers : vous y d\u00e9couvrirez trois moulins \u00e0 voile, dont le dernier moulin \u00e0 voile en activit\u00e9 dans le monde. Des activit\u00e9s sont propos\u00e9es aux enfants. Quant aux parents, pourquoi ne pas se poser deux minutes et regarder le mouvement des ailes ? Il y a l\u00e0 quelque chose d\u2019infiniment reposant.\r\n\r\n<\/p>\n\n\n<hr class=\"wp-block-separator has-alpha-channel-opacity\"\/>\n\n\n<p><\/p>\n\n\n<h2>\r\nLa Venise verte\r\n<\/h2>\n\n<figure class=\"wp-block-image size-large is-resized\"><img decoding=\"async\" loading=\"lazy\" class=\"wp-image-11 alignalignfull-width\" src=\"\/guides-voyage\/wp-content\/uploads\/4LUCiLe8KziVxUsq9vtUXt\/14e72cf4249eaee80681e6b048384a4e\/visiter_vendee_7_-_Homelidays.jpg\" alt=\"visiter vendee 7 - Homelidays\"><\/figure>\n<p><\/p>\n\n\n<p>Visitez le marais poitevin ! En barque, en cano\u00eb ou en v\u00e9lo sur les chemins de halage, vous vous promenez dans une nature vierge et tranquille. Le seul bruit que vous entendez, c\u2019est le bruissement des feuilles, le doux clapotis de l\u2019eau, et parfois le battement d\u2019ailes des oiseaux. Si ce n\u2019est pas le paradis, \u00e7a y ressemble !\r\n\r\n \r<\/p>\n\n\n<hr class=\"wp-block-separator has-alpha-channel-opacity\"\/>\n\n\n<h2>\r\nLes Sables d&#8217;Olonne\r\n<\/h2>\n\n<figure class=\"wp-block-image size-large is-resized\"><img decoding=\"async\" loading=\"lazy\" class=\"wp-image-11 alignalignfull-width\" src=\"\/guides-voyage\/wp-content\/uploads\/5PUeikAgNNIYDDCMzSwkQR\/1419dc5b5abdc279774c34ded30daecf\/visiter_vendee_8_-_Homelidays.jpg\" alt=\"visiter vendee 8 - Homelidays\"><\/figure>\n<p><\/p>\n\n\n<p><a href=\"https:\/\/www.abritel.fr\/search\/keywords:les-sables-dolonne-pays-de-la-loire-france\">Les Sables d\u2019Olonne<\/a>, c\u2019est une ville formidable \u00e0 visiter, mais c\u2019est surtout la ville de d\u00e9part et d\u2019arriv\u00e9e du Vend\u00e9e Globe, une course \u00e0 la voile, en solitaire autour du monde. Alors si d\u00e9j\u00e0 vous allez aux Sables d\u2019Olonne, autant en profiter pour assister au d\u00e9part ! Les bateaux concurrents effectuent toujours une parade avant de partir en mer : venez les encourager !\r\n\r \r\n<\/p>\n\n\n<hr class=\"wp-block-separator has-alpha-channel-opacity\"\/>\n\n\n<h2>\r\nLe Grand D\u00e9fi<\/h2>\n\n\n<p><\/p>\n\n<figure class=\"wp-block-image size-large is-resized\"><img decoding=\"async\" loading=\"lazy\" class=\"wp-image-11 alignalignfull-width\" src=\"\/guides-voyage\/wp-content\/uploads\/6vBWE8qN9XqTAlICLm3kgj\/d8e8a48f22d0bb6b70a4e663e36183f0\/visiter_vendee_9_-_Homelidays.jpg\" alt=\"visiter vendee 9 - Homelidays\"><\/figure>\n<p><\/p>\n\n\n<p>Pas tr\u00e8s loin des Sables d\u2019Olonne, \u00e0 St Julien des Landes, le Grand D\u00e9fi, c\u2019est l\u2019endroit o\u00f9 vous pouvez emmener les enfants se d\u00e9fouler. Il y a vraiment de quoi s\u2019occuper : accrobranche, paintball, parcours d\u2019orientation, balade en poney\u2026 Vous ne vous ennuierez pas non plus : il y a des parcours pour les adultes ! Allez hop, passez en mode parcours du combattant !\r\n\r\n<\/p>\n\n","protected":false},"excerpt":{"rendered":"<p>Quand on parle de la Vend\u00e9e, on a en t\u00eate les vagues de l\u2019oc\u00e9an Atlantique, les voiliers du Vend\u00e9e Globe, l\u2019air sal\u00e9 et le vent qui n\u2019en fait qu\u2019\u00e0 sa t\u00eate\u2026 Mais il y a bien d\u2019autres choses \u00e0 y d\u00e9couvrir ! Parcs d\u2019attraction, ch\u00e2teaux, marais salants\u2026 On vous donne une liste des 10 endroits&#8230;<\/p>\n","protected":false},"author":1,"featured_media":5081,"comment_status":"closed","ping_status":"closed","sticky":false,"template":"","format":"standard","meta":[],"categories":[66],"tags":[],"acf":[],"yoast_head":"<!-- This site is optimized with the Yoast SEO plugin v19.12 - https:\/\/yoast.com\/wordpress\/plugins\/seo\/ -->\n<title>Que faire en Vend\u00e9e ? Id\u00e9es de visites incontournables<\/title>\n<meta name=\"description\" content=\"Vacances en Vend\u00e9e - Parcs d\u2019attraction, ch\u00e2teaux, marais salants\u2026 On vous donne une liste des endroits que vous devez absolument visiter lors de votre s\u00e9jour en Vend\u00e9e !\" \/>\n<meta name=\"robots\" content=\"index, follow, max-snippet:-1, max-image-preview:large, max-video-preview:-1\" \/>\n<link rel=\"canonical\" href=\"https:\/\/www.abritel.fr\/guides-voyage\/destinations\/locations-vacances-france\/visiter-vendee\" \/>\n<meta property=\"og:locale\" content=\"en_US\" \/>\n<meta property=\"og:type\" content=\"article\" \/>\n<meta property=\"og:title\" content=\"Que faire en Vend\u00e9e ? Id\u00e9es de visites incontournables\" \/>\n<meta property=\"og:description\" content=\"Vacances en Vend\u00e9e - Parcs d\u2019attraction, ch\u00e2teaux, marais salants\u2026 On vous donne une liste des endroits que vous devez absolument visiter lors de votre s\u00e9jour en Vend\u00e9e !\" \/>\n<meta property=\"og:url\" content=\"https:\/\/www.abritel.fr\/guides-voyage\/destinations\/locations-vacances-france\/visiter-vendee\" \/>\n<meta property=\"og:site_name\" content=\"Abritel\" \/>\n<meta property=\"article:published_time\" content=\"2019-07-31T00:00:00+00:00\" \/>\n<meta name=\"author\" content=\"vrbous_admin\" \/>\n<meta name=\"twitter:card\" content=\"summary_large_image\" \/>\n<meta name=\"twitter:label1\" content=\"Written by\" \/>\n\t<meta name=\"twitter:data1\" content=\"vrbous_admin\" \/>\n\t<meta name=\"twitter:label2\" content=\"Est. reading time\" \/>\n\t<meta name=\"twitter:data2\" content=\"4 minutes\" \/>\n<script type=\"application\/ld+json\" class=\"yoast-schema-graph\">{\"@context\":\"https:\/\/schema.org\",\"@graph\":[{\"@type\":\"WebPage\",\"@id\":\"https:\/\/www.abritel.fr\/guides-voyage\/destinations\/locations-vacances-france\/visiter-vendee\",\"url\":\"https:\/\/www.abritel.fr\/guides-voyage\/destinations\/locations-vacances-france\/visiter-vendee\",\"name\":\"Que faire en Vend\u00e9e ? Id\u00e9es de visites incontournables\",\"isPartOf\":{\"@id\":\"https:\/\/www.abritel.fr\/guides-voyage\/#website\"},\"datePublished\":\"2019-07-31T00:00:00+00:00\",\"dateModified\":\"2019-07-31T00:00:00+00:00\",\"author\":{\"@id\":\"https:\/\/www.abritel.fr\/guides-voyage\/#\/schema\/person\/520e43ecbb88d854b065acd2b48b42d2\"},\"description\":\"Vacances en Vend\u00e9e - Parcs d\u2019attraction, ch\u00e2teaux, marais salants\u2026 On vous donne une liste des endroits que vous devez absolument visiter lors de votre s\u00e9jour en Vend\u00e9e !\",\"breadcrumb\":{\"@id\":\"https:\/\/www.abritel.fr\/guides-voyage\/destinations\/locations-vacances-france\/visiter-vendee#breadcrumb\"},\"inLanguage\":\"en-US\",\"potentialAction\":[{\"@type\":\"ReadAction\",\"target\":[\"https:\/\/www.abritel.fr\/guides-voyage\/destinations\/locations-vacances-france\/visiter-vendee\"]}]},{\"@type\":\"BreadcrumbList\",\"@id\":\"https:\/\/www.abritel.fr\/guides-voyage\/destinations\/locations-vacances-france\/visiter-vendee#breadcrumb\",\"itemListElement\":[{\"@type\":\"ListItem\",\"position\":1,\"name\":\"Home\",\"item\":\"https:\/\/www.abritel.fr\/guides-voyage\/\"},{\"@type\":\"ListItem\",\"position\":2,\"name\":\"Destinations\",\"item\":\"https:\/\/www.abritel.fr\/guides-voyage\/destinations\"},{\"@type\":\"ListItem\",\"position\":3,\"name\":\"Locations de vacances en France\",\"item\":\"https:\/\/www.abritel.fr\/guides-voyage\/destinations\/locations-vacances-france\"},{\"@type\":\"ListItem\",\"position\":4,\"name\":\"La Vend\u00e9e et ses incontournables\"}]},{\"@type\":\"WebSite\",\"@id\":\"https:\/\/www.abritel.fr\/guides-voyage\/#website\",\"url\":\"https:\/\/www.abritel.fr\/guides-voyage\/\",\"name\":\"Abritel\",\"description\":\"Abritel\",\"potentialAction\":[{\"@type\":\"SearchAction\",\"target\":{\"@type\":\"EntryPoint\",\"urlTemplate\":\"https:\/\/www.abritel.fr\/guides-voyage\/?s={search_term_string}\"},\"query-input\":\"required name=search_term_string\"}],\"inLanguage\":\"en-US\"},{\"@type\":\"Person\",\"@id\":\"https:\/\/www.abritel.fr\/guides-voyage\/#\/schema\/person\/520e43ecbb88d854b065acd2b48b42d2\",\"name\":\"vrbous_admin\",\"image\":{\"@type\":\"ImageObject\",\"inLanguage\":\"en-US\",\"@id\":\"https:\/\/www.abritel.fr\/guides-voyage\/#\/schema\/person\/image\/\",\"url\":\"https:\/\/secure.gravatar.com\/avatar\/34fbaa9832585e9f68574cb233fe8d82?s=96&d=mm&r=g\",\"contentUrl\":\"https:\/\/secure.gravatar.com\/avatar\/34fbaa9832585e9f68574cb233fe8d82?s=96&d=mm&r=g\",\"caption\":\"vrbous_admin\"},\"sameAs\":[\"https:\/\/vrbous.web\"],\"url\":\"https:\/\/www.abritel.fr\/guides-voyage\/author\/vrbous_admin\"}]}<\/script>\n<!-- \/ Yoast SEO plugin. -->","yoast_head_json":{"title":"Que faire en Vend\u00e9e ? Id\u00e9es de visites incontournables","description":"Vacances en Vend\u00e9e - Parcs d\u2019attraction, ch\u00e2teaux, marais salants\u2026 On vous donne une liste des endroits que vous devez absolument visiter lors de votre s\u00e9jour en Vend\u00e9e !","robots":{"index":"index","follow":"follow","max-snippet":"max-snippet:-1","max-image-preview":"max-image-preview:large","max-video-preview":"max-video-preview:-1"},"canonical":"https:\/\/www.abritel.fr\/guides-voyage\/destinations\/locations-vacances-france\/visiter-vendee","og_locale":"en_US","og_type":"article","og_title":"Que faire en Vend\u00e9e ? Id\u00e9es de visites incontournables","og_description":"Vacances en Vend\u00e9e - Parcs d\u2019attraction, ch\u00e2teaux, marais salants\u2026 On vous donne une liste des endroits que vous devez absolument visiter lors de votre s\u00e9jour en Vend\u00e9e !","og_url":"https:\/\/www.abritel.fr\/guides-voyage\/destinations\/locations-vacances-france\/visiter-vendee","og_site_name":"Abritel","article_published_time":"2019-07-31T00:00:00+00:00","author":"vrbous_admin","twitter_card":"summary_large_image","twitter_misc":{"Written by":"vrbous_admin","Est. reading time":"4 minutes"},"schema":{"@context":"https:\/\/schema.org","@graph":[{"@type":"WebPage","@id":"https:\/\/www.abritel.fr\/guides-voyage\/destinations\/locations-vacances-france\/visiter-vendee","url":"https:\/\/www.abritel.fr\/guides-voyage\/destinations\/locations-vacances-france\/visiter-vendee","name":"Que faire en Vend\u00e9e ? Id\u00e9es de visites incontournables","isPartOf":{"@id":"https:\/\/www.abritel.fr\/guides-voyage\/#website"},"datePublished":"2019-07-31T00:00:00+00:00","dateModified":"2019-07-31T00:00:00+00:00","author":{"@id":"https:\/\/www.abritel.fr\/guides-voyage\/#\/schema\/person\/520e43ecbb88d854b065acd2b48b42d2"},"description":"Vacances en Vend\u00e9e - Parcs d\u2019attraction, ch\u00e2teaux, marais salants\u2026 On vous donne une liste des endroits que vous devez absolument visiter lors de votre s\u00e9jour en Vend\u00e9e !","breadcrumb":{"@id":"https:\/\/www.abritel.fr\/guides-voyage\/destinations\/locations-vacances-france\/visiter-vendee#breadcrumb"},"inLanguage":"en-US","potentialAction":[{"@type":"ReadAction","target":["https:\/\/www.abritel.fr\/guides-voyage\/destinations\/locations-vacances-france\/visiter-vendee"]}]},{"@type":"BreadcrumbList","@id":"https:\/\/www.abritel.fr\/guides-voyage\/destinations\/locations-vacances-france\/visiter-vendee#breadcrumb","itemListElement":[{"@type":"ListItem","position":1,"name":"Home","item":"https:\/\/www.abritel.fr\/guides-voyage\/"},{"@type":"ListItem","position":2,"name":"Destinations","item":"https:\/\/www.abritel.fr\/guides-voyage\/destinations"},{"@type":"ListItem","position":3,"name":"Locations de vacances en France","item":"https:\/\/www.abritel.fr\/guides-voyage\/destinations\/locations-vacances-france"},{"@type":"ListItem","position":4,"name":"La Vend\u00e9e et ses incontournables"}]},{"@type":"WebSite","@id":"https:\/\/www.abritel.fr\/guides-voyage\/#website","url":"https:\/\/www.abritel.fr\/guides-voyage\/","name":"Abritel","description":"Abritel","potentialAction":[{"@type":"SearchAction","target":{"@type":"EntryPoint","urlTemplate":"https:\/\/www.abritel.fr\/guides-voyage\/?s={search_term_string}"},"query-input":"required name=search_term_string"}],"inLanguage":"en-US"},{"@type":"Person","@id":"https:\/\/www.abritel.fr\/guides-voyage\/#\/schema\/person\/520e43ecbb88d854b065acd2b48b42d2","name":"vrbous_admin","image":{"@type":"ImageObject","inLanguage":"en-US","@id":"https:\/\/www.abritel.fr\/guides-voyage\/#\/schema\/person\/image\/","url":"https:\/\/secure.gravatar.com\/avatar\/34fbaa9832585e9f68574cb233fe8d82?s=96&d=mm&r=g","contentUrl":"https:\/\/secure.gravatar.com\/avatar\/34fbaa9832585e9f68574cb233fe8d82?s=96&d=mm&r=g","caption":"vrbous_admin"},"sameAs":["https:\/\/vrbous.web"],"url":"https:\/\/www.abritel.fr\/guides-voyage\/author\/vrbous_admin"}]}},"_links":{"self":[{"href":"https:\/\/www.abritel.fr\/guides-voyage\/wp-json\/wp\/v2\/posts\/5080"}],"collection":[{"href":"https:\/\/www.abritel.fr\/guides-voyage\/wp-json\/wp\/v2\/posts"}],"about":[{"href":"https:\/\/www.abritel.fr\/guides-voyage\/wp-json\/wp\/v2\/types\/post"}],"author":[{"embeddable":true,"href":"https:\/\/www.abritel.fr\/guides-voyage\/wp-json\/wp\/v2\/users\/1"}],"replies":[{"embeddable":true,"href":"https:\/\/www.abritel.fr\/guides-voyage\/wp-json\/wp\/v2\/comments?post=5080"}],"version-history":[{"count":0,"href":"https:\/\/www.abritel.fr\/guides-voyage\/wp-json\/wp\/v2\/posts\/5080\/revisions"}],"wp:featuredmedia":[{"embeddable":true,"href":"https:\/\/www.abritel.fr\/guides-voyage\/wp-json\/wp\/v2\/media\/5081"}],"wp:attachment":[{"href":"https:\/\/www.abritel.fr\/guides-voyage\/wp-json\/wp\/v2\/media?parent=5080"}],"wp:term":[{"taxonomy":"category","embeddable":true,"href":"https:\/\/www.abritel.fr\/guides-voyage\/wp-json\/wp\/v2\/categories?post=5080"},{"taxonomy":"post_tag","embeddable":true,"href":"https:\/\/www.abritel.fr\/guides-voyage\/wp-json\/wp\/v2\/tags?post=5080"}],"curies":[{"name":"wp","href":"https:\/\/api.w.org\/{rel}","templated":true}]}}