{"id":4936,"date":"2018-12-19T00:00:00","date_gmt":"2018-12-19T00:00:00","guid":{"rendered":""},"modified":"2018-12-19T00:00:00","modified_gmt":"2018-12-19T00:00:00","slug":"location-chalet-pyrenees","status":"publish","type":"post","link":"https:\/\/www.abritel.fr\/guides-voyage\/type-de-location\/chalet\/location-chalet-pyrenees","title":{"rendered":"Un chalet d\u2019exception dans les Pyr\u00e9n\u00e9es"},"content":{"rendered":"\n<p>Rendez-vous au pied des pistes pour un week-end 100 % nature au c\u0153ur de la cha\u00eene montagneuse des Pyr\u00e9n\u00e9es. Sillonnant les cr\u00eates de la fronti\u00e8re franco-espagnole, de la mer M\u00e9diterran\u00e9e jusqu\u2019au golfe de Gascogne, la cha\u00eene de montagnes s\u2019\u00e9tend sur pas moins de 430 kilom\u00e8tres. Elle traverse deux r\u00e9gions (Occitanie et Nouvelle-Aquitaine) et pas moins de six d\u00e9partements. Torrents de montagne, cascades et chutes d\u2019eau spectaculaires, sommets d\u00e9passant les 3 000 m\u00e8tres d\u2019altitude, magnifiques vall\u00e9es o\u00f9 il fait bon de se promener\u2026 D\u00e9couvrez une s\u00e9lection de chalets d\u2019exception, en Pyr\u00e9n\u00e9es-Atlantiques ou dans le parc national des Pyr\u00e9n\u00e9es, \u00e0 partager en famille ou entre amis, pour un s\u00e9jour inoubliable\u202f!<\/p>\n\n<figure class=\"wp-block-image size-large is-resized\"><img decoding=\"async\" loading=\"lazy\" class=\"wp-image-11 alignalignfull-width\" src=\"\/guides-voyage\/wp-content\/uploads\/4O4dDqlJvWcqAqS46maSU6\/e7c3688bbbefd3436659812dca41c73b\/house-flower-window-home-porch-balcony-818450-pxhere.com.jpg\" alt=\"La fa\u00e7ade d\u2019un chalet en pierres, bord\u00e9e de fleurs rouges \"><\/figure>\n<p><\/p>\n\n\n<h2><a name=\"Pyr\u00e9n\u00e9es_atlantiques\">Pyr\u00e9n\u00e9es atlantiques<\/a><\/h2>\n\n\n<p>Que vous alliez du c\u00f4t\u00e9 basque ou que vous vous retiriez davantage dans les terres, vous serez surpris par la beaut\u00e9 de cette r\u00e9gion du sud de la France. Sachez que si vous choisissez de partir pour un s\u00e9jour d\u2019un week-end ou m\u00eame d\u2019une semaine, vous n\u2019aurez pas le temps de tout faire\u202f!<\/p>\n\n\n<h3>5 endroits incontournables \u00e0 visiter<\/h3>\n\n\n<ol>\n<li>Skiez dans un d\u00e9cor de r\u00eave au sein de la station de ski de La Pierre Saint-Martin\u202f! Partez \u00e0 la d\u00e9couverte du domaine skiable, entre 1 500 et 2 000 m\u00e8tres d\u2019altitude, et de ses 24 pistes. Envie d\u2019\u00eatre h\u00e9berg\u00e9 dans un village de chalets\u202f? Offrez-vous ce <a href=\"https:\/\/www.abritel.fr\/location-vacances\/p1286108\">chalet typique<\/a> \u00e0 Accous, \u00e0 moins de 30 kilom\u00e8tres de la station. \u00c0 vous le ski, les randonn\u00e9es p\u00e9destres et le parapente\u202f! <\/li>\n\n\n<li>Vous souhaitez avoir une vue imprenable sur la cha\u00eene de montagnes\u202f? Rendez-vous \u00e0 Pau, par ciel d\u00e9gag\u00e9. Prenez le funiculaire et retrouvez-vous au boulevard des Pyr\u00e9n\u00e9es\u202f!<\/li>\n\n\n<li>Visitez un des plus beaux villages de France en vous rendant dans la petite bourgade de Navarrenx, capitale du saumon et cit\u00e9 incontournable sur les chemins de Compostelle.<\/li>\n\n\n<li>\u00ab Je r\u00eave de Biarritz en \u00e9t\u00e9 \u00bb chantonne l\u2019artiste fran\u00e7ais S\u00e9bastien Tellier. Fl\u00e2nez dans cette ville baln\u00e9aire de la c\u00f4te basque et laissez-vous tenter par une petite le\u00e7on de surf\u202f!<\/li>\n\n\n<li>Dirigez-vous un peu au sud de la c\u00f4te basque et atteignez Saint-Jean-de-Luz. Vous y visiterez la Maison Louis XIV, une demeure du XVIIe si\u00e8cle o\u00f9 le c\u00e9l\u00e8bre roi v\u00e9cut pendant un mois.<\/li>\n\n<\/ol>\n\n\n<p><\/p>\n\n\n<h2><a name=\"Hautes-Pyr\u00e9n\u00e9es\">Hautes-Pyr\u00e9n\u00e9es<\/a><\/h2>\n\n<figure class=\"wp-block-image size-large is-resized\"><img decoding=\"async\" loading=\"lazy\" class=\"wp-image-11 alignalignfull-width\" src=\"\/guides-voyage\/wp-content\/uploads\/4iKBfyGkHKMCEcumwyIcY2\/6f44703804483b7a071b570631510af5\/landscape-wilderness-walking-mountain-sky-hiking-571971-pxhere.com.jpg\" alt=\"Une cha\u00eene de montagnes dans les Pyr\u00e9n\u00e9es en \u00e9t\u00e9\"><\/figure>\n<p>Le d\u00e9partement des Hautes-Pyr\u00e9n\u00e9es regorge de superbes destinations touristiques pour les vacances, en famille, entre amis ou en couple. Vous d\u00e9couvrirez la tranquillit\u00e9 de la montagne en \u00e9t\u00e9 et l\u2019effervescence des pistes de ski et stations thermales pendant les vacances d\u2019hiver. Pour les amateurs de paysages \u00e0 couper le souffle, de biodiversit\u00e9 pr\u00e9serv\u00e9e et de sentiers de randonn\u00e9e p\u00e9destre, direction le parc national des Pyr\u00e9n\u00e9es. N\u2019oubliez pas de faire un arr\u00eat dans cette zone de 8 000 hectares en haute vall\u00e9e d\u2019Ossau et de loger dans une des maisons du parc national.<\/p>\n\n\n<h3>Un chalet dans les Hautes-Pyr\u00e9n\u00e9es<\/h3>\n\n\n<h4>Lourdes<\/h4>\n\n\n<p>N\u2019h\u00e9sitez pas \u00e0 passer par le centre de p\u00e8lerinage catholique de Lourdes, deuxi\u00e8me ville la plus visit\u00e9e de France apr\u00e8s Paris. Construite autour d\u2019un piton rocheux, Lourdes accueille chaque ann\u00e9e plus de 6 millions de visiteurs. Loin du tumulte de la ville, r\u00e9servez <a href=\"https:\/\/www.abritel.fr\/location-vacances\/p1160549a\">votre chalet \u00e0 Pouzac<\/a>, au c\u0153ur des Pyr\u00e9n\u00e9es fran\u00e7aises, \u00e0 seulement 15 kilom\u00e8tres de Lourdes. Avec piscine priv\u00e9e et court de tennis\u202f!<\/p>\n\n\n<h4>Cirque de Gavarnie et col du Tourmalet<\/h4>\n\n<figure class=\"wp-block-image size-large is-resized\"><img decoding=\"async\" loading=\"lazy\" class=\"wp-image-11 alignalignfull-width\" src=\"\/guides-voyage\/wp-content\/uploads\/1wYfNKJKFOuCSQIywg2WOs\/d4e9ba4b4518473856f9f437fe42f6d5\/beach-landscape-water-nature-walking-mountain-364182-pxhere.com.jpg\" alt=\"Le cirque de Gavarnie dans le parc national des Pyr\u00e9n\u00e9es\"><\/figure>\n<p>Le cirque de Gavarnie est un cirque glaciaire, enceinte naturelle aux parois abruptes, creus\u00e9 au c\u0153ur du parc national des Pyr\u00e9n\u00e9es. Il est inscrit depuis 1997 au patrimoine mondial de l&#8217;UNESCO (avec Pyr\u00e9n\u00e9es &#8211; Mont Perdu). Son sommet le plus haut, le pic du Marbor\u00e9, culmine \u00e0 3 248 m\u00e8tres d\u2019altitude. Vous pourrez louer <a href=\"https:\/\/www.abritel.fr\/location-vacances\/p73594a\">un chalet de 400 m\u00b2<\/a> dans le village de Bar\u00e8ges et emprunter les chemins de randonn\u00e9e pour acc\u00e9der au col du Tourmalet vers le nord-est ou vous rendre au cirque de Gavarnie au sud.<\/p>\n\n\n<h4>R\u00e9serve naturelle de N\u00e9ouvielle<\/h4>\n\n\n<p>Vous d\u00e9couvrirez une magnifique r\u00e9serve naturelle montagnarde exceptionnelle, faite d\u2019ar\u00eates de granit. Amoureux de la nature\u202f? Vous serez servi. Plus de 70 lacs, des pins \u00e0 crochets centenaires, des randonn\u00e9es dans un cadre magique\u2026 R\u00e9servez votre <a href=\"https:\/\/www.abritel.fr\/location-vacances\/p616541\">chalet pas cher de caract\u00e8re \u00e0 Aragnouet<\/a>, en vall\u00e9e d\u2019Aure. Pour un groupe de 10 personnes, \u00e0 moins de 150 euros la nuit, vous serez \u00e0 deux pas des canyons aragonais et de la r\u00e9serve naturelle. Notre coup de c\u0153ur : les randonn\u00e9es aux lacs d&#8217;Aumar et Or\u00e9don.<\/p>\n\n","protected":false},"excerpt":{"rendered":"<p>Rendez-vous au pied des pistes pour un week-end 100 % nature au c\u0153ur de la cha\u00eene montagneuse des Pyr\u00e9n\u00e9es. Sillonnant les cr\u00eates de la fronti\u00e8re franco-espagnole, de la mer M\u00e9diterran\u00e9e jusqu\u2019au golfe de Gascogne, la cha\u00eene de montagnes s\u2019\u00e9tend sur pas moins de 430 kilom\u00e8tres. Elle traverse deux r\u00e9gions (Occitanie et Nouvelle-Aquitaine) et pas moins&#8230;<\/p>\n","protected":false},"author":1,"featured_media":4937,"comment_status":"closed","ping_status":"closed","sticky":false,"template":"","format":"standard","meta":[],"categories":[76],"tags":[],"acf":[],"yoast_head":"<!-- This site is optimized with the Yoast SEO plugin v19.12 - https:\/\/yoast.com\/wordpress\/plugins\/seo\/ -->\n<title>Un s\u00e9jour en chalet dans les Pyr\u00e9n\u00e9es<\/title>\n<meta name=\"description\" content=\"Si entre les Pyr\u00e9n\u00e9es atlantiques et les Hautes-Pyr\u00e9n\u00e9es, votre c\u0153ur balance... D\u00e9couvrez les sites incontournables o\u00f9 louer un chalet.\" \/>\n<meta name=\"robots\" content=\"index, follow, max-snippet:-1, max-image-preview:large, max-video-preview:-1\" \/>\n<link rel=\"canonical\" href=\"https:\/\/www.abritel.fr\/guides-voyage\/type-de-location\/chalet\/location-chalet-pyrenees\" \/>\n<meta property=\"og:locale\" content=\"en_US\" \/>\n<meta property=\"og:type\" content=\"article\" \/>\n<meta property=\"og:title\" content=\"Un s\u00e9jour en chalet dans les Pyr\u00e9n\u00e9es\" \/>\n<meta property=\"og:description\" content=\"Si entre les Pyr\u00e9n\u00e9es atlantiques et les Hautes-Pyr\u00e9n\u00e9es, votre c\u0153ur balance... D\u00e9couvrez les sites incontournables o\u00f9 louer un chalet.\" \/>\n<meta property=\"og:url\" content=\"https:\/\/www.abritel.fr\/guides-voyage\/type-de-location\/chalet\/location-chalet-pyrenees\" \/>\n<meta property=\"og:site_name\" content=\"Abritel\" \/>\n<meta property=\"article:published_time\" content=\"2018-12-19T00:00:00+00:00\" \/>\n<meta name=\"author\" content=\"vrbous_admin\" \/>\n<meta name=\"twitter:card\" content=\"summary_large_image\" \/>\n<meta name=\"twitter:label1\" content=\"Written by\" \/>\n\t<meta name=\"twitter:data1\" content=\"vrbous_admin\" \/>\n\t<meta name=\"twitter:label2\" content=\"Est. reading time\" \/>\n\t<meta name=\"twitter:data2\" content=\"4 minutes\" \/>\n<script type=\"application\/ld+json\" class=\"yoast-schema-graph\">{\"@context\":\"https:\/\/schema.org\",\"@graph\":[{\"@type\":\"WebPage\",\"@id\":\"https:\/\/www.abritel.fr\/guides-voyage\/type-de-location\/chalet\/location-chalet-pyrenees\",\"url\":\"https:\/\/www.abritel.fr\/guides-voyage\/type-de-location\/chalet\/location-chalet-pyrenees\",\"name\":\"Un s\u00e9jour en chalet dans les Pyr\u00e9n\u00e9es\",\"isPartOf\":{\"@id\":\"https:\/\/www.abritel.fr\/guides-voyage\/#website\"},\"datePublished\":\"2018-12-19T00:00:00+00:00\",\"dateModified\":\"2018-12-19T00:00:00+00:00\",\"author\":{\"@id\":\"https:\/\/www.abritel.fr\/guides-voyage\/#\/schema\/person\/520e43ecbb88d854b065acd2b48b42d2\"},\"description\":\"Si entre les Pyr\u00e9n\u00e9es atlantiques et les Hautes-Pyr\u00e9n\u00e9es, votre c\u0153ur balance... D\u00e9couvrez les sites incontournables o\u00f9 louer un chalet.\",\"breadcrumb\":{\"@id\":\"https:\/\/www.abritel.fr\/guides-voyage\/type-de-location\/chalet\/location-chalet-pyrenees#breadcrumb\"},\"inLanguage\":\"en-US\",\"potentialAction\":[{\"@type\":\"ReadAction\",\"target\":[\"https:\/\/www.abritel.fr\/guides-voyage\/type-de-location\/chalet\/location-chalet-pyrenees\"]}]},{\"@type\":\"BreadcrumbList\",\"@id\":\"https:\/\/www.abritel.fr\/guides-voyage\/type-de-location\/chalet\/location-chalet-pyrenees#breadcrumb\",\"itemListElement\":[{\"@type\":\"ListItem\",\"position\":1,\"name\":\"Home\",\"item\":\"https:\/\/www.abritel.fr\/guides-voyage\/\"},{\"@type\":\"ListItem\",\"position\":2,\"name\":\"Types de location\",\"item\":\"https:\/\/www.abritel.fr\/guides-voyage\/type-de-location\"},{\"@type\":\"ListItem\",\"position\":3,\"name\":\"Chalet\",\"item\":\"https:\/\/www.abritel.fr\/guides-voyage\/type-de-location\/chalet\"},{\"@type\":\"ListItem\",\"position\":4,\"name\":\"Un chalet d\u2019exception dans les Pyr\u00e9n\u00e9es\"}]},{\"@type\":\"WebSite\",\"@id\":\"https:\/\/www.abritel.fr\/guides-voyage\/#website\",\"url\":\"https:\/\/www.abritel.fr\/guides-voyage\/\",\"name\":\"Abritel\",\"description\":\"Abritel\",\"potentialAction\":[{\"@type\":\"SearchAction\",\"target\":{\"@type\":\"EntryPoint\",\"urlTemplate\":\"https:\/\/www.abritel.fr\/guides-voyage\/?s={search_term_string}\"},\"query-input\":\"required name=search_term_string\"}],\"inLanguage\":\"en-US\"},{\"@type\":\"Person\",\"@id\":\"https:\/\/www.abritel.fr\/guides-voyage\/#\/schema\/person\/520e43ecbb88d854b065acd2b48b42d2\",\"name\":\"vrbous_admin\",\"image\":{\"@type\":\"ImageObject\",\"inLanguage\":\"en-US\",\"@id\":\"https:\/\/www.abritel.fr\/guides-voyage\/#\/schema\/person\/image\/\",\"url\":\"https:\/\/secure.gravatar.com\/avatar\/34fbaa9832585e9f68574cb233fe8d82?s=96&d=mm&r=g\",\"contentUrl\":\"https:\/\/secure.gravatar.com\/avatar\/34fbaa9832585e9f68574cb233fe8d82?s=96&d=mm&r=g\",\"caption\":\"vrbous_admin\"},\"sameAs\":[\"https:\/\/vrbous.web\"],\"url\":\"https:\/\/www.abritel.fr\/guides-voyage\/author\/vrbous_admin\"}]}<\/script>\n<!-- \/ Yoast SEO plugin. -->","yoast_head_json":{"title":"Un s\u00e9jour en chalet dans les Pyr\u00e9n\u00e9es","description":"Si entre les Pyr\u00e9n\u00e9es atlantiques et les Hautes-Pyr\u00e9n\u00e9es, votre c\u0153ur balance... D\u00e9couvrez les sites incontournables o\u00f9 louer un chalet.","robots":{"index":"index","follow":"follow","max-snippet":"max-snippet:-1","max-image-preview":"max-image-preview:large","max-video-preview":"max-video-preview:-1"},"canonical":"https:\/\/www.abritel.fr\/guides-voyage\/type-de-location\/chalet\/location-chalet-pyrenees","og_locale":"en_US","og_type":"article","og_title":"Un s\u00e9jour en chalet dans les Pyr\u00e9n\u00e9es","og_description":"Si entre les Pyr\u00e9n\u00e9es atlantiques et les Hautes-Pyr\u00e9n\u00e9es, votre c\u0153ur balance... D\u00e9couvrez les sites incontournables o\u00f9 louer un chalet.","og_url":"https:\/\/www.abritel.fr\/guides-voyage\/type-de-location\/chalet\/location-chalet-pyrenees","og_site_name":"Abritel","article_published_time":"2018-12-19T00:00:00+00:00","author":"vrbous_admin","twitter_card":"summary_large_image","twitter_misc":{"Written by":"vrbous_admin","Est. reading time":"4 minutes"},"schema":{"@context":"https:\/\/schema.org","@graph":[{"@type":"WebPage","@id":"https:\/\/www.abritel.fr\/guides-voyage\/type-de-location\/chalet\/location-chalet-pyrenees","url":"https:\/\/www.abritel.fr\/guides-voyage\/type-de-location\/chalet\/location-chalet-pyrenees","name":"Un s\u00e9jour en chalet dans les Pyr\u00e9n\u00e9es","isPartOf":{"@id":"https:\/\/www.abritel.fr\/guides-voyage\/#website"},"datePublished":"2018-12-19T00:00:00+00:00","dateModified":"2018-12-19T00:00:00+00:00","author":{"@id":"https:\/\/www.abritel.fr\/guides-voyage\/#\/schema\/person\/520e43ecbb88d854b065acd2b48b42d2"},"description":"Si entre les Pyr\u00e9n\u00e9es atlantiques et les Hautes-Pyr\u00e9n\u00e9es, votre c\u0153ur balance... D\u00e9couvrez les sites incontournables o\u00f9 louer un chalet.","breadcrumb":{"@id":"https:\/\/www.abritel.fr\/guides-voyage\/type-de-location\/chalet\/location-chalet-pyrenees#breadcrumb"},"inLanguage":"en-US","potentialAction":[{"@type":"ReadAction","target":["https:\/\/www.abritel.fr\/guides-voyage\/type-de-location\/chalet\/location-chalet-pyrenees"]}]},{"@type":"BreadcrumbList","@id":"https:\/\/www.abritel.fr\/guides-voyage\/type-de-location\/chalet\/location-chalet-pyrenees#breadcrumb","itemListElement":[{"@type":"ListItem","position":1,"name":"Home","item":"https:\/\/www.abritel.fr\/guides-voyage\/"},{"@type":"ListItem","position":2,"name":"Types de location","item":"https:\/\/www.abritel.fr\/guides-voyage\/type-de-location"},{"@type":"ListItem","position":3,"name":"Chalet","item":"https:\/\/www.abritel.fr\/guides-voyage\/type-de-location\/chalet"},{"@type":"ListItem","position":4,"name":"Un chalet d\u2019exception dans les Pyr\u00e9n\u00e9es"}]},{"@type":"WebSite","@id":"https:\/\/www.abritel.fr\/guides-voyage\/#website","url":"https:\/\/www.abritel.fr\/guides-voyage\/","name":"Abritel","description":"Abritel","potentialAction":[{"@type":"SearchAction","target":{"@type":"EntryPoint","urlTemplate":"https:\/\/www.abritel.fr\/guides-voyage\/?s={search_term_string}"},"query-input":"required name=search_term_string"}],"inLanguage":"en-US"},{"@type":"Person","@id":"https:\/\/www.abritel.fr\/guides-voyage\/#\/schema\/person\/520e43ecbb88d854b065acd2b48b42d2","name":"vrbous_admin","image":{"@type":"ImageObject","inLanguage":"en-US","@id":"https:\/\/www.abritel.fr\/guides-voyage\/#\/schema\/person\/image\/","url":"https:\/\/secure.gravatar.com\/avatar\/34fbaa9832585e9f68574cb233fe8d82?s=96&d=mm&r=g","contentUrl":"https:\/\/secure.gravatar.com\/avatar\/34fbaa9832585e9f68574cb233fe8d82?s=96&d=mm&r=g","caption":"vrbous_admin"},"sameAs":["https:\/\/vrbous.web"],"url":"https:\/\/www.abritel.fr\/guides-voyage\/author\/vrbous_admin"}]}},"_links":{"self":[{"href":"https:\/\/www.abritel.fr\/guides-voyage\/wp-json\/wp\/v2\/posts\/4936"}],"collection":[{"href":"https:\/\/www.abritel.fr\/guides-voyage\/wp-json\/wp\/v2\/posts"}],"about":[{"href":"https:\/\/www.abritel.fr\/guides-voyage\/wp-json\/wp\/v2\/types\/post"}],"author":[{"embeddable":true,"href":"https:\/\/www.abritel.fr\/guides-voyage\/wp-json\/wp\/v2\/users\/1"}],"replies":[{"embeddable":true,"href":"https:\/\/www.abritel.fr\/guides-voyage\/wp-json\/wp\/v2\/comments?post=4936"}],"version-history":[{"count":0,"href":"https:\/\/www.abritel.fr\/guides-voyage\/wp-json\/wp\/v2\/posts\/4936\/revisions"}],"wp:featuredmedia":[{"embeddable":true,"href":"https:\/\/www.abritel.fr\/guides-voyage\/wp-json\/wp\/v2\/media\/4937"}],"wp:attachment":[{"href":"https:\/\/www.abritel.fr\/guides-voyage\/wp-json\/wp\/v2\/media?parent=4936"}],"wp:term":[{"taxonomy":"category","embeddable":true,"href":"https:\/\/www.abritel.fr\/guides-voyage\/wp-json\/wp\/v2\/categories?post=4936"},{"taxonomy":"post_tag","embeddable":true,"href":"https:\/\/www.abritel.fr\/guides-voyage\/wp-json\/wp\/v2\/tags?post=4936"}],"curies":[{"name":"wp","href":"https:\/\/api.w.org\/{rel}","templated":true}]}}