{"id":4870,"date":"2018-12-19T00:00:00","date_gmt":"2018-12-19T00:00:00","guid":{"rendered":""},"modified":"2018-12-19T00:00:00","modified_gmt":"2018-12-19T00:00:00","slug":"vacances-sud-de-la-france","status":"publish","type":"post","link":"https:\/\/www.abritel.fr\/guides-voyage\/destinations\/locations-vacances-france\/vacances-sud-de-la-france","title":{"rendered":"Tous nos conseils pour vos vacances au sud de la France"},"content":{"rendered":"\n<p>Le sud de la France vous tente pour vos prochaines vacances avec les enfants ou les copains ? Le soleil vous a peut-\u00eatre manqu\u00e9 toute l\u2019ann\u00e9e et vous avez besoin d\u2019une cure de chaleur et de lumi\u00e8re avant de reprendre vos activit\u00e9s. C\u2019est compr\u00e9hensible. Le sud de la France est une destination id\u00e9ale pour reprendre son souffle, tout en se laissant caresser par les rayons d\u2019un soleil g\u00e9n\u00e9reux. Vous ne savez pas o\u00f9 aller ? D\u00e9couvrez tous nos conseils pour des vacances de r\u00eave au sud de la France.<\/p>\n\n\n<p><\/p>\n\n\n<h2>Vacances au sud de la France en bord de <a name=\"mer\">mer<\/a><\/h2>\n\n\n<p>Si vous souhaitez vous retrouver en bord de mer pour profiter d\u2019un maximum de temps \u00e0 la plage, optez par exemple pour une <a href=\"https:\/\/www.abritel.fr\/d\/82207\/cote-dazur\">location de vacances \u00e0 la C\u00f4te d\u2019Azur<\/a>. De Toulon \u00e0 Menton, en passant par Saint-Tropez, Nice et Cannes, le bord de la mer M\u00e9diterran\u00e9e abonde de stations baln\u00e9aires o\u00f9 il fait bon vivre et visiter.<\/p>\n\n<figure class=\"wp-block-image size-large is-resized\"><img decoding=\"async\" loading=\"lazy\" class=\"wp-image-11 alignalignleft\" src=\"\/guides-voyage\/wp-content\/uploads\/17UonmGQaeOUUwsSEsoK2Q\/c5c8029dc52f9ea42ed3c3d5e6c5d16d\/Sud-France---Saint-Tropez.jpg\" alt=\"Vacances au sud de la France : une location de vacances \u00e0 Saint-Tropez\"><\/figure>\n<h3>Un s\u00e9jour entre copains \u00e0 Sainte-Maxime<\/h3>\n\n\n<p>Profitez d\u2019un tr\u00e8s bel appartement \u00e0 Sainte-Maxime pour vous retrouver entre amis. Vous ne risquez pas de vous ennuyer dans la plus grande ville du golfe de Saint-Tropez. Vous appr\u00e9cierez aussi le confort de cet h\u00e9bergement de standing r\u00e9serv\u00e9 aupr\u00e8s d\u2019un particulier. Install\u00e9 en centre-ville dans un quartier calme, vous acc\u00e9derez rapidement \u00e0 l\u2019offre large d\u2019activit\u00e9s organis\u00e9es \u00e0 Sainte-Maxime. Vous pourrez notamment vous adonner au farniente ou aux sports nautiques. Quant \u00e0 la baignade, ne vous g\u00eanez surtout pas. Le saviez-vous ? La qualit\u00e9 des eaux de Sainte-Maxime est garantie par le label europ\u00e9en \u00ab Pavillon bleu d\u2019Europe \u00bb. Ce petit coin de paradis vous promet un s\u00e9jour de d\u00e9tente absolue ainsi qu\u2019un merveilleux accueil.<\/p>\n\n<figure class=\"wp-block-image size-large is-resized\"><img decoding=\"async\" loading=\"lazy\" class=\"wp-image-11 alignalignleft\" src=\"\/guides-voyage\/wp-content\/uploads\/r76o7OksLemcSGcQg0qYI\/6e7b8bea10eab049afefe54109c96696\/Sud-France---Sainte-Maxime.jpg\" alt=\"Vacances au sud de la France : une location de vacances \u00e0 Sainte-Maxime, pr\u00e8s du port\"><\/figure>\n<h3>Entre mer et montagne, cap sur Antibes <\/h3>\n\n\n<p>Et si vous pouviez voir la mer depuis votre lit ? Le pied, pas vrai ? Ne vous privez pas de ce luxe avec un s\u00e9jour entre mer et montagne dans <a href=\"https:\/\/www.abritel.fr\/location-vacances\/p1929205a \">un penthouse \u00e0 Antibes<\/a>. Offrez-vous une exp\u00e9rience inoubliable avec vue sur le port, la baie de Nice et les montagnes. Loger dans ce coin paisible, c\u2019est la d\u00e9tente assur\u00e9e et le d\u00e9cor parfait pour une parenth\u00e8se r\u00eav\u00e9e au bord de la mer M\u00e9diterran\u00e9e. D\u00e9paysement garanti. Vos h\u00f4tes vous r\u00e9servent par ailleurs un accueil tr\u00e8s sympathique, tout en respectant votre tranquillit\u00e9. C\u2019est en effet l\u2019un des nombreux avantages de la location chez un particulier. Vous pourrez \u00e9galement appr\u00e9cier la vieille ville m\u00e9di\u00e9vale d\u2019Antibes et vous balader le long des \u00e9tals d\u2019un march\u00e9 proven\u00e7al unique en son genre.<\/p>\n\n\n<p><\/p>\n\n\n<h2><a name=\"Bons_plans\">Bons plans<\/a> pour une location de vacances au sud de la France<\/h2>\n\n\n<p>Pour vos prochaines vacances, prenez la destination du soleil, celui du sud de la France. \u00c0 de nombreux endroits, vous trouverez facilement une location de vacances \u00e0 bon prix aupr\u00e8s d\u2019un particulier. La formule est particuli\u00e8rement int\u00e9ressante, m\u00eame en haute saison. Les prix restent abordables tant pour une escapade en amoureux que pour un voyage de groupe ou un rassemblement familial. De plus, les logements chez l\u2019habitant sont g\u00e9n\u00e9ralement parfaitement \u00e9quip\u00e9s. Ils vous permettent ainsi de vivre vos vacances en toute autonomie et de faire de nouvelles exp\u00e9riences, par exemple la cuisine \u00e0 4, 6 ou 8 mains et plus. Bref, la location de vacances chez un propri\u00e9taire priv\u00e9 promet de nombreux moments de convivialit\u00e9. Un retour \u00e0 l\u2019essentiel en quelque sorte. <\/p>\n\n\n<p><\/p>\n\n\n<h2>Trouver une location au sud de la France <a name=\"avec_piscine\">avec piscine<\/a><\/h2>\n\n\n<p>Pour vos prochaines vacances, vous savez d\u00e9j\u00e0 que vous privil\u00e9gierez le sud de la France pour sa chaleur, ses paysages, ses ambiances et son soleil g\u00e9n\u00e9reux. Pour vous rafra\u00eechir tout au long de la journ\u00e9e et permettre aux enfants de s\u2019amuser dans l\u2019eau, d\u00e9nichez l\u2019une des locations avec piscine qui foisonnent dans la r\u00e9gion.<\/p>\n\n<figure class=\"wp-block-image size-large is-resized\"><img decoding=\"async\" loading=\"lazy\" class=\"wp-image-11 alignalignleft\" src=\"\/guides-voyage\/wp-content\/uploads\/4sPPVfvIeskSAwyMWau8a\/a092ea07fddddc9b5e25923eda888df1\/France-Sud---Piscine.jpg\" alt=\"Vacances au sud de la France : une location dans le sud de la France avec piscine priv\u00e9e\"><\/figure>\n<h3>Une piscine priv\u00e9e au c\u0153ur de la Provence<\/h3>\n\n\n<p>Posez vos valises dans <a href=\"https:\/\/www.abritel.fr\/location-vacances\/p1990981a\">un appartement avec piscine priv\u00e9e<\/a> au c\u0153ur de la Provence. C\u2019est l\u00e0 que commencent vos vacances. Une grande piscine bord\u00e9e de conif\u00e8res vous donnera l\u2019occasion de plonger \u00e0 votre guise, \u00e0 l\u2019abri des regards indiscrets. Les enfants auront eux aussi le plaisir d\u2019en profiter et de s\u2019adonner en toute libert\u00e9 \u00e0 des jeux d\u2019eau. Le soir, profitez d\u2019une derni\u00e8re baignade gr\u00e2ce \u00e0 l\u2019\u00e9clairage de la piscine. Tout est pr\u00e9vu pour profiter pleinement d\u2019un confort absolu, berc\u00e9 par le chant des cigales. Le seul programme \u00e0 respecter consiste \u00e0 recharger vos batteries et prendre beaucoup de plaisir. Bonnes vacances !<\/p>\n\n<figure class=\"wp-block-image size-large is-resized\"><img decoding=\"async\" loading=\"lazy\" class=\"wp-image-11 alignalignleft\" src=\"\/guides-voyage\/wp-content\/uploads\/2YfzC5j9Pic8aGo0ieokqi\/d30421d85b279529c36524044ca3c55e\/France-Sud---Provence.jpg\" alt=\"Vacances au sud de la France : un g\u00eete en Provence au milieu des champs\"><\/figure>\n<p><\/p>\n\n","protected":false},"excerpt":{"rendered":"<p>Le sud de la France vous tente pour vos prochaines vacances avec les enfants ou les copains ? Le soleil vous a peut-\u00eatre manqu\u00e9 toute l\u2019ann\u00e9e et vous avez besoin d\u2019une cure de chaleur et de lumi\u00e8re avant de reprendre vos activit\u00e9s. C\u2019est compr\u00e9hensible. Le sud de la France est une destination id\u00e9ale pour reprendre&#8230;<\/p>\n","protected":false},"author":1,"featured_media":4871,"comment_status":"closed","ping_status":"closed","sticky":false,"template":"","format":"standard","meta":[],"categories":[66],"tags":[],"acf":[],"yoast_head":"<!-- This site is optimized with the Yoast SEO plugin v19.12 - https:\/\/yoast.com\/wordpress\/plugins\/seo\/ -->\n<title>Vacances au sud de la France<\/title>\n<meta name=\"description\" content=\"Pr\u00e9parez vos valises pour vos prochaines vacances en bord de mer au sud de la France. Les plages n&#039;attendent plus que vous !\" \/>\n<meta name=\"robots\" content=\"index, follow, max-snippet:-1, max-image-preview:large, max-video-preview:-1\" \/>\n<link rel=\"canonical\" href=\"https:\/\/www.abritel.fr\/guides-voyage\/destinations\/locations-vacances-france\/vacances-sud-de-la-france\" \/>\n<meta property=\"og:locale\" content=\"en_US\" \/>\n<meta property=\"og:type\" content=\"article\" \/>\n<meta property=\"og:title\" content=\"Vacances au sud de la France\" \/>\n<meta property=\"og:description\" content=\"Pr\u00e9parez vos valises pour vos prochaines vacances en bord de mer au sud de la France. Les plages n&#039;attendent plus que vous !\" \/>\n<meta property=\"og:url\" content=\"https:\/\/www.abritel.fr\/guides-voyage\/destinations\/locations-vacances-france\/vacances-sud-de-la-france\" \/>\n<meta property=\"og:site_name\" content=\"Abritel\" \/>\n<meta property=\"article:published_time\" content=\"2018-12-19T00:00:00+00:00\" \/>\n<meta name=\"author\" content=\"vrbous_admin\" \/>\n<meta name=\"twitter:card\" content=\"summary_large_image\" \/>\n<meta name=\"twitter:label1\" content=\"Written by\" \/>\n\t<meta name=\"twitter:data1\" content=\"vrbous_admin\" \/>\n\t<meta name=\"twitter:label2\" content=\"Est. reading time\" \/>\n\t<meta name=\"twitter:data2\" content=\"4 minutes\" \/>\n<script type=\"application\/ld+json\" class=\"yoast-schema-graph\">{\"@context\":\"https:\/\/schema.org\",\"@graph\":[{\"@type\":\"WebPage\",\"@id\":\"https:\/\/www.abritel.fr\/guides-voyage\/destinations\/locations-vacances-france\/vacances-sud-de-la-france\",\"url\":\"https:\/\/www.abritel.fr\/guides-voyage\/destinations\/locations-vacances-france\/vacances-sud-de-la-france\",\"name\":\"Vacances au sud de la France\",\"isPartOf\":{\"@id\":\"https:\/\/www.abritel.fr\/guides-voyage\/#website\"},\"datePublished\":\"2018-12-19T00:00:00+00:00\",\"dateModified\":\"2018-12-19T00:00:00+00:00\",\"author\":{\"@id\":\"https:\/\/www.abritel.fr\/guides-voyage\/#\/schema\/person\/520e43ecbb88d854b065acd2b48b42d2\"},\"description\":\"Pr\u00e9parez vos valises pour vos prochaines vacances en bord de mer au sud de la France. Les plages n'attendent plus que vous !\",\"breadcrumb\":{\"@id\":\"https:\/\/www.abritel.fr\/guides-voyage\/destinations\/locations-vacances-france\/vacances-sud-de-la-france#breadcrumb\"},\"inLanguage\":\"en-US\",\"potentialAction\":[{\"@type\":\"ReadAction\",\"target\":[\"https:\/\/www.abritel.fr\/guides-voyage\/destinations\/locations-vacances-france\/vacances-sud-de-la-france\"]}]},{\"@type\":\"BreadcrumbList\",\"@id\":\"https:\/\/www.abritel.fr\/guides-voyage\/destinations\/locations-vacances-france\/vacances-sud-de-la-france#breadcrumb\",\"itemListElement\":[{\"@type\":\"ListItem\",\"position\":1,\"name\":\"Home\",\"item\":\"https:\/\/www.abritel.fr\/guides-voyage\/\"},{\"@type\":\"ListItem\",\"position\":2,\"name\":\"Destinations\",\"item\":\"https:\/\/www.abritel.fr\/guides-voyage\/destinations\"},{\"@type\":\"ListItem\",\"position\":3,\"name\":\"Locations de vacances en France\",\"item\":\"https:\/\/www.abritel.fr\/guides-voyage\/destinations\/locations-vacances-france\"},{\"@type\":\"ListItem\",\"position\":4,\"name\":\"Tous nos conseils pour vos vacances au sud de la France\"}]},{\"@type\":\"WebSite\",\"@id\":\"https:\/\/www.abritel.fr\/guides-voyage\/#website\",\"url\":\"https:\/\/www.abritel.fr\/guides-voyage\/\",\"name\":\"Abritel\",\"description\":\"Abritel\",\"potentialAction\":[{\"@type\":\"SearchAction\",\"target\":{\"@type\":\"EntryPoint\",\"urlTemplate\":\"https:\/\/www.abritel.fr\/guides-voyage\/?s={search_term_string}\"},\"query-input\":\"required name=search_term_string\"}],\"inLanguage\":\"en-US\"},{\"@type\":\"Person\",\"@id\":\"https:\/\/www.abritel.fr\/guides-voyage\/#\/schema\/person\/520e43ecbb88d854b065acd2b48b42d2\",\"name\":\"vrbous_admin\",\"image\":{\"@type\":\"ImageObject\",\"inLanguage\":\"en-US\",\"@id\":\"https:\/\/www.abritel.fr\/guides-voyage\/#\/schema\/person\/image\/\",\"url\":\"https:\/\/secure.gravatar.com\/avatar\/34fbaa9832585e9f68574cb233fe8d82?s=96&d=mm&r=g\",\"contentUrl\":\"https:\/\/secure.gravatar.com\/avatar\/34fbaa9832585e9f68574cb233fe8d82?s=96&d=mm&r=g\",\"caption\":\"vrbous_admin\"},\"sameAs\":[\"https:\/\/vrbous.web\"],\"url\":\"https:\/\/www.abritel.fr\/guides-voyage\/author\/vrbous_admin\"}]}<\/script>\n<!-- \/ Yoast SEO plugin. -->","yoast_head_json":{"title":"Vacances au sud de la France","description":"Pr\u00e9parez vos valises pour vos prochaines vacances en bord de mer au sud de la France. Les plages n'attendent plus que vous !","robots":{"index":"index","follow":"follow","max-snippet":"max-snippet:-1","max-image-preview":"max-image-preview:large","max-video-preview":"max-video-preview:-1"},"canonical":"https:\/\/www.abritel.fr\/guides-voyage\/destinations\/locations-vacances-france\/vacances-sud-de-la-france","og_locale":"en_US","og_type":"article","og_title":"Vacances au sud de la France","og_description":"Pr\u00e9parez vos valises pour vos prochaines vacances en bord de mer au sud de la France. Les plages n'attendent plus que vous !","og_url":"https:\/\/www.abritel.fr\/guides-voyage\/destinations\/locations-vacances-france\/vacances-sud-de-la-france","og_site_name":"Abritel","article_published_time":"2018-12-19T00:00:00+00:00","author":"vrbous_admin","twitter_card":"summary_large_image","twitter_misc":{"Written by":"vrbous_admin","Est. reading time":"4 minutes"},"schema":{"@context":"https:\/\/schema.org","@graph":[{"@type":"WebPage","@id":"https:\/\/www.abritel.fr\/guides-voyage\/destinations\/locations-vacances-france\/vacances-sud-de-la-france","url":"https:\/\/www.abritel.fr\/guides-voyage\/destinations\/locations-vacances-france\/vacances-sud-de-la-france","name":"Vacances au sud de la France","isPartOf":{"@id":"https:\/\/www.abritel.fr\/guides-voyage\/#website"},"datePublished":"2018-12-19T00:00:00+00:00","dateModified":"2018-12-19T00:00:00+00:00","author":{"@id":"https:\/\/www.abritel.fr\/guides-voyage\/#\/schema\/person\/520e43ecbb88d854b065acd2b48b42d2"},"description":"Pr\u00e9parez vos valises pour vos prochaines vacances en bord de mer au sud de la France. Les plages n'attendent plus que vous !","breadcrumb":{"@id":"https:\/\/www.abritel.fr\/guides-voyage\/destinations\/locations-vacances-france\/vacances-sud-de-la-france#breadcrumb"},"inLanguage":"en-US","potentialAction":[{"@type":"ReadAction","target":["https:\/\/www.abritel.fr\/guides-voyage\/destinations\/locations-vacances-france\/vacances-sud-de-la-france"]}]},{"@type":"BreadcrumbList","@id":"https:\/\/www.abritel.fr\/guides-voyage\/destinations\/locations-vacances-france\/vacances-sud-de-la-france#breadcrumb","itemListElement":[{"@type":"ListItem","position":1,"name":"Home","item":"https:\/\/www.abritel.fr\/guides-voyage\/"},{"@type":"ListItem","position":2,"name":"Destinations","item":"https:\/\/www.abritel.fr\/guides-voyage\/destinations"},{"@type":"ListItem","position":3,"name":"Locations de vacances en France","item":"https:\/\/www.abritel.fr\/guides-voyage\/destinations\/locations-vacances-france"},{"@type":"ListItem","position":4,"name":"Tous nos conseils pour vos vacances au sud de la France"}]},{"@type":"WebSite","@id":"https:\/\/www.abritel.fr\/guides-voyage\/#website","url":"https:\/\/www.abritel.fr\/guides-voyage\/","name":"Abritel","description":"Abritel","potentialAction":[{"@type":"SearchAction","target":{"@type":"EntryPoint","urlTemplate":"https:\/\/www.abritel.fr\/guides-voyage\/?s={search_term_string}"},"query-input":"required name=search_term_string"}],"inLanguage":"en-US"},{"@type":"Person","@id":"https:\/\/www.abritel.fr\/guides-voyage\/#\/schema\/person\/520e43ecbb88d854b065acd2b48b42d2","name":"vrbous_admin","image":{"@type":"ImageObject","inLanguage":"en-US","@id":"https:\/\/www.abritel.fr\/guides-voyage\/#\/schema\/person\/image\/","url":"https:\/\/secure.gravatar.com\/avatar\/34fbaa9832585e9f68574cb233fe8d82?s=96&d=mm&r=g","contentUrl":"https:\/\/secure.gravatar.com\/avatar\/34fbaa9832585e9f68574cb233fe8d82?s=96&d=mm&r=g","caption":"vrbous_admin"},"sameAs":["https:\/\/vrbous.web"],"url":"https:\/\/www.abritel.fr\/guides-voyage\/author\/vrbous_admin"}]}},"_links":{"self":[{"href":"https:\/\/www.abritel.fr\/guides-voyage\/wp-json\/wp\/v2\/posts\/4870"}],"collection":[{"href":"https:\/\/www.abritel.fr\/guides-voyage\/wp-json\/wp\/v2\/posts"}],"about":[{"href":"https:\/\/www.abritel.fr\/guides-voyage\/wp-json\/wp\/v2\/types\/post"}],"author":[{"embeddable":true,"href":"https:\/\/www.abritel.fr\/guides-voyage\/wp-json\/wp\/v2\/users\/1"}],"replies":[{"embeddable":true,"href":"https:\/\/www.abritel.fr\/guides-voyage\/wp-json\/wp\/v2\/comments?post=4870"}],"version-history":[{"count":0,"href":"https:\/\/www.abritel.fr\/guides-voyage\/wp-json\/wp\/v2\/posts\/4870\/revisions"}],"wp:featuredmedia":[{"embeddable":true,"href":"https:\/\/www.abritel.fr\/guides-voyage\/wp-json\/wp\/v2\/media\/4871"}],"wp:attachment":[{"href":"https:\/\/www.abritel.fr\/guides-voyage\/wp-json\/wp\/v2\/media?parent=4870"}],"wp:term":[{"taxonomy":"category","embeddable":true,"href":"https:\/\/www.abritel.fr\/guides-voyage\/wp-json\/wp\/v2\/categories?post=4870"},{"taxonomy":"post_tag","embeddable":true,"href":"https:\/\/www.abritel.fr\/guides-voyage\/wp-json\/wp\/v2\/tags?post=4870"}],"curies":[{"name":"wp","href":"https:\/\/api.w.org\/{rel}","templated":true}]}}