{"id":4856,"date":"2018-12-19T00:00:00","date_gmt":"2018-12-19T00:00:00","guid":{"rendered":""},"modified":"2018-12-19T00:00:00","modified_gmt":"2018-12-19T00:00:00","slug":"location-vacances-provence-alpes-cote-dazur-region","status":"publish","type":"post","link":"https:\/\/www.abritel.fr\/guides-voyage\/destinations\/locations-vacances-france\/location-vacances-provence-alpes-cote-dazur-region","title":{"rendered":"Location dans le sud de la France"},"content":{"rendered":"\n<p>La Provence-Alpes-C\u00f4te d&#8217;Azur est une r\u00e9gion dans le sud de la France, form\u00e9e de 6 d\u00e9partements issus des anciennes provinces de Provence et du Dauphin\u00e9. Proche de l\u2019Italie, la culture de la Provence-Alpes-C\u00f4te d&#8217;Azur est fortement marqu\u00e9e par des tendances italiennes : cuisine m\u00e9diterran\u00e9enne \u00e0 l\u2019huile d\u2019olive et recettes traditionnelles avec des salaisons et du fromage. Au fil des saisons, les paysages changent, et les activit\u00e9s aussi. En hiver, les massifs montagneux sont couverts d\u2019un manteau de neige, pour le plus grand plaisir des adeptes de ski et de snowboard. Dans les grands domaines alpins, les locations de vacances sont remplies de janvier \u00e0 P\u00e2ques, alors ne tardez pas \u00e0 r\u00e9server votre location saisonni\u00e8re si vous souhaitez \u00ab rider la peuf \u00bb ! Mais le sud de la France, ce n\u2019est pas que les Alpes. En effet, la Provence vous offre aussi des destinations de r\u00eave o\u00f9 vous r\u00e9apprendrez l\u2019art de vivre. Paysages naturels, ciel bleu azur, chant des cigales, patrimoine historique incroyable\u2026 Perdez-vous dans les rues de Marseille, Cassis, Cannes et d\u2019autres villes proven\u00e7ales pour des vacances au c\u0153ur de la nature.<\/p>\n\n\n<p><\/p>\n\n\n<h2>Location de vacances en <a name=\"Provence\">Provence<\/a><\/h2>\n\n\n<p>Cet \u00e9t\u00e9, optez pour des vacances en Provence ! Des petits villages de p\u00eacheurs authentiques et des stations baln\u00e9aires les plus prestigieuses de France, aux vall\u00e9es \u00e0 perte de vue dans les terres, en passant par les \u00eeles pittoresques au large, vous aurez de quoi faire dans le sud de la France ! Respirez le parfum de la lavande, d\u00e9gustez de succulents vins, d\u00e9ambulez dans les march\u00e9s locaux \u00e0 la d\u00e9couverte de produits proven\u00e7aux et profitez de la vie tout simplement. De Cannes \u00e0 Cassis, en passant par Marseille, les locations de vacances ne manquent pas. Un mas proven\u00e7al, un g\u00eete au beau milieu des vignes ou une maison de vacances avec piscine priv\u00e9e en bord de mer ? C\u2019est vous qui d\u00e9cidez. Les locations de vacances entre particuliers vous offrent une diversit\u00e9 in\u00e9gal\u00e9e \u00e0 un prix comp\u00e9titif. Qui dit mieux ?<\/p>\n\n<figure class=\"wp-block-image size-large is-resized\"><img decoding=\"async\" loading=\"lazy\" class=\"wp-image-11 alignalignfull-width\" src=\"\/guides-voyage\/wp-content\/uploads\/6h28v0UQqkoEA6SIueYeC8\/e489815224860e50f69a41aca377e047\/PACA---Provence.jpg\" alt=\"Location de vacances dans la r\u00e9gion Provence-Alpes-C\u00f4te d'Azur : sur les routes de la lavande\"><\/figure>\n<h3>Location de vacances \u00e0 Cassis<\/h3>\n\n\n<p>Direction Cassis pour \u00e9veiller tous vos sens. \u00c9vadez-vous dans le parc national des Calanques, d\u00e9lectez-vous au milieu de vignobles cassidens, contemplez l\u2019h\u00e9ritage unique de l\u2019\u00e9poque romaine, laissez-vous bercer par la houle et naviguez vers d\u2019autres horizons pour un point de vue unique sur la ville. Comme on dit l\u00e0-bas, \u00ab Qui a vu Paris et pas Cassis, n&#8217;a rien vu \u00bb ! Logez donc dans une location de vacances \u00e0 Cassis, dans <a href=\"https:\/\/www.abritel.fr\/location-vacances\/p6212500a\">un mas proven\u00e7al au milieu des vignes<\/a>, par exemple, et d\u00e9couvrez la Provence comme vous ne l\u2019avez jamais vue. Ou optez pour <a href=\"https:\/\/www.abritel.fr\/location-vacances\/p8468161a\">une magnifique bastide<\/a> avec jardin et piscine pouvant accueillir jusqu\u2019\u00e0 12 personnes. \u00c0 100 m\u00e8tres du port, vous \u00eates certain d\u2019\u00eatre au c\u0153ur de l\u2019action et de pouvoir profiter de toutes les activit\u00e9s du coin. Un v\u00e9ritable havre de paix et de d\u00e9tente\u2026 Quel que soit votre budget, vous serez surpris des opportunit\u00e9s que vous offrent les locations de vacances entre particuliers. En effet, en vacances, il ne faut pas sous-estimer l\u2019importance d\u2019un logement confortable et bien \u00e9quip\u00e9. Les moments de partage avec la famille et les amis autour d\u2019une table sur une terrasse priv\u00e9e sont souvent les souvenirs qui restent grav\u00e9s, une fois de retour dans le quotidien.<\/p>\n\n<figure class=\"wp-block-image size-large is-resized\"><img decoding=\"async\" loading=\"lazy\" class=\"wp-image-11 alignalignfull-width\" src=\"\/guides-voyage\/wp-content\/uploads\/p5aEfSoffwocSis86iC2q\/ceefb06199548e718d44743f1180d148\/PACA---Bastide.jpg\" alt=\"Location de vacances dans la r\u00e9gion Provence-Alpes-C\u00f4te d'Azur : bastide historique \u00e0 100 m\u00e8tres du port de Cassis\"><\/figure>\n<h3>Location de vacances \u00e0 Cannes<\/h3>\n\n\n<p>Cannes est une autre destination qui vaut le d\u00e9tour pour des vacances en Provence. Station baln\u00e9aire prestigieuse, Cannes est mondialement connue pour son Festival, mais aussi pour ses ruelles festives, authentiques et culturelles. Plages, shopping, discoth\u00e8ques, restaurants, visites culturelles, \u00eeles paradisiaques\u2026 \u00c0 Cannes, vous avez rendez-vous avec l\u2019art de vivre sous tous ses aspects. Les locations de vacances \u00e0 Cannes se d\u00e9clinent pour tous les budgets et tous les types de voyage, que vous soyez dans le coin pour le plaisir ou pour les affaires. En famille, profitez d\u2019<a href=\"https:\/\/www.abritel.fr\/location-vacances\/p651814\">un magnifique appartement enti\u00e8rement \u00e9quip\u00e9<\/a> avec vue sur la mer. Gr\u00e2ce \u00e0 la location de logement de vacances entre particuliers, offrez-vous <a href=\"https:\/\/www.abritel.fr\/location-vacances\/p1387132a\">un appartement de standing en plein centre-ville<\/a>. Non, vous ne r\u00eavez pas. Cannes ne se r\u00e9sume pas qu\u2019\u00e0 des h\u00f4tels de luxe en bord de mer aux tarifs exorbitants. Vous y trouverez de nombreuses locations de vacances pour un s\u00e9jour sous le soleil du sud de la France. \u00c0 Cannes, \u00e0 Cassis ou ailleurs en Provence, qu\u2019attendez-vous pour profiter des petits plaisirs de la vie ?<\/p>\n\n<figure class=\"wp-block-image size-large is-resized\"><img decoding=\"async\" loading=\"lazy\" class=\"wp-image-11 alignalignfull-width\" src=\"\/guides-voyage\/wp-content\/uploads\/1GMTiq6IW4ycCcuymao20a\/720bf45b5873d63dc9aced636c05a429\/PACA---Plaisirs.jpg\" alt=\"Location de vacances dans la r\u00e9gion Provence-Alpes-C\u00f4te d'Azur : petits plaisirs de la vie sur les toits de Provence\"><\/figure>\n<p><\/p>\n\n","protected":false},"excerpt":{"rendered":"<p>La Provence-Alpes-C\u00f4te d&#8217;Azur est une r\u00e9gion dans le sud de la France, form\u00e9e de 6 d\u00e9partements issus des anciennes provinces de Provence et du Dauphin\u00e9. Proche de l\u2019Italie, la culture de la Provence-Alpes-C\u00f4te d&#8217;Azur est fortement marqu\u00e9e par des tendances italiennes : cuisine m\u00e9diterran\u00e9enne \u00e0 l\u2019huile d\u2019olive et recettes traditionnelles avec des salaisons et du&#8230;<\/p>\n","protected":false},"author":1,"featured_media":4857,"comment_status":"closed","ping_status":"closed","sticky":false,"template":"","format":"standard","meta":[],"categories":[66],"tags":[],"acf":[],"yoast_head":"<!-- This site is optimized with the Yoast SEO plugin v19.12 - https:\/\/yoast.com\/wordpress\/plugins\/seo\/ -->\n<title>Vacances en Provence-Alpes-C\u00f4te d&#039;Azur<\/title>\n<meta name=\"description\" content=\"Partez dans la r\u00e9gion Provence-Alpes-C\u00f4te d&#039;Azur et s\u00e9journez dans une location de vacances en Provence pour red\u00e9couvrir l\u2019art de vivre !\" \/>\n<meta name=\"robots\" content=\"index, follow, max-snippet:-1, max-image-preview:large, max-video-preview:-1\" \/>\n<link rel=\"canonical\" href=\"https:\/\/www.abritel.fr\/guides-voyage\/destinations\/locations-vacances-france\/location-vacances-provence-alpes-cote-dazur-region\" \/>\n<meta property=\"og:locale\" content=\"en_US\" \/>\n<meta property=\"og:type\" content=\"article\" \/>\n<meta property=\"og:title\" content=\"Vacances en Provence-Alpes-C\u00f4te d&#039;Azur\" \/>\n<meta property=\"og:description\" content=\"Partez dans la r\u00e9gion Provence-Alpes-C\u00f4te d&#039;Azur et s\u00e9journez dans une location de vacances en Provence pour red\u00e9couvrir l\u2019art de vivre !\" \/>\n<meta property=\"og:url\" content=\"https:\/\/www.abritel.fr\/guides-voyage\/destinations\/locations-vacances-france\/location-vacances-provence-alpes-cote-dazur-region\" \/>\n<meta property=\"og:site_name\" content=\"Abritel\" \/>\n<meta property=\"article:published_time\" content=\"2018-12-19T00:00:00+00:00\" \/>\n<meta name=\"author\" content=\"vrbous_admin\" \/>\n<meta name=\"twitter:card\" content=\"summary_large_image\" \/>\n<meta name=\"twitter:label1\" content=\"Written by\" \/>\n\t<meta name=\"twitter:data1\" content=\"vrbous_admin\" \/>\n\t<meta name=\"twitter:label2\" content=\"Est. reading time\" \/>\n\t<meta name=\"twitter:data2\" content=\"4 minutes\" \/>\n<script type=\"application\/ld+json\" class=\"yoast-schema-graph\">{\"@context\":\"https:\/\/schema.org\",\"@graph\":[{\"@type\":\"WebPage\",\"@id\":\"https:\/\/www.abritel.fr\/guides-voyage\/destinations\/locations-vacances-france\/location-vacances-provence-alpes-cote-dazur-region\",\"url\":\"https:\/\/www.abritel.fr\/guides-voyage\/destinations\/locations-vacances-france\/location-vacances-provence-alpes-cote-dazur-region\",\"name\":\"Vacances en Provence-Alpes-C\u00f4te d'Azur\",\"isPartOf\":{\"@id\":\"https:\/\/www.abritel.fr\/guides-voyage\/#website\"},\"datePublished\":\"2018-12-19T00:00:00+00:00\",\"dateModified\":\"2018-12-19T00:00:00+00:00\",\"author\":{\"@id\":\"https:\/\/www.abritel.fr\/guides-voyage\/#\/schema\/person\/520e43ecbb88d854b065acd2b48b42d2\"},\"description\":\"Partez dans la r\u00e9gion Provence-Alpes-C\u00f4te d'Azur et s\u00e9journez dans une location de vacances en Provence pour red\u00e9couvrir l\u2019art de vivre !\",\"breadcrumb\":{\"@id\":\"https:\/\/www.abritel.fr\/guides-voyage\/destinations\/locations-vacances-france\/location-vacances-provence-alpes-cote-dazur-region#breadcrumb\"},\"inLanguage\":\"en-US\",\"potentialAction\":[{\"@type\":\"ReadAction\",\"target\":[\"https:\/\/www.abritel.fr\/guides-voyage\/destinations\/locations-vacances-france\/location-vacances-provence-alpes-cote-dazur-region\"]}]},{\"@type\":\"BreadcrumbList\",\"@id\":\"https:\/\/www.abritel.fr\/guides-voyage\/destinations\/locations-vacances-france\/location-vacances-provence-alpes-cote-dazur-region#breadcrumb\",\"itemListElement\":[{\"@type\":\"ListItem\",\"position\":1,\"name\":\"Home\",\"item\":\"https:\/\/www.abritel.fr\/guides-voyage\/\"},{\"@type\":\"ListItem\",\"position\":2,\"name\":\"Destinations\",\"item\":\"https:\/\/www.abritel.fr\/guides-voyage\/destinations\"},{\"@type\":\"ListItem\",\"position\":3,\"name\":\"Locations de vacances en France\",\"item\":\"https:\/\/www.abritel.fr\/guides-voyage\/destinations\/locations-vacances-france\"},{\"@type\":\"ListItem\",\"position\":4,\"name\":\"Location dans le sud de la France\"}]},{\"@type\":\"WebSite\",\"@id\":\"https:\/\/www.abritel.fr\/guides-voyage\/#website\",\"url\":\"https:\/\/www.abritel.fr\/guides-voyage\/\",\"name\":\"Abritel\",\"description\":\"Abritel\",\"potentialAction\":[{\"@type\":\"SearchAction\",\"target\":{\"@type\":\"EntryPoint\",\"urlTemplate\":\"https:\/\/www.abritel.fr\/guides-voyage\/?s={search_term_string}\"},\"query-input\":\"required name=search_term_string\"}],\"inLanguage\":\"en-US\"},{\"@type\":\"Person\",\"@id\":\"https:\/\/www.abritel.fr\/guides-voyage\/#\/schema\/person\/520e43ecbb88d854b065acd2b48b42d2\",\"name\":\"vrbous_admin\",\"image\":{\"@type\":\"ImageObject\",\"inLanguage\":\"en-US\",\"@id\":\"https:\/\/www.abritel.fr\/guides-voyage\/#\/schema\/person\/image\/\",\"url\":\"https:\/\/secure.gravatar.com\/avatar\/34fbaa9832585e9f68574cb233fe8d82?s=96&d=mm&r=g\",\"contentUrl\":\"https:\/\/secure.gravatar.com\/avatar\/34fbaa9832585e9f68574cb233fe8d82?s=96&d=mm&r=g\",\"caption\":\"vrbous_admin\"},\"sameAs\":[\"https:\/\/vrbous.web\"],\"url\":\"https:\/\/www.abritel.fr\/guides-voyage\/author\/vrbous_admin\"}]}<\/script>\n<!-- \/ Yoast SEO plugin. -->","yoast_head_json":{"title":"Vacances en Provence-Alpes-C\u00f4te d'Azur","description":"Partez dans la r\u00e9gion Provence-Alpes-C\u00f4te d'Azur et s\u00e9journez dans une location de vacances en Provence pour red\u00e9couvrir l\u2019art de vivre !","robots":{"index":"index","follow":"follow","max-snippet":"max-snippet:-1","max-image-preview":"max-image-preview:large","max-video-preview":"max-video-preview:-1"},"canonical":"https:\/\/www.abritel.fr\/guides-voyage\/destinations\/locations-vacances-france\/location-vacances-provence-alpes-cote-dazur-region","og_locale":"en_US","og_type":"article","og_title":"Vacances en Provence-Alpes-C\u00f4te d'Azur","og_description":"Partez dans la r\u00e9gion Provence-Alpes-C\u00f4te d'Azur et s\u00e9journez dans une location de vacances en Provence pour red\u00e9couvrir l\u2019art de vivre !","og_url":"https:\/\/www.abritel.fr\/guides-voyage\/destinations\/locations-vacances-france\/location-vacances-provence-alpes-cote-dazur-region","og_site_name":"Abritel","article_published_time":"2018-12-19T00:00:00+00:00","author":"vrbous_admin","twitter_card":"summary_large_image","twitter_misc":{"Written by":"vrbous_admin","Est. reading time":"4 minutes"},"schema":{"@context":"https:\/\/schema.org","@graph":[{"@type":"WebPage","@id":"https:\/\/www.abritel.fr\/guides-voyage\/destinations\/locations-vacances-france\/location-vacances-provence-alpes-cote-dazur-region","url":"https:\/\/www.abritel.fr\/guides-voyage\/destinations\/locations-vacances-france\/location-vacances-provence-alpes-cote-dazur-region","name":"Vacances en Provence-Alpes-C\u00f4te d'Azur","isPartOf":{"@id":"https:\/\/www.abritel.fr\/guides-voyage\/#website"},"datePublished":"2018-12-19T00:00:00+00:00","dateModified":"2018-12-19T00:00:00+00:00","author":{"@id":"https:\/\/www.abritel.fr\/guides-voyage\/#\/schema\/person\/520e43ecbb88d854b065acd2b48b42d2"},"description":"Partez dans la r\u00e9gion Provence-Alpes-C\u00f4te d'Azur et s\u00e9journez dans une location de vacances en Provence pour red\u00e9couvrir l\u2019art de vivre !","breadcrumb":{"@id":"https:\/\/www.abritel.fr\/guides-voyage\/destinations\/locations-vacances-france\/location-vacances-provence-alpes-cote-dazur-region#breadcrumb"},"inLanguage":"en-US","potentialAction":[{"@type":"ReadAction","target":["https:\/\/www.abritel.fr\/guides-voyage\/destinations\/locations-vacances-france\/location-vacances-provence-alpes-cote-dazur-region"]}]},{"@type":"BreadcrumbList","@id":"https:\/\/www.abritel.fr\/guides-voyage\/destinations\/locations-vacances-france\/location-vacances-provence-alpes-cote-dazur-region#breadcrumb","itemListElement":[{"@type":"ListItem","position":1,"name":"Home","item":"https:\/\/www.abritel.fr\/guides-voyage\/"},{"@type":"ListItem","position":2,"name":"Destinations","item":"https:\/\/www.abritel.fr\/guides-voyage\/destinations"},{"@type":"ListItem","position":3,"name":"Locations de vacances en France","item":"https:\/\/www.abritel.fr\/guides-voyage\/destinations\/locations-vacances-france"},{"@type":"ListItem","position":4,"name":"Location dans le sud de la France"}]},{"@type":"WebSite","@id":"https:\/\/www.abritel.fr\/guides-voyage\/#website","url":"https:\/\/www.abritel.fr\/guides-voyage\/","name":"Abritel","description":"Abritel","potentialAction":[{"@type":"SearchAction","target":{"@type":"EntryPoint","urlTemplate":"https:\/\/www.abritel.fr\/guides-voyage\/?s={search_term_string}"},"query-input":"required name=search_term_string"}],"inLanguage":"en-US"},{"@type":"Person","@id":"https:\/\/www.abritel.fr\/guides-voyage\/#\/schema\/person\/520e43ecbb88d854b065acd2b48b42d2","name":"vrbous_admin","image":{"@type":"ImageObject","inLanguage":"en-US","@id":"https:\/\/www.abritel.fr\/guides-voyage\/#\/schema\/person\/image\/","url":"https:\/\/secure.gravatar.com\/avatar\/34fbaa9832585e9f68574cb233fe8d82?s=96&d=mm&r=g","contentUrl":"https:\/\/secure.gravatar.com\/avatar\/34fbaa9832585e9f68574cb233fe8d82?s=96&d=mm&r=g","caption":"vrbous_admin"},"sameAs":["https:\/\/vrbous.web"],"url":"https:\/\/www.abritel.fr\/guides-voyage\/author\/vrbous_admin"}]}},"_links":{"self":[{"href":"https:\/\/www.abritel.fr\/guides-voyage\/wp-json\/wp\/v2\/posts\/4856"}],"collection":[{"href":"https:\/\/www.abritel.fr\/guides-voyage\/wp-json\/wp\/v2\/posts"}],"about":[{"href":"https:\/\/www.abritel.fr\/guides-voyage\/wp-json\/wp\/v2\/types\/post"}],"author":[{"embeddable":true,"href":"https:\/\/www.abritel.fr\/guides-voyage\/wp-json\/wp\/v2\/users\/1"}],"replies":[{"embeddable":true,"href":"https:\/\/www.abritel.fr\/guides-voyage\/wp-json\/wp\/v2\/comments?post=4856"}],"version-history":[{"count":0,"href":"https:\/\/www.abritel.fr\/guides-voyage\/wp-json\/wp\/v2\/posts\/4856\/revisions"}],"wp:featuredmedia":[{"embeddable":true,"href":"https:\/\/www.abritel.fr\/guides-voyage\/wp-json\/wp\/v2\/media\/4857"}],"wp:attachment":[{"href":"https:\/\/www.abritel.fr\/guides-voyage\/wp-json\/wp\/v2\/media?parent=4856"}],"wp:term":[{"taxonomy":"category","embeddable":true,"href":"https:\/\/www.abritel.fr\/guides-voyage\/wp-json\/wp\/v2\/categories?post=4856"},{"taxonomy":"post_tag","embeddable":true,"href":"https:\/\/www.abritel.fr\/guides-voyage\/wp-json\/wp\/v2\/tags?post=4856"}],"curies":[{"name":"wp","href":"https:\/\/api.w.org\/{rel}","templated":true}]}}