{"id":4852,"date":"2018-12-19T00:00:00","date_gmt":"2018-12-19T00:00:00","guid":{"rendered":""},"modified":"2018-12-19T00:00:00","modified_gmt":"2018-12-19T00:00:00","slug":"location-vacances-pas-chere","status":"publish","type":"post","link":"https:\/\/www.abritel.fr\/guides-voyage\/destinations\/locations-vacances-france\/location-vacances-pas-chere","title":{"rendered":"Location de vacances pas ch\u00e8re"},"content":{"rendered":"\n<p>Vous \u00eates \u00e0 la recherche d\u2019une location de vacances pas ch\u00e8re pour votre prochaine escapade ? D\u00e9couvrez nos trucs et astuces pour voyager en France sans vous ruiner. Que ce soit en r\u00e9servant un logement aupr\u00e8s d\u2019un particulier ou hors saison, trouvez la combine pour vous d\u00e9tendre \u00e0 moindre co\u00fbt au bord d\u2019une plage de sable fin en Bretagne ou au c\u0153ur d\u2019une r\u00e9gion d\u00e9paysante comme l\u2019Alsace. \u00c9vitez les mauvaises surprises et les frais suppl\u00e9mentaires avec nos conseils pour trouver une location de vacances au meilleur prix.<\/p>\n\n\n<p><\/p>\n\n\n<h2>Ma\u00eetrisez votre budget vacances<\/h2>\n\n\n<p>\u00c9tablissez un budget de d\u00e9part en fonction de vos possibilit\u00e9s financi\u00e8res. Ce n\u2019est pas parce qu\u2019on n\u2019a pas beaucoup de r\u00e9serve qu\u2019il faut se priver d\u2019une semaine en famille au bord de la mer ou de quelques jours pour s\u2019amuser entre amis dans un lieu inconnu. De tous les antid\u00e9presseurs connus, voyager reste celui dont l\u2019accoutumance est la moins nocive pour la sant\u00e9. Un midweek loin de chez soi, de ses soucis, c\u2019est le meilleur moyen pour relever le moral des troupes. Pour \u00e9viter de se mettre dans le rouge au retour, pr\u00e9voir une enveloppe avant de partir peut s\u2019av\u00e9rer tr\u00e8s utile. En effet, vous partez en sachant pr\u00e9cis\u00e9ment ce dont vous disposez pour vous faire plaisir tout en contentant aussi les envies des enfants.<\/p>\n\n<figure class=\"wp-block-image size-large is-resized\"><img decoding=\"async\" loading=\"lazy\" class=\"wp-image-11 alignalignfull-width\" src=\"\/guides-voyage\/wp-content\/uploads\/xpRftx5siGAqOimQWAUGY\/0e7140dffb158d23aedd257e7581cc7c\/Location-Pas-Che_____re---Budget.jpg\" alt=\"Location de vacances pas ch\u00e8re : ma\u00eetrisez votre budget vacances\"><\/figure>\n<p><\/p>\n\n\n<h2>Location de vacances pas ch\u00e8re en <a name=\"France\">France<\/a><\/h2>\n\n\n<p>En France, il existe une multitude de locations de vacances propos\u00e9es \u00e0 des tarifs tr\u00e8s abordables. M\u00eame en haute saison, il est possible d\u2019emmener toute la tribu en vacances sans mettre vos finances en p\u00e9ril. La location aupr\u00e8s d\u2019un particulier offre notamment l\u2019avantage d\u2019\u00eatre moins ch\u00e8re que d\u2019autres alternatives tout en garantissant un confort absolu. Vous vous sentez comme chez vous dans une maison ou un appartement mis \u00e0 disposition par un particulier avide de rencontres et d\u2019\u00e9changes. La relation humaine est centrale dans cette forme de tourisme de plus en plus appr\u00e9ci\u00e9e. Vous pouvez m\u00eame r\u00e9server le nombre de nuit\u00e9es \u00e0 la carte en fonction de vos possibilit\u00e9s. Et si vous restez plus longtemps, vous b\u00e9n\u00e9ficierez d\u2019un tarif d\u00e9gressif. M\u00eame dans les villes ou les r\u00e9gions les plus pris\u00e9es, telles que la C\u00f4te d\u2019Azur, vous pouvez planifier des vacances abordables gr\u00e2ce \u00e0 la location de vacances chez l\u2019habitant. Imaginez\u2026 7 jours en famille dans <a href=\"https:\/\/www.abritel.fr\/location-vacances\/p1464329\">un appartement enti\u00e8rement r\u00e9nov\u00e9<\/a>, tout confort, \u00e0 Sainte-Maxime. \u00c0 proximit\u00e9 du front de mer, vous profiterez de moments inoubliables avec vos rejetons et pourrez m\u00eame inviter papy et mamy ou les cousins. H\u00e9 oui : plus on est de fous, plus on rit !<\/p>\n\n\n<p><\/p>\n\n\n<h2>Location de vacances chez un <a name=\"particulier\">particulier<\/a><\/h2>\n\n\n<p>La location de vacances chez un particulier permet \u00e9galement de r\u00e9duire les frais de restaurants et d\u2019\u00e9viter les sorties trop on\u00e9reuses. En effet, gr\u00e2ce \u00e0 la pr\u00e9sence d\u2019une cuisine et de l\u2019\u00e9quipement n\u00e9cessaire dans votre g\u00eete, pr\u00e9parer les repas deviendra m\u00eame ludique si on l\u2019exp\u00e9rimente \u00e0 4 ou 6 mains et plus. Avec ce type de location, tout est compris. Vous \u00e9vitez ainsi les frais suppl\u00e9mentaires. Vous versez \u00e0 l\u2019avance le montant propos\u00e9 par le propri\u00e9taire de votre location de vacances et puis, vous voil\u00e0 tranquille. Rien ne vous sera r\u00e9clam\u00e9 par la suite. Enfin, gr\u00e2ce aux pr\u00e9cieux conseils et aux bons plans de votre h\u00f4te, vous faites des choix judicieux pour vos repas \u00e0 l\u2019ext\u00e9rieur. Il n\u2019est pas rare que certains \u00e9tablissements pratiquent des tarifs plus \u00e9lev\u00e9s que la moyenne. Demandez l\u2019avis du propri\u00e9taire avant. Vous \u00e9viterez ainsi les mauvaises surprises.<\/p>\n\n<figure class=\"wp-block-image size-large is-resized\"><img decoding=\"async\" loading=\"lazy\" class=\"wp-image-11 alignalignfull-width\" src=\"\/guides-voyage\/wp-content\/uploads\/57hi7HJBI4aUGywoYIsQ0a\/70e44567f34451a388c9c68fcc4de2d2\/Location-Pas-Che_____re---Particuliers.jpg\" alt=\"Location de vacances pas ch\u00e8re : location chez un particulier\"><\/figure>\n<p><\/p>\n\n\n<h2>Location de vacances pas ch\u00e8re en <a name=\"Bretagne\">Bretagne<\/a><\/h2>\n\n\n<p>En Bretagne comme ailleurs, vous profiterez de meilleurs tarifs en basse saison pour une location de vacances. Si vous avez la possibilit\u00e9 de partir en mars par exemple, r\u00e9servez <a href=\"https:\/\/www.abritel.fr\/location-vacances\/p1544637\">un joli cottage au pied de la plage<\/a> \u00e0 un tarif tr\u00e8s attractif. C\u2019est le d\u00e9cor id\u00e9al pour se d\u00e9tendre, loin de la pression du quotidien. Profitez d\u2019une p\u00e9riode calme pour vous ressourcer seul(e) ou avec l\u2019\u00e9lu(e) de votre c\u0153ur. Vous pourrez aussi vous promener au petit port de p\u00eache de la Pointe de Tr\u00e9vignon et rapporter du poisson frais pour le d\u00eener.<\/p>\n\n\n<p><\/p>\n\n\n<h2>Location de vacances pas ch\u00e8re en <a name=\"Alsace\">Alsace<\/a><\/h2>\n\n\n<p>F\u00eater No\u00ebl ou le passage \u00e0 la nouvelle ann\u00e9e dans une location de vacances pas ch\u00e8re en Alsace, \u00e7a vous tente ? Les temp\u00e9ratures sont encore douces au mois de d\u00e9cembre. Partez en famille ou avec des amis dans <a href=\"https:\/\/www.abritel.fr\/location-vacances\/p4701262a\">une maison totalement \u00e9quip\u00e9e<\/a>, \u00e0 quelques kilom\u00e8tres de Strasbourg, une ville qui attire des milliers de touristes chaque ann\u00e9e \u00e0 l\u2019approche de No\u00ebl avec son march\u00e9 et ses d\u00e9corations \u00e0 travers les places et les ruelles. Vivez les f\u00eates de fin d\u2019ann\u00e9e au c\u0153ur de l\u2019Alsace pour un d\u00e9paysement garanti. Au menu : tartes flamb\u00e9es et vin chaud. Convaincu ?<\/p>\n\n","protected":false},"excerpt":{"rendered":"<p>Vous \u00eates \u00e0 la recherche d\u2019une location de vacances pas ch\u00e8re pour votre prochaine escapade ? D\u00e9couvrez nos trucs et astuces pour voyager en France sans vous ruiner. Que ce soit en r\u00e9servant un logement aupr\u00e8s d\u2019un particulier ou hors saison, trouvez la combine pour vous d\u00e9tendre \u00e0 moindre co\u00fbt au bord d\u2019une plage de&#8230;<\/p>\n","protected":false},"author":1,"featured_media":4853,"comment_status":"closed","ping_status":"closed","sticky":false,"template":"","format":"standard","meta":[],"categories":[66],"tags":[],"acf":[],"yoast_head":"<!-- This site is optimized with the Yoast SEO plugin v19.12 - https:\/\/yoast.com\/wordpress\/plugins\/seo\/ -->\n<title>Location de vacances pas ch\u00e8re<\/title>\n<meta name=\"description\" content=\"Optez pour des vacances pas ch\u00e8res en France avec la location d\u2019une maison aupr\u00e8s d&#039;un particulier.\" \/>\n<meta name=\"robots\" content=\"index, follow, max-snippet:-1, max-image-preview:large, max-video-preview:-1\" \/>\n<link rel=\"canonical\" href=\"https:\/\/www.abritel.fr\/guides-voyage\/destinations\/locations-vacances-france\/location-vacances-pas-chere\" \/>\n<meta property=\"og:locale\" content=\"en_US\" \/>\n<meta property=\"og:type\" content=\"article\" \/>\n<meta property=\"og:title\" content=\"Location de vacances pas ch\u00e8re\" \/>\n<meta property=\"og:description\" content=\"Optez pour des vacances pas ch\u00e8res en France avec la location d\u2019une maison aupr\u00e8s d&#039;un particulier.\" \/>\n<meta property=\"og:url\" content=\"https:\/\/www.abritel.fr\/guides-voyage\/destinations\/locations-vacances-france\/location-vacances-pas-chere\" \/>\n<meta property=\"og:site_name\" content=\"Abritel\" \/>\n<meta property=\"article:published_time\" content=\"2018-12-19T00:00:00+00:00\" \/>\n<meta name=\"author\" content=\"vrbous_admin\" \/>\n<meta name=\"twitter:card\" content=\"summary_large_image\" \/>\n<meta name=\"twitter:label1\" content=\"Written by\" \/>\n\t<meta name=\"twitter:data1\" content=\"vrbous_admin\" \/>\n\t<meta name=\"twitter:label2\" content=\"Est. reading time\" \/>\n\t<meta name=\"twitter:data2\" content=\"4 minutes\" \/>\n<script type=\"application\/ld+json\" class=\"yoast-schema-graph\">{\"@context\":\"https:\/\/schema.org\",\"@graph\":[{\"@type\":\"WebPage\",\"@id\":\"https:\/\/www.abritel.fr\/guides-voyage\/destinations\/locations-vacances-france\/location-vacances-pas-chere\",\"url\":\"https:\/\/www.abritel.fr\/guides-voyage\/destinations\/locations-vacances-france\/location-vacances-pas-chere\",\"name\":\"Location de vacances pas ch\u00e8re\",\"isPartOf\":{\"@id\":\"https:\/\/www.abritel.fr\/guides-voyage\/#website\"},\"datePublished\":\"2018-12-19T00:00:00+00:00\",\"dateModified\":\"2018-12-19T00:00:00+00:00\",\"author\":{\"@id\":\"https:\/\/www.abritel.fr\/guides-voyage\/#\/schema\/person\/520e43ecbb88d854b065acd2b48b42d2\"},\"description\":\"Optez pour des vacances pas ch\u00e8res en France avec la location d\u2019une maison aupr\u00e8s d'un particulier.\",\"breadcrumb\":{\"@id\":\"https:\/\/www.abritel.fr\/guides-voyage\/destinations\/locations-vacances-france\/location-vacances-pas-chere#breadcrumb\"},\"inLanguage\":\"en-US\",\"potentialAction\":[{\"@type\":\"ReadAction\",\"target\":[\"https:\/\/www.abritel.fr\/guides-voyage\/destinations\/locations-vacances-france\/location-vacances-pas-chere\"]}]},{\"@type\":\"BreadcrumbList\",\"@id\":\"https:\/\/www.abritel.fr\/guides-voyage\/destinations\/locations-vacances-france\/location-vacances-pas-chere#breadcrumb\",\"itemListElement\":[{\"@type\":\"ListItem\",\"position\":1,\"name\":\"Home\",\"item\":\"https:\/\/www.abritel.fr\/guides-voyage\/\"},{\"@type\":\"ListItem\",\"position\":2,\"name\":\"Destinations\",\"item\":\"https:\/\/www.abritel.fr\/guides-voyage\/destinations\"},{\"@type\":\"ListItem\",\"position\":3,\"name\":\"Locations de vacances en France\",\"item\":\"https:\/\/www.abritel.fr\/guides-voyage\/destinations\/locations-vacances-france\"},{\"@type\":\"ListItem\",\"position\":4,\"name\":\"Location de vacances pas ch\u00e8re\"}]},{\"@type\":\"WebSite\",\"@id\":\"https:\/\/www.abritel.fr\/guides-voyage\/#website\",\"url\":\"https:\/\/www.abritel.fr\/guides-voyage\/\",\"name\":\"Abritel\",\"description\":\"Abritel\",\"potentialAction\":[{\"@type\":\"SearchAction\",\"target\":{\"@type\":\"EntryPoint\",\"urlTemplate\":\"https:\/\/www.abritel.fr\/guides-voyage\/?s={search_term_string}\"},\"query-input\":\"required name=search_term_string\"}],\"inLanguage\":\"en-US\"},{\"@type\":\"Person\",\"@id\":\"https:\/\/www.abritel.fr\/guides-voyage\/#\/schema\/person\/520e43ecbb88d854b065acd2b48b42d2\",\"name\":\"vrbous_admin\",\"image\":{\"@type\":\"ImageObject\",\"inLanguage\":\"en-US\",\"@id\":\"https:\/\/www.abritel.fr\/guides-voyage\/#\/schema\/person\/image\/\",\"url\":\"https:\/\/secure.gravatar.com\/avatar\/34fbaa9832585e9f68574cb233fe8d82?s=96&d=mm&r=g\",\"contentUrl\":\"https:\/\/secure.gravatar.com\/avatar\/34fbaa9832585e9f68574cb233fe8d82?s=96&d=mm&r=g\",\"caption\":\"vrbous_admin\"},\"sameAs\":[\"https:\/\/vrbous.web\"],\"url\":\"https:\/\/www.abritel.fr\/guides-voyage\/author\/vrbous_admin\"}]}<\/script>\n<!-- \/ Yoast SEO plugin. -->","yoast_head_json":{"title":"Location de vacances pas ch\u00e8re","description":"Optez pour des vacances pas ch\u00e8res en France avec la location d\u2019une maison aupr\u00e8s d'un particulier.","robots":{"index":"index","follow":"follow","max-snippet":"max-snippet:-1","max-image-preview":"max-image-preview:large","max-video-preview":"max-video-preview:-1"},"canonical":"https:\/\/www.abritel.fr\/guides-voyage\/destinations\/locations-vacances-france\/location-vacances-pas-chere","og_locale":"en_US","og_type":"article","og_title":"Location de vacances pas ch\u00e8re","og_description":"Optez pour des vacances pas ch\u00e8res en France avec la location d\u2019une maison aupr\u00e8s d'un particulier.","og_url":"https:\/\/www.abritel.fr\/guides-voyage\/destinations\/locations-vacances-france\/location-vacances-pas-chere","og_site_name":"Abritel","article_published_time":"2018-12-19T00:00:00+00:00","author":"vrbous_admin","twitter_card":"summary_large_image","twitter_misc":{"Written by":"vrbous_admin","Est. reading time":"4 minutes"},"schema":{"@context":"https:\/\/schema.org","@graph":[{"@type":"WebPage","@id":"https:\/\/www.abritel.fr\/guides-voyage\/destinations\/locations-vacances-france\/location-vacances-pas-chere","url":"https:\/\/www.abritel.fr\/guides-voyage\/destinations\/locations-vacances-france\/location-vacances-pas-chere","name":"Location de vacances pas ch\u00e8re","isPartOf":{"@id":"https:\/\/www.abritel.fr\/guides-voyage\/#website"},"datePublished":"2018-12-19T00:00:00+00:00","dateModified":"2018-12-19T00:00:00+00:00","author":{"@id":"https:\/\/www.abritel.fr\/guides-voyage\/#\/schema\/person\/520e43ecbb88d854b065acd2b48b42d2"},"description":"Optez pour des vacances pas ch\u00e8res en France avec la location d\u2019une maison aupr\u00e8s d'un particulier.","breadcrumb":{"@id":"https:\/\/www.abritel.fr\/guides-voyage\/destinations\/locations-vacances-france\/location-vacances-pas-chere#breadcrumb"},"inLanguage":"en-US","potentialAction":[{"@type":"ReadAction","target":["https:\/\/www.abritel.fr\/guides-voyage\/destinations\/locations-vacances-france\/location-vacances-pas-chere"]}]},{"@type":"BreadcrumbList","@id":"https:\/\/www.abritel.fr\/guides-voyage\/destinations\/locations-vacances-france\/location-vacances-pas-chere#breadcrumb","itemListElement":[{"@type":"ListItem","position":1,"name":"Home","item":"https:\/\/www.abritel.fr\/guides-voyage\/"},{"@type":"ListItem","position":2,"name":"Destinations","item":"https:\/\/www.abritel.fr\/guides-voyage\/destinations"},{"@type":"ListItem","position":3,"name":"Locations de vacances en France","item":"https:\/\/www.abritel.fr\/guides-voyage\/destinations\/locations-vacances-france"},{"@type":"ListItem","position":4,"name":"Location de vacances pas ch\u00e8re"}]},{"@type":"WebSite","@id":"https:\/\/www.abritel.fr\/guides-voyage\/#website","url":"https:\/\/www.abritel.fr\/guides-voyage\/","name":"Abritel","description":"Abritel","potentialAction":[{"@type":"SearchAction","target":{"@type":"EntryPoint","urlTemplate":"https:\/\/www.abritel.fr\/guides-voyage\/?s={search_term_string}"},"query-input":"required name=search_term_string"}],"inLanguage":"en-US"},{"@type":"Person","@id":"https:\/\/www.abritel.fr\/guides-voyage\/#\/schema\/person\/520e43ecbb88d854b065acd2b48b42d2","name":"vrbous_admin","image":{"@type":"ImageObject","inLanguage":"en-US","@id":"https:\/\/www.abritel.fr\/guides-voyage\/#\/schema\/person\/image\/","url":"https:\/\/secure.gravatar.com\/avatar\/34fbaa9832585e9f68574cb233fe8d82?s=96&d=mm&r=g","contentUrl":"https:\/\/secure.gravatar.com\/avatar\/34fbaa9832585e9f68574cb233fe8d82?s=96&d=mm&r=g","caption":"vrbous_admin"},"sameAs":["https:\/\/vrbous.web"],"url":"https:\/\/www.abritel.fr\/guides-voyage\/author\/vrbous_admin"}]}},"_links":{"self":[{"href":"https:\/\/www.abritel.fr\/guides-voyage\/wp-json\/wp\/v2\/posts\/4852"}],"collection":[{"href":"https:\/\/www.abritel.fr\/guides-voyage\/wp-json\/wp\/v2\/posts"}],"about":[{"href":"https:\/\/www.abritel.fr\/guides-voyage\/wp-json\/wp\/v2\/types\/post"}],"author":[{"embeddable":true,"href":"https:\/\/www.abritel.fr\/guides-voyage\/wp-json\/wp\/v2\/users\/1"}],"replies":[{"embeddable":true,"href":"https:\/\/www.abritel.fr\/guides-voyage\/wp-json\/wp\/v2\/comments?post=4852"}],"version-history":[{"count":0,"href":"https:\/\/www.abritel.fr\/guides-voyage\/wp-json\/wp\/v2\/posts\/4852\/revisions"}],"wp:featuredmedia":[{"embeddable":true,"href":"https:\/\/www.abritel.fr\/guides-voyage\/wp-json\/wp\/v2\/media\/4853"}],"wp:attachment":[{"href":"https:\/\/www.abritel.fr\/guides-voyage\/wp-json\/wp\/v2\/media?parent=4852"}],"wp:term":[{"taxonomy":"category","embeddable":true,"href":"https:\/\/www.abritel.fr\/guides-voyage\/wp-json\/wp\/v2\/categories?post=4852"},{"taxonomy":"post_tag","embeddable":true,"href":"https:\/\/www.abritel.fr\/guides-voyage\/wp-json\/wp\/v2\/tags?post=4852"}],"curies":[{"name":"wp","href":"https:\/\/api.w.org\/{rel}","templated":true}]}}