{"id":4846,"date":"2018-12-19T00:00:00","date_gmt":"2018-12-19T00:00:00","guid":{"rendered":""},"modified":"2018-12-19T00:00:00","modified_gmt":"2018-12-19T00:00:00","slug":"location-vacances-normandie","status":"publish","type":"post","link":"https:\/\/www.abritel.fr\/guides-voyage\/destinations\/locations-vacances-france\/location-vacances-normandie","title":{"rendered":"Location de vacances en Normandie : les incontournables"},"content":{"rendered":"\n<p>Vous cherchez une location de vacances en Normandie mais ne savez pas exactement ce que vous voulez visiter une fois sur place ? C\u2019est compr\u00e9hensible, il y a tellement de choses \u00e0 d\u00e9couvrir dans ce d\u00e9partement du nord de la France. Nous nous faisons un plaisir de vous faire une s\u00e9lection de quelques incontournables afin que vous puissiez affiner au mieux votre recherche d&#8217;<a href=\"https:\/\/www.abritel.fr\/search\/keywords:normandie-france\">une location de vacances en Normandie<\/a>. Avec une location saisonni\u00e8re au milieu des attractions touristiques les plus visit\u00e9es, vous \u00eates certain de ne rien rater durant votre s\u00e9jour !<\/p>\n\n\n<p><\/p>\n\n\n<h2>Une location saisonni\u00e8re au <a name=\"Mont-Saint-Michel\">Mont-Saint-Michel<\/a><\/h2>\n\n\n<p>Tout d\u2019abord, il semble tout naturel de mentionner en premier lieu le c\u00e9l\u00e8bre Mont-Saint-Michel, class\u00e9 au patrimoine mondial de l\u2019UNESCO. \u00c9rig\u00e9 sur un \u00eelot rocheux, le Mont-Saint-Michel n\u2019est accessible que lorsque la mar\u00e9e est basse. Si vous souhaitez loger dans une location saisonni\u00e8re au c\u0153ur de l\u2019un des sites les plus visit\u00e9s de France, c\u2019est l\u2019occasion ! Visitez l\u2019abbaye, baladez-vous sur la baie, observez le ph\u00e9nom\u00e8ne des hautes mar\u00e9es\u2026 Un v\u00e9ritable spectacle de la nature s\u2019offre \u00e0 vous.<\/p>\n\n<figure class=\"wp-block-image size-large is-resized\"><img decoding=\"async\" loading=\"lazy\" class=\"wp-image-11 alignalignleft\" src=\"\/guides-voyage\/wp-content\/uploads\/6cLjrvtQ0EeamUiE22A6s2\/8401614be267b1a7564484cf09031e22\/Normandie---Mont-Saint-Michel.jpg\" alt=\"Location de vacances en Normandie : une location saisonni\u00e8re au Mont-Saint-Michel\"><\/figure>\n<p><\/p>\n\n\n<h2>Une location de vacances proche des falaises d\u2019<a name=\"\u00c9tretat\">\u00c9tretat<\/a><\/h2>\n\n\n<p>\u00c9tretat est \u00e9galement une destination pris\u00e9e des vacanciers. La falaise d\u2019Aval est l\u2019une des plus connues au monde avec son arche iconique. Si vous optez pour une location de vacances dans cette ville de Normandie, emportez vos baskets les plus confortables et montez les marches qui vous m\u00e8neront \u00e0 un v\u00e9ritable th\u00e9\u00e2tre ouvert sur la Manche.<\/p>\n\n<figure class=\"wp-block-image size-large is-resized\"><img decoding=\"async\" loading=\"lazy\" class=\"wp-image-11 alignalignleft\" src=\"\/guides-voyage\/wp-content\/uploads\/3HNqm18MKc0W8OaY4ko2Go\/72d02399606d4d5f0fe2cbd07c7985c3\/Normandie---Etretat.jpg\" alt=\"Location de vacances en Normandie : un appartement pr\u00e8s des falaises embl\u00e9matiques d\u2019\u00c9tretat\"><\/figure>\n<p><\/p>\n\n\n<h2>Une location originale \u00e0 <a name=\"Honfleur\">Honfleur<\/a><\/h2>\n\n\n<p>Un autre haut-lieu touristique en Normandie o\u00f9 vous vous devez de faire un arr\u00eat est Honfleur. Petite ville pittoresque berc\u00e9e par son Vieux-Bassin, Honfleur vous r\u00e9serve de nombreuses surprises, notamment des perles en termes de locations saisonni\u00e8res. Posez vos valises, par exemple, dans un <a href=\"https:\/\/www.abritel.fr\/location-vacances\/p1231492a\">appartement dans le centre historique<\/a>. C\u2019est un v\u00e9ritable nid douillet qui vous attend derri\u00e8re cette fa\u00e7ade authentique caract\u00e9ristique d\u2019Honfleur.<\/p>\n\n<figure class=\"wp-block-image size-large is-resized\"><img decoding=\"async\" loading=\"lazy\" class=\"wp-image-11 alignalignleft\" src=\"\/guides-voyage\/wp-content\/uploads\/5fJukGtJ9C46w0ksUAmMye\/fb75f429106d138c9f45bfea8596daec\/Honfleur.jpg\" alt=\"Location de vacances en Normandie : un h\u00e9bergement \u00e0 Honfleur\"><\/figure>\n<p>Voici seulement une petite poign\u00e9e des lieux incontournables pour vos vacances en Normandie. Il faudrait une encyclop\u00e9die enti\u00e8re pour parcourir tous les tr\u00e9sors cach\u00e9s de ce d\u00e9partement mais vous \u00eates sans aucun doute impatient de r\u00e9server votre location de vacances en Normandie. Alors venons-en au but : nous vous donnons un aper\u00e7u des locations de vacances pas ch\u00e8res en Normandie.<\/p>\n\n\n<p><\/p>\n\n\n<h2>Location d\u2019<a name=\"appartements\">appartements<\/a> de particulier \u00e0 particulier<\/h2>\n\n\n<p>La location d\u2019appartements de particulier \u00e0 particulier est LE bon plan pour des vacances pas ch\u00e8res en Normandie. Cette formule d\u2019h\u00e9bergement \u00e0 moindre co\u00fbt vous offre tout le confort dont vous r\u00eavez pour des vacances sans tracas. En outre, vous b\u00e9n\u00e9ficiez des conseils avis\u00e9s du propri\u00e9taire de votre location saisonni\u00e8re. Il ou elle se fera un plaisir de vous d\u00e9voiler les meilleures adresses de sa r\u00e9gion. Il ne vous reste qu\u2019\u00e0 trouver un emplacement de choix pour votre appartement de location, un emplacement au c\u0153ur de l\u2019action, au milieu des villes les plus embl\u00e9matiques de Normandie. Ce sera plut\u00f4t un h\u00e9bergement \u00e0 Caen, au Havre, Rouen ou Deauville ?<\/p>\n\n\n<h3>Des h\u00e9bergements par centaines \u00e0 Caen<\/h3>\n\n\n<p>\u00c0 2 heures de Paris et \u00e0 10 minutes des plages, Caen est id\u00e9alement situ\u00e9e. Il ne vous faudra pas plus d\u2019une heure pour rejoindre les plus grandes villes de Normandie. S\u00e9journer dans un h\u00e9bergement \u00e0 Caen, c\u2019est opter pour des vacances vivantes et anim\u00e9es. Jetez \u00e0 \u0153il \u00e0 ce <a href=\"https:\/\/www.abritel.fr\/location-vacances\/p1622943\">magnifique appartement \u00e0 Caen<\/a> : un duplex \u00e0 proximit\u00e9 de la place Saint-Sauveur au dernier \u00e9tage d\u2019un immeuble datant de la fin du XVIIe si\u00e8cle.<\/p>\n\n<figure class=\"wp-block-image size-large is-resized\"><img decoding=\"async\" loading=\"lazy\" class=\"wp-image-11 alignalignleft\" src=\"\/guides-voyage\/wp-content\/uploads\/2dWj62IJ64mI0Q4ISg208w\/d3ec3392527dfda80281835b3b421d85\/Normandie---Appartement-a__-Caen.jpg\" alt=\"Location de vacances en Normandie : un appartement de charme \u00e0 Caen\"><\/figure>\n<h3>Un appartement dans le centre reconstruit du Havre<\/h3>\n\n\n<p>Si vous \u00eates amateur d\u2019art, vous connaissez sans doute Impression, Soleil Levant, la c\u00e9l\u00e8bre peinture de Claude Monet, figure notable du courant impressionniste. Eh bien figurez-vous que c\u2019est Le Havre et ses jeux de lumi\u00e8re si particuliers qui ont inspir\u00e9 le peintre. Logez au c\u0153ur d\u2019une \u0153uvre d\u2019art aux dimensions r\u00e9elles avec un <a href=\"https:\/\/www.abritel.fr\/location-vacances\/p1224769\">appartement au Havre<\/a>. Laissez-vous hypnotiser par les rayons du soleil s\u2019entrem\u00ealant dans les nuages et se refl\u00e9tant dans l\u2019eau&#8230;<\/p>\n\n\n<h3>Une location de vacances dans la ville-mus\u00e9e de Rouen<\/h3>\n\n\n<p>Ville charg\u00e9e d\u2019histoire, Rouen ne vous laissera pas indiff\u00e9rent avec ses ruelles pav\u00e9es, ses \u00e9glises gothiques et ses maisons caract\u00e9ristiques \u00e0 pans de bois. Capitale de la Normandie, c\u2019est un passage obligatoire pour les f\u00e9rus d\u2019histoire, les gourmands et les amateurs de shopping. Vous y trouverez de nombreuses locations de vacances pas ch\u00e8res aupr\u00e8s de particuliers.<\/p>\n\n\n<h3>Un appartement le long de la plage multicolore \u00e0 Deauville<\/h3>\n\n\n<p>Deauville est mondialement connue pour tous les loisirs qu\u2019elle offre. Station baln\u00e9aire internationalement connue, elle saura charmer les jeunes comme les moins jeunes avec sa plage aux parasols multicolores, son casino, ses villas Belle \u00c9poque, ses tables gourmandes, etc. Optez pour un appartement le long de la plage pour des vacances en bord de mer dans le Nord !<\/p>\n\n","protected":false},"excerpt":{"rendered":"<p>Vous cherchez une location de vacances en Normandie mais ne savez pas exactement ce que vous voulez visiter une fois sur place ? C\u2019est compr\u00e9hensible, il y a tellement de choses \u00e0 d\u00e9couvrir dans ce d\u00e9partement du nord de la France. Nous nous faisons un plaisir de vous faire une s\u00e9lection de quelques incontournables afin&#8230;<\/p>\n","protected":false},"author":1,"featured_media":4847,"comment_status":"closed","ping_status":"closed","sticky":false,"template":"","format":"standard","meta":[],"categories":[66],"tags":[],"acf":[],"yoast_head":"<!-- This site is optimized with the Yoast SEO plugin v19.12 - https:\/\/yoast.com\/wordpress\/plugins\/seo\/ -->\n<title>Location de vacances en Normandie<\/title>\n<meta name=\"description\" content=\"Partez pour un d\u00e9paysement total \u00e0 la chasse aux tr\u00e9sors normands en optant pour une location de vacances en Normandie !\" \/>\n<meta name=\"robots\" content=\"index, follow, max-snippet:-1, max-image-preview:large, max-video-preview:-1\" \/>\n<link rel=\"canonical\" href=\"https:\/\/www.abritel.fr\/guides-voyage\/destinations\/locations-vacances-france\/location-vacances-normandie\" \/>\n<meta property=\"og:locale\" content=\"en_US\" \/>\n<meta property=\"og:type\" content=\"article\" \/>\n<meta property=\"og:title\" content=\"Location de vacances en Normandie\" \/>\n<meta property=\"og:description\" content=\"Partez pour un d\u00e9paysement total \u00e0 la chasse aux tr\u00e9sors normands en optant pour une location de vacances en Normandie !\" \/>\n<meta property=\"og:url\" content=\"https:\/\/www.abritel.fr\/guides-voyage\/destinations\/locations-vacances-france\/location-vacances-normandie\" \/>\n<meta property=\"og:site_name\" content=\"Abritel\" \/>\n<meta property=\"article:published_time\" content=\"2018-12-19T00:00:00+00:00\" \/>\n<meta name=\"author\" content=\"vrbous_admin\" \/>\n<meta name=\"twitter:card\" content=\"summary_large_image\" \/>\n<meta name=\"twitter:label1\" content=\"Written by\" \/>\n\t<meta name=\"twitter:data1\" content=\"vrbous_admin\" \/>\n\t<meta name=\"twitter:label2\" content=\"Est. reading time\" \/>\n\t<meta name=\"twitter:data2\" content=\"4 minutes\" \/>\n<script type=\"application\/ld+json\" class=\"yoast-schema-graph\">{\"@context\":\"https:\/\/schema.org\",\"@graph\":[{\"@type\":\"WebPage\",\"@id\":\"https:\/\/www.abritel.fr\/guides-voyage\/destinations\/locations-vacances-france\/location-vacances-normandie\",\"url\":\"https:\/\/www.abritel.fr\/guides-voyage\/destinations\/locations-vacances-france\/location-vacances-normandie\",\"name\":\"Location de vacances en Normandie\",\"isPartOf\":{\"@id\":\"https:\/\/www.abritel.fr\/guides-voyage\/#website\"},\"datePublished\":\"2018-12-19T00:00:00+00:00\",\"dateModified\":\"2018-12-19T00:00:00+00:00\",\"author\":{\"@id\":\"https:\/\/www.abritel.fr\/guides-voyage\/#\/schema\/person\/520e43ecbb88d854b065acd2b48b42d2\"},\"description\":\"Partez pour un d\u00e9paysement total \u00e0 la chasse aux tr\u00e9sors normands en optant pour une location de vacances en Normandie !\",\"breadcrumb\":{\"@id\":\"https:\/\/www.abritel.fr\/guides-voyage\/destinations\/locations-vacances-france\/location-vacances-normandie#breadcrumb\"},\"inLanguage\":\"en-US\",\"potentialAction\":[{\"@type\":\"ReadAction\",\"target\":[\"https:\/\/www.abritel.fr\/guides-voyage\/destinations\/locations-vacances-france\/location-vacances-normandie\"]}]},{\"@type\":\"BreadcrumbList\",\"@id\":\"https:\/\/www.abritel.fr\/guides-voyage\/destinations\/locations-vacances-france\/location-vacances-normandie#breadcrumb\",\"itemListElement\":[{\"@type\":\"ListItem\",\"position\":1,\"name\":\"Home\",\"item\":\"https:\/\/www.abritel.fr\/guides-voyage\/\"},{\"@type\":\"ListItem\",\"position\":2,\"name\":\"Destinations\",\"item\":\"https:\/\/www.abritel.fr\/guides-voyage\/destinations\"},{\"@type\":\"ListItem\",\"position\":3,\"name\":\"Locations de vacances en France\",\"item\":\"https:\/\/www.abritel.fr\/guides-voyage\/destinations\/locations-vacances-france\"},{\"@type\":\"ListItem\",\"position\":4,\"name\":\"Location de vacances en Normandie : les incontournables\"}]},{\"@type\":\"WebSite\",\"@id\":\"https:\/\/www.abritel.fr\/guides-voyage\/#website\",\"url\":\"https:\/\/www.abritel.fr\/guides-voyage\/\",\"name\":\"Abritel\",\"description\":\"Abritel\",\"potentialAction\":[{\"@type\":\"SearchAction\",\"target\":{\"@type\":\"EntryPoint\",\"urlTemplate\":\"https:\/\/www.abritel.fr\/guides-voyage\/?s={search_term_string}\"},\"query-input\":\"required name=search_term_string\"}],\"inLanguage\":\"en-US\"},{\"@type\":\"Person\",\"@id\":\"https:\/\/www.abritel.fr\/guides-voyage\/#\/schema\/person\/520e43ecbb88d854b065acd2b48b42d2\",\"name\":\"vrbous_admin\",\"image\":{\"@type\":\"ImageObject\",\"inLanguage\":\"en-US\",\"@id\":\"https:\/\/www.abritel.fr\/guides-voyage\/#\/schema\/person\/image\/\",\"url\":\"https:\/\/secure.gravatar.com\/avatar\/34fbaa9832585e9f68574cb233fe8d82?s=96&d=mm&r=g\",\"contentUrl\":\"https:\/\/secure.gravatar.com\/avatar\/34fbaa9832585e9f68574cb233fe8d82?s=96&d=mm&r=g\",\"caption\":\"vrbous_admin\"},\"sameAs\":[\"https:\/\/vrbous.web\"],\"url\":\"https:\/\/www.abritel.fr\/guides-voyage\/author\/vrbous_admin\"}]}<\/script>\n<!-- \/ Yoast SEO plugin. -->","yoast_head_json":{"title":"Location de vacances en Normandie","description":"Partez pour un d\u00e9paysement total \u00e0 la chasse aux tr\u00e9sors normands en optant pour une location de vacances en Normandie !","robots":{"index":"index","follow":"follow","max-snippet":"max-snippet:-1","max-image-preview":"max-image-preview:large","max-video-preview":"max-video-preview:-1"},"canonical":"https:\/\/www.abritel.fr\/guides-voyage\/destinations\/locations-vacances-france\/location-vacances-normandie","og_locale":"en_US","og_type":"article","og_title":"Location de vacances en Normandie","og_description":"Partez pour un d\u00e9paysement total \u00e0 la chasse aux tr\u00e9sors normands en optant pour une location de vacances en Normandie !","og_url":"https:\/\/www.abritel.fr\/guides-voyage\/destinations\/locations-vacances-france\/location-vacances-normandie","og_site_name":"Abritel","article_published_time":"2018-12-19T00:00:00+00:00","author":"vrbous_admin","twitter_card":"summary_large_image","twitter_misc":{"Written by":"vrbous_admin","Est. reading time":"4 minutes"},"schema":{"@context":"https:\/\/schema.org","@graph":[{"@type":"WebPage","@id":"https:\/\/www.abritel.fr\/guides-voyage\/destinations\/locations-vacances-france\/location-vacances-normandie","url":"https:\/\/www.abritel.fr\/guides-voyage\/destinations\/locations-vacances-france\/location-vacances-normandie","name":"Location de vacances en Normandie","isPartOf":{"@id":"https:\/\/www.abritel.fr\/guides-voyage\/#website"},"datePublished":"2018-12-19T00:00:00+00:00","dateModified":"2018-12-19T00:00:00+00:00","author":{"@id":"https:\/\/www.abritel.fr\/guides-voyage\/#\/schema\/person\/520e43ecbb88d854b065acd2b48b42d2"},"description":"Partez pour un d\u00e9paysement total \u00e0 la chasse aux tr\u00e9sors normands en optant pour une location de vacances en Normandie !","breadcrumb":{"@id":"https:\/\/www.abritel.fr\/guides-voyage\/destinations\/locations-vacances-france\/location-vacances-normandie#breadcrumb"},"inLanguage":"en-US","potentialAction":[{"@type":"ReadAction","target":["https:\/\/www.abritel.fr\/guides-voyage\/destinations\/locations-vacances-france\/location-vacances-normandie"]}]},{"@type":"BreadcrumbList","@id":"https:\/\/www.abritel.fr\/guides-voyage\/destinations\/locations-vacances-france\/location-vacances-normandie#breadcrumb","itemListElement":[{"@type":"ListItem","position":1,"name":"Home","item":"https:\/\/www.abritel.fr\/guides-voyage\/"},{"@type":"ListItem","position":2,"name":"Destinations","item":"https:\/\/www.abritel.fr\/guides-voyage\/destinations"},{"@type":"ListItem","position":3,"name":"Locations de vacances en France","item":"https:\/\/www.abritel.fr\/guides-voyage\/destinations\/locations-vacances-france"},{"@type":"ListItem","position":4,"name":"Location de vacances en Normandie : les incontournables"}]},{"@type":"WebSite","@id":"https:\/\/www.abritel.fr\/guides-voyage\/#website","url":"https:\/\/www.abritel.fr\/guides-voyage\/","name":"Abritel","description":"Abritel","potentialAction":[{"@type":"SearchAction","target":{"@type":"EntryPoint","urlTemplate":"https:\/\/www.abritel.fr\/guides-voyage\/?s={search_term_string}"},"query-input":"required name=search_term_string"}],"inLanguage":"en-US"},{"@type":"Person","@id":"https:\/\/www.abritel.fr\/guides-voyage\/#\/schema\/person\/520e43ecbb88d854b065acd2b48b42d2","name":"vrbous_admin","image":{"@type":"ImageObject","inLanguage":"en-US","@id":"https:\/\/www.abritel.fr\/guides-voyage\/#\/schema\/person\/image\/","url":"https:\/\/secure.gravatar.com\/avatar\/34fbaa9832585e9f68574cb233fe8d82?s=96&d=mm&r=g","contentUrl":"https:\/\/secure.gravatar.com\/avatar\/34fbaa9832585e9f68574cb233fe8d82?s=96&d=mm&r=g","caption":"vrbous_admin"},"sameAs":["https:\/\/vrbous.web"],"url":"https:\/\/www.abritel.fr\/guides-voyage\/author\/vrbous_admin"}]}},"_links":{"self":[{"href":"https:\/\/www.abritel.fr\/guides-voyage\/wp-json\/wp\/v2\/posts\/4846"}],"collection":[{"href":"https:\/\/www.abritel.fr\/guides-voyage\/wp-json\/wp\/v2\/posts"}],"about":[{"href":"https:\/\/www.abritel.fr\/guides-voyage\/wp-json\/wp\/v2\/types\/post"}],"author":[{"embeddable":true,"href":"https:\/\/www.abritel.fr\/guides-voyage\/wp-json\/wp\/v2\/users\/1"}],"replies":[{"embeddable":true,"href":"https:\/\/www.abritel.fr\/guides-voyage\/wp-json\/wp\/v2\/comments?post=4846"}],"version-history":[{"count":0,"href":"https:\/\/www.abritel.fr\/guides-voyage\/wp-json\/wp\/v2\/posts\/4846\/revisions"}],"wp:featuredmedia":[{"embeddable":true,"href":"https:\/\/www.abritel.fr\/guides-voyage\/wp-json\/wp\/v2\/media\/4847"}],"wp:attachment":[{"href":"https:\/\/www.abritel.fr\/guides-voyage\/wp-json\/wp\/v2\/media?parent=4846"}],"wp:term":[{"taxonomy":"category","embeddable":true,"href":"https:\/\/www.abritel.fr\/guides-voyage\/wp-json\/wp\/v2\/categories?post=4846"},{"taxonomy":"post_tag","embeddable":true,"href":"https:\/\/www.abritel.fr\/guides-voyage\/wp-json\/wp\/v2\/tags?post=4846"}],"curies":[{"name":"wp","href":"https:\/\/api.w.org\/{rel}","templated":true}]}}