{"id":4812,"date":"2018-12-18T00:00:00","date_gmt":"2018-12-18T00:00:00","guid":{"rendered":""},"modified":"2018-12-18T00:00:00","modified_gmt":"2018-12-18T00:00:00","slug":"location-vacances-aubagne","status":"publish","type":"post","link":"https:\/\/www.abritel.fr\/guides-voyage\/destinations\/locations-vacances-france\/location-vacances-aubagne","title":{"rendered":"Location de vacances \u00e0 Aubagne"},"content":{"rendered":"\n<p>Pour les vacances, vous \u00eates plut\u00f4t \u00ab mer \u00bb que \u00ab montagne \u00bb ? Et si vous optiez pour une location de vacances \u00e0 Aubagne ? Cette petite ville de Provence, toute proche de la mer m\u00e9diterran\u00e9e, offre de nombreuses possibilit\u00e9s de d\u00e9couverte et de d\u00e9tente. \u00c0 deux pas de Marseille, c\u2019est notamment l\u2019endroit r\u00eav\u00e9 pour visiter cette ville charg\u00e9e d\u2019histoire. Partez \u00e0 la d\u00e9couverte de son port et de ses l\u00e9gendes les plus intimes et optez pour une location de vacances \u00e0 Aubagne chez un particulier. En plus de pratiquer un tarif abordable, ce dernier se fera un plaisir de vous guider et de vous informer au mieux sur les curiosit\u00e9s locales. Avides de rencontres, les priv\u00e9s qui mettent leur(s) bien(s) en location offrent \u00e0 leurs invit\u00e9s un accueil incomparable.<\/p>\n\n\n<p><\/p>\n\n\n<h2><a name=\"Appart'h\u00f4tel\">Appart&#8217;h\u00f4tel<\/a> \u00e0 Aubagne : l\u2019autonomie et le service en prime<\/h2>\n\n\n<p>Vous souhaitez pouvoir disposer de services de fa\u00e7on ponctuelle au fil des vacances ? Un appart&#8217;h\u00f4tel \u00e0 Aubagne ou dans les environs comblera vos d\u00e9sirs et ceux de vos enfants ou de vos amis. Id\u00e9alement situ\u00e9e, Aubagne propose une grande diversit\u00e9 d\u2019activit\u00e9s, de balades et de d\u00e9couvertes dans ses environs. Avez-vous d\u00e9j\u00e0 mis les pieds \u00e0 Nice ? Traverser la fronti\u00e8re pour d\u00e9guster un savoureux repas italien vous tente ? \u00c0 Aubagne, quelle que soit la direction que vous prendrez, vous atteindrez une ville, un village, un paysage, un lieu qui vaut le d\u00e9tour.<\/p>\n\n\n<p><\/p>\n\n\n<h2>Location d\u2019<a name=\"appartement\">appartement<\/a> entre <a name=\"particuliers\">particuliers<\/a> \u00e0 Aubagne<\/h2>\n\n\n<p>Profitez d\u2019un appartement tout confort chez un particulier, avec terrasse et acc\u00e8s ais\u00e9 vers la plage au sud d\u2019Aubagne. Si vous appr\u00e9ciez les vacances en toute autonomie, en couple, en famille ou entre amis, c\u2019est la formule qui correspondra le mieux \u00e0 vos envies.<\/p>\n\n\n<h3>Un s\u00e9jour d\u00e9tente en famille dans un appartement \u00e0 Cassis<\/h3>\n\n\n<p>Envie de passer des moments privil\u00e9gi\u00e9s en famille \u00e0 proximit\u00e9 de la mer ? Vous trouverez sans aucun doute votre bonheur dans un <a href=\"https:\/\/www.abritel.fr\/location-vacances\/p1531875\">appartement avec terrasse<\/a> sur la presqu\u2019\u00eele de Cassis. Au c\u0153ur des Calanques, vous profiterez du calme et de la beaut\u00e9 du lieu avec vos proches. Vous y serez \u00e9galement id\u00e9alement situ\u00e9 pour faire de la randonn\u00e9e. Un s\u00e9jour d\u00e9tente assur\u00e9 dans un logement moderne et parfaitement \u00e9quip\u00e9 !<\/p>\n\n<figure class=\"wp-block-image size-large is-resized\"><img decoding=\"async\" loading=\"lazy\" class=\"wp-image-11 alignalignfull-width\" src=\"\/guides-voyage\/wp-content\/uploads\/7rzAFWDLygI6mEIqwwYIuK\/b44f220cd6641e4ca058dd0f33a148c6\/Aubagne_-_Appartement.jpg\" alt=\"Location de vacances \u00e0 Aubagne : s\u00e9jour d\u00e9tente en famille dans un appartement \u00e0 Cassis\"><\/figure>\n<h3>Louer un appartement avec jardin au pays de Marcel Pagnol<\/h3>\n\n\n<p>L&#8217;accent du midi vous replonge-t-il dans le souvenir des films de Marcel Pagnol ? Vous vous sentirez comme chez vous et prendrez le petit d\u00e9jeuner au jardin dans un <a href=\"https:\/\/www.abritel.fr\/location-vacances\/p666650\">appartement de location chez un priv\u00e9<\/a> \u00e0 Aubagne. \u00c0 quelques minutes de la mer en voiture, prenez le large le temps de vos vacances bien m\u00e9rit\u00e9es !<\/p>\n\n<figure class=\"wp-block-image size-large is-resized\"><img decoding=\"async\" loading=\"lazy\" class=\"wp-image-11 alignalignfull-width\" src=\"\/guides-voyage\/wp-content\/uploads\/4cPxZEc0MUM26wsA88i6qC\/4735a192d1073d9af48b8359ce737270\/Aubagne_-Appartement-avec-jardin.jpg\" alt=\"Location de vacances \u00e0 Aubagne : appartement avec jardin et vue sur la mer\"><\/figure>\n<h3>Un appartement pratique et confortable \u00e0 Carnoux-en-Provence<\/h3>\n\n\n<p>Id\u00e9alement situ\u00e9e entre Aubagne et Cassis, Carnoux-en-Provence offre un cadre tr\u00e8s agr\u00e9able pour des vacances en Provence. H\u00e9berg\u00e9 dans un <a href=\"https:\/\/www.abritel.fr\/location-vacances\/p935604\">appartement pratique et confortable<\/a>, vous acc\u00e9derez facilement aux lieux immanquables de la r\u00e9gion. Depuis cette bourgade proven\u00e7ale, partez en exploration sur le site exceptionnel des Calanques. Vous ne l\u2019oublierez pas de sit\u00f4t.<\/p>\n\n\n<p><\/p>\n\n\n<h2>\u00c0 la d\u00e9couverte de la <a name=\"Provence\">Provence<\/a> dans un <a name=\"g\u00eete\">g\u00eete<\/a> \u00e0 Aubagne<\/h2>\n\n\n<p>Partez \u00e0 la d\u00e9couverte de la Provence et logez dans un g\u00eete \u00e0 Aubagne. Prenez la route pour vous ressourcer en pleine nature avec vos proches. Vivez alors des moments \u00e0 graver dans les m\u00e9moires. De nombreuses randonn\u00e9es vous y attendent avec la promesse de paysages uniques et d\u2019instants suspendus. Le parfum des grillades, l\u2019ap\u00e9ro, le chant des cigales\u2026 Vous y \u00eates d\u00e9j\u00e0 ?<\/p>\n\n<figure class=\"wp-block-image size-large is-resized\"><img decoding=\"async\" loading=\"lazy\" class=\"wp-image-11 alignalignfull-width\" src=\"\/guides-voyage\/wp-content\/uploads\/5NJwRgOlMs6aas6keMQ62G\/06d766c195b8af244c9fd5c2c58e25f4\/Aubagne_-_Gi__te.jpg\" alt=\"Location de vacances \u00e0 Aubagne : g\u00eete au c\u0153ur de la Provence\"><\/figure>\n<h3>Location d\u2019un g\u00eete \u00e0 proximit\u00e9 des plages m\u00e9diterran\u00e9ennes<\/h3>\n\n\n<p>D\u00e9tendez-vous en famille ou entre amis le temps d\u2019un week-end prolong\u00e9 ou pour plusieurs semaines dans un <a href=\"https:\/\/www.abritel.fr\/location-vacances\/p1540581a\">g\u00eete de groupe \u00e0 proximit\u00e9 des plages m\u00e9diterran\u00e9ennes<\/a>. Les tarifs de la location entre particuliers restent souvent tr\u00e8s abordables et attractifs pour partir en nombre \u00e0 moindre frais. Dans un g\u00eete, vous avez la possibilit\u00e9 de cuisiner et de r\u00e9duire ainsi les frais de restaurant. Mais si l\u2019envie de manger \u00e0 l\u2019ext\u00e9rieur vous prend, faites confiance au propri\u00e9taire qui se tient \u00e0 votre disposition pour vous recommander les meilleures adresses. Loin de l\u2019agitation quotidienne, la Provence est une h\u00f4te de qualit\u00e9. Elle vous accueille \u00e0 bras ouverts avec des h\u00e9bergements confortables et \u00e9quip\u00e9s pour des vacances de pur plaisir. \u00c0 proximit\u00e9 de la mer, les enfants s\u2019amuseront tandis que vous pourrez profiter d\u2019un moment de lecture sur votre transat, caress\u00e9 par les rayons du soleil. Elle n\u2019est pas (plus) belle, la vie ?<\/p>\n\n","protected":false},"excerpt":{"rendered":"<p>Pour les vacances, vous \u00eates plut\u00f4t \u00ab mer \u00bb que \u00ab montagne \u00bb ? Et si vous optiez pour une location de vacances \u00e0 Aubagne ? Cette petite ville de Provence, toute proche de la mer m\u00e9diterran\u00e9e, offre de nombreuses possibilit\u00e9s de d\u00e9couverte et de d\u00e9tente. \u00c0 deux pas de Marseille, c\u2019est notamment l\u2019endroit r\u00eav\u00e9&#8230;<\/p>\n","protected":false},"author":1,"featured_media":4813,"comment_status":"closed","ping_status":"closed","sticky":false,"template":"","format":"standard","meta":[],"categories":[66],"tags":[],"acf":[],"yoast_head":"<!-- This site is optimized with the Yoast SEO plugin v19.12 - https:\/\/yoast.com\/wordpress\/plugins\/seo\/ -->\n<title>Location de vacances \u00e0 Aubagne<\/title>\n<meta name=\"description\" content=\"Pour partir \u00e0 la d\u00e9couverte de la Provence, optez pour une location de vacances \u00e0 Aubagne : appart-h\u00f4tel, location d\u2019appartement, g\u00eete...\" \/>\n<meta name=\"robots\" content=\"index, follow, max-snippet:-1, max-image-preview:large, max-video-preview:-1\" \/>\n<link rel=\"canonical\" href=\"https:\/\/www.abritel.fr\/guides-voyage\/destinations\/locations-vacances-france\/location-vacances-aubagne\" \/>\n<meta property=\"og:locale\" content=\"en_US\" \/>\n<meta property=\"og:type\" content=\"article\" \/>\n<meta property=\"og:title\" content=\"Location de vacances \u00e0 Aubagne\" \/>\n<meta property=\"og:description\" content=\"Pour partir \u00e0 la d\u00e9couverte de la Provence, optez pour une location de vacances \u00e0 Aubagne : appart-h\u00f4tel, location d\u2019appartement, g\u00eete...\" \/>\n<meta property=\"og:url\" content=\"https:\/\/www.abritel.fr\/guides-voyage\/destinations\/locations-vacances-france\/location-vacances-aubagne\" \/>\n<meta property=\"og:site_name\" content=\"Abritel\" \/>\n<meta property=\"article:published_time\" content=\"2018-12-18T00:00:00+00:00\" \/>\n<meta name=\"author\" content=\"vrbous_admin\" \/>\n<meta name=\"twitter:card\" content=\"summary_large_image\" \/>\n<meta name=\"twitter:label1\" content=\"Written by\" \/>\n\t<meta name=\"twitter:data1\" content=\"vrbous_admin\" \/>\n\t<meta name=\"twitter:label2\" content=\"Est. reading time\" \/>\n\t<meta name=\"twitter:data2\" content=\"4 minutes\" \/>\n<script type=\"application\/ld+json\" class=\"yoast-schema-graph\">{\"@context\":\"https:\/\/schema.org\",\"@graph\":[{\"@type\":\"WebPage\",\"@id\":\"https:\/\/www.abritel.fr\/guides-voyage\/destinations\/locations-vacances-france\/location-vacances-aubagne\",\"url\":\"https:\/\/www.abritel.fr\/guides-voyage\/destinations\/locations-vacances-france\/location-vacances-aubagne\",\"name\":\"Location de vacances \u00e0 Aubagne\",\"isPartOf\":{\"@id\":\"https:\/\/www.abritel.fr\/guides-voyage\/#website\"},\"datePublished\":\"2018-12-18T00:00:00+00:00\",\"dateModified\":\"2018-12-18T00:00:00+00:00\",\"author\":{\"@id\":\"https:\/\/www.abritel.fr\/guides-voyage\/#\/schema\/person\/520e43ecbb88d854b065acd2b48b42d2\"},\"description\":\"Pour partir \u00e0 la d\u00e9couverte de la Provence, optez pour une location de vacances \u00e0 Aubagne : appart-h\u00f4tel, location d\u2019appartement, g\u00eete...\",\"breadcrumb\":{\"@id\":\"https:\/\/www.abritel.fr\/guides-voyage\/destinations\/locations-vacances-france\/location-vacances-aubagne#breadcrumb\"},\"inLanguage\":\"en-US\",\"potentialAction\":[{\"@type\":\"ReadAction\",\"target\":[\"https:\/\/www.abritel.fr\/guides-voyage\/destinations\/locations-vacances-france\/location-vacances-aubagne\"]}]},{\"@type\":\"BreadcrumbList\",\"@id\":\"https:\/\/www.abritel.fr\/guides-voyage\/destinations\/locations-vacances-france\/location-vacances-aubagne#breadcrumb\",\"itemListElement\":[{\"@type\":\"ListItem\",\"position\":1,\"name\":\"Home\",\"item\":\"https:\/\/www.abritel.fr\/guides-voyage\/\"},{\"@type\":\"ListItem\",\"position\":2,\"name\":\"Destinations\",\"item\":\"https:\/\/www.abritel.fr\/guides-voyage\/destinations\"},{\"@type\":\"ListItem\",\"position\":3,\"name\":\"Locations de vacances en France\",\"item\":\"https:\/\/www.abritel.fr\/guides-voyage\/destinations\/locations-vacances-france\"},{\"@type\":\"ListItem\",\"position\":4,\"name\":\"Location de vacances \u00e0 Aubagne\"}]},{\"@type\":\"WebSite\",\"@id\":\"https:\/\/www.abritel.fr\/guides-voyage\/#website\",\"url\":\"https:\/\/www.abritel.fr\/guides-voyage\/\",\"name\":\"Abritel\",\"description\":\"Abritel\",\"potentialAction\":[{\"@type\":\"SearchAction\",\"target\":{\"@type\":\"EntryPoint\",\"urlTemplate\":\"https:\/\/www.abritel.fr\/guides-voyage\/?s={search_term_string}\"},\"query-input\":\"required name=search_term_string\"}],\"inLanguage\":\"en-US\"},{\"@type\":\"Person\",\"@id\":\"https:\/\/www.abritel.fr\/guides-voyage\/#\/schema\/person\/520e43ecbb88d854b065acd2b48b42d2\",\"name\":\"vrbous_admin\",\"image\":{\"@type\":\"ImageObject\",\"inLanguage\":\"en-US\",\"@id\":\"https:\/\/www.abritel.fr\/guides-voyage\/#\/schema\/person\/image\/\",\"url\":\"https:\/\/secure.gravatar.com\/avatar\/34fbaa9832585e9f68574cb233fe8d82?s=96&d=mm&r=g\",\"contentUrl\":\"https:\/\/secure.gravatar.com\/avatar\/34fbaa9832585e9f68574cb233fe8d82?s=96&d=mm&r=g\",\"caption\":\"vrbous_admin\"},\"sameAs\":[\"https:\/\/vrbous.web\"],\"url\":\"https:\/\/www.abritel.fr\/guides-voyage\/author\/vrbous_admin\"}]}<\/script>\n<!-- \/ Yoast SEO plugin. -->","yoast_head_json":{"title":"Location de vacances \u00e0 Aubagne","description":"Pour partir \u00e0 la d\u00e9couverte de la Provence, optez pour une location de vacances \u00e0 Aubagne : appart-h\u00f4tel, location d\u2019appartement, g\u00eete...","robots":{"index":"index","follow":"follow","max-snippet":"max-snippet:-1","max-image-preview":"max-image-preview:large","max-video-preview":"max-video-preview:-1"},"canonical":"https:\/\/www.abritel.fr\/guides-voyage\/destinations\/locations-vacances-france\/location-vacances-aubagne","og_locale":"en_US","og_type":"article","og_title":"Location de vacances \u00e0 Aubagne","og_description":"Pour partir \u00e0 la d\u00e9couverte de la Provence, optez pour une location de vacances \u00e0 Aubagne : appart-h\u00f4tel, location d\u2019appartement, g\u00eete...","og_url":"https:\/\/www.abritel.fr\/guides-voyage\/destinations\/locations-vacances-france\/location-vacances-aubagne","og_site_name":"Abritel","article_published_time":"2018-12-18T00:00:00+00:00","author":"vrbous_admin","twitter_card":"summary_large_image","twitter_misc":{"Written by":"vrbous_admin","Est. reading time":"4 minutes"},"schema":{"@context":"https:\/\/schema.org","@graph":[{"@type":"WebPage","@id":"https:\/\/www.abritel.fr\/guides-voyage\/destinations\/locations-vacances-france\/location-vacances-aubagne","url":"https:\/\/www.abritel.fr\/guides-voyage\/destinations\/locations-vacances-france\/location-vacances-aubagne","name":"Location de vacances \u00e0 Aubagne","isPartOf":{"@id":"https:\/\/www.abritel.fr\/guides-voyage\/#website"},"datePublished":"2018-12-18T00:00:00+00:00","dateModified":"2018-12-18T00:00:00+00:00","author":{"@id":"https:\/\/www.abritel.fr\/guides-voyage\/#\/schema\/person\/520e43ecbb88d854b065acd2b48b42d2"},"description":"Pour partir \u00e0 la d\u00e9couverte de la Provence, optez pour une location de vacances \u00e0 Aubagne : appart-h\u00f4tel, location d\u2019appartement, g\u00eete...","breadcrumb":{"@id":"https:\/\/www.abritel.fr\/guides-voyage\/destinations\/locations-vacances-france\/location-vacances-aubagne#breadcrumb"},"inLanguage":"en-US","potentialAction":[{"@type":"ReadAction","target":["https:\/\/www.abritel.fr\/guides-voyage\/destinations\/locations-vacances-france\/location-vacances-aubagne"]}]},{"@type":"BreadcrumbList","@id":"https:\/\/www.abritel.fr\/guides-voyage\/destinations\/locations-vacances-france\/location-vacances-aubagne#breadcrumb","itemListElement":[{"@type":"ListItem","position":1,"name":"Home","item":"https:\/\/www.abritel.fr\/guides-voyage\/"},{"@type":"ListItem","position":2,"name":"Destinations","item":"https:\/\/www.abritel.fr\/guides-voyage\/destinations"},{"@type":"ListItem","position":3,"name":"Locations de vacances en France","item":"https:\/\/www.abritel.fr\/guides-voyage\/destinations\/locations-vacances-france"},{"@type":"ListItem","position":4,"name":"Location de vacances \u00e0 Aubagne"}]},{"@type":"WebSite","@id":"https:\/\/www.abritel.fr\/guides-voyage\/#website","url":"https:\/\/www.abritel.fr\/guides-voyage\/","name":"Abritel","description":"Abritel","potentialAction":[{"@type":"SearchAction","target":{"@type":"EntryPoint","urlTemplate":"https:\/\/www.abritel.fr\/guides-voyage\/?s={search_term_string}"},"query-input":"required name=search_term_string"}],"inLanguage":"en-US"},{"@type":"Person","@id":"https:\/\/www.abritel.fr\/guides-voyage\/#\/schema\/person\/520e43ecbb88d854b065acd2b48b42d2","name":"vrbous_admin","image":{"@type":"ImageObject","inLanguage":"en-US","@id":"https:\/\/www.abritel.fr\/guides-voyage\/#\/schema\/person\/image\/","url":"https:\/\/secure.gravatar.com\/avatar\/34fbaa9832585e9f68574cb233fe8d82?s=96&d=mm&r=g","contentUrl":"https:\/\/secure.gravatar.com\/avatar\/34fbaa9832585e9f68574cb233fe8d82?s=96&d=mm&r=g","caption":"vrbous_admin"},"sameAs":["https:\/\/vrbous.web"],"url":"https:\/\/www.abritel.fr\/guides-voyage\/author\/vrbous_admin"}]}},"_links":{"self":[{"href":"https:\/\/www.abritel.fr\/guides-voyage\/wp-json\/wp\/v2\/posts\/4812"}],"collection":[{"href":"https:\/\/www.abritel.fr\/guides-voyage\/wp-json\/wp\/v2\/posts"}],"about":[{"href":"https:\/\/www.abritel.fr\/guides-voyage\/wp-json\/wp\/v2\/types\/post"}],"author":[{"embeddable":true,"href":"https:\/\/www.abritel.fr\/guides-voyage\/wp-json\/wp\/v2\/users\/1"}],"replies":[{"embeddable":true,"href":"https:\/\/www.abritel.fr\/guides-voyage\/wp-json\/wp\/v2\/comments?post=4812"}],"version-history":[{"count":0,"href":"https:\/\/www.abritel.fr\/guides-voyage\/wp-json\/wp\/v2\/posts\/4812\/revisions"}],"wp:featuredmedia":[{"embeddable":true,"href":"https:\/\/www.abritel.fr\/guides-voyage\/wp-json\/wp\/v2\/media\/4813"}],"wp:attachment":[{"href":"https:\/\/www.abritel.fr\/guides-voyage\/wp-json\/wp\/v2\/media?parent=4812"}],"wp:term":[{"taxonomy":"category","embeddable":true,"href":"https:\/\/www.abritel.fr\/guides-voyage\/wp-json\/wp\/v2\/categories?post=4812"},{"taxonomy":"post_tag","embeddable":true,"href":"https:\/\/www.abritel.fr\/guides-voyage\/wp-json\/wp\/v2\/tags?post=4812"}],"curies":[{"name":"wp","href":"https:\/\/api.w.org\/{rel}","templated":true}]}}