{"id":4684,"date":"2018-12-13T00:00:00","date_gmt":"2018-12-13T00:00:00","guid":{"rendered":""},"modified":"2018-12-13T00:00:00","modified_gmt":"2018-12-13T00:00:00","slug":"appart-hotel-st-jean-de-luz","status":"publish","type":"post","link":"https:\/\/www.abritel.fr\/guides-voyage\/type-de-location\/appart-hotel\/appart-hotel-st-jean-de-luz","title":{"rendered":"Appart\u2019h\u00f4tel \u00e0 Saint-Jean-de-Luz pour un s\u00e9jour inoubliable"},"content":{"rendered":"\n<p>Besoin de vacances, de prendre l\u2019air, de profiter du soleil et d\u2019un appart\u2019h\u00f4tel au bord de la mer ? Alors ne vous posez plus de questions et venez profiter de la ville de Saint-Jean-de-Luz et de ses alentours. Vous y trouverez la douceur des plages, la richesse d\u2019une culture empreinte de traditions et la convivialit\u00e9 de soir\u00e9es chaleureuses. Abandonnez le stress du quotidien pour vous laisser aller le temps d\u2019un s\u00e9jour farniente et d\u00e9contract\u00e9. \u00c0 Saint-Jean-de-Luz, vous pourrez enfin prendre un break bien m\u00e9rit\u00e9 pour profiter de moments en famille, en couple ou entre amis.<\/p>\n\n\n<h2>\nSaint-Jean-de-Luz, ville du <a name=\"Pays_basque\">Pays basque<\/a><\/h2>\n\n\n<h3>Un g\u00eete \u00e0 Saint-Jean-de-Luz pour d\u00e9couvrir son patrimoine<\/h3>\n\n\n<p><a href=\"https:\/\/www.abritel.fr\/location-vacances\/p6696401a\">Saint-Jean-de-Luz<\/a> est la ville des corsaires, ces pirates qui n\u2019en sont en r\u00e9alit\u00e9 pas. En effet, il s\u2019agissait de marins qui avaient l\u2019autorisation royale d\u2019attaquer les bateaux commerciaux de flottes \u00e9trang\u00e8res en temps de guerre. C\u2019est aussi ici que le roi Louis XIV \u00e9pousa en 1660 Marie-Th\u00e9r\u00e8se d\u2019Autriche, infante d\u2019Espagne dans l\u2019\u00e9glise Saint-Jean-Baptiste au c\u0153ur de la ville. On peut encore visiter les maisons o\u00f9 chacun des mari\u00e9s s\u00e9journa pour l\u2019occasion, pendant quelques jours. C\u2019est aussi pour cette raison que la place historique de cette ville porte le nom de Louis XIV. Cette place \u00e0 l\u2019ambiance chaleureuse vous permettra de vous rafra\u00eechir en terrasse pendant les chaleurs de l\u2019\u00e9t\u00e9. Ne ratez pas la visite du fort de Socoa ou de l\u2019\u00e9glise Saint-Jean-Baptiste.<\/p>\n\n\n<h3>Location saisonni\u00e8re \u00e0 Saint-Jean-de-Luz : la culture basque<\/h3>\n\n\n<p>La culture basque, c\u2019est d\u2019abord une identit\u00e9, une fiert\u00e9 ! La poitrine avanc\u00e9e et le menton haut, on y joue \u00e0 la pelote basque. La culture basque, c\u2019est aussi l\u2019amour de la musique et de la danse. Mais que serait un s\u00e9jour \u00e0 Saint-Jean-de-Luz sans d\u00e9guster les sp\u00e9cialit\u00e9s locales ? Offrez-vous donc des macarons dans une des nombreuses p\u00e2tisseries qui en proposent ou d\u00eenez dans un des restaurants typiques que se feront un plaisir de vous servir du Ttoro, une soupe de poissons comme plat et un succulent g\u00e2teau basque comme dessert.<\/p>\n\n\n<h3>Location d\u2019un appart\u2019h\u00f4tel \u00e0 Saint-Jean-de-Luz au soleil<\/h3>\n\n<figure class=\"wp-block-image size-large is-resized\"><img decoding=\"async\" loading=\"lazy\" class=\"wp-image-11 alignalignfull-width\" src=\"\/guides-voyage\/wp-content\/uploads\/1bdToBmRJE4gis06ukqQAu\/2a707b96518b40cf0c1f3028b8d1d338\/saint-jean-de-luz_resized.jpg\" alt=\"Port de Saint-Jean-de-Luz\"><\/figure>\n<p>Que ce soit en solo, en couple, en famille ou entre amis, il n\u2019y a pas de quoi s\u2019ennuyer \u00e0 Saint-Jean-de-Luz. Pour vous impr\u00e9gner de la vie locale, quoi de mieux qu\u2019une immersion au march\u00e9 des Halles. Vous y d\u00e9couvrirez de la charcuterie, du poisson mais aussi des sp\u00e9cialit\u00e9s basques comme la piperade et bien s\u00fbr, le g\u00e2teau basque ! En bord de mer, vous pourrez profiter de nombreuses activit\u00e9s comme le surf, le paddle, le cano\u00eb-kayak et bien d\u2019autres. Et quoi de mieux apr\u00e8s un effort physique que de fl\u00e2ner tranquillement dans le port o\u00f9 vous pourrez jouir d\u2019une superbe vue sur Ciboure, la ville voisine.<\/p>\n\n\n<h2>\nLes <a name=\"environs\">environs<\/a> de Saint-Jean-de-Luz en appart\u2019h\u00f4tel<\/h2>\n\n\n<h3>Entre mer et montagne<\/h3>\n\n<figure class=\"wp-block-image size-large is-resized\"><img decoding=\"async\" loading=\"lazy\" class=\"wp-image-11 alignalignfull-width\" src=\"\/guides-voyage\/wp-content\/uploads\/25xuTn4hUEmYcyE2oyqIAS\/0048b25c169857441e2a8bebdb5072a8\/rhune_resized.jpg\" alt=\"Train pour l\u2019ascension de la Rhune\"><\/figure>\n<p>\u00c0 vos baskets, \u00e0 vos chapeaux, la nature de Saint-Jean-de-Luz vous attend ! Profitez de votre s\u00e9jour dans la r\u00e9gion pour faire l\u2019ascension de la Rhune, ce mont qui est travers\u00e9 par la fronti\u00e8re entre l\u2019Espagne et la France. Vous pourrez ainsi admirer de magnifiques paysages et points de vue et faire le plein de grand air. Allez marcher aussi sur le sentier du littoral qui relie Bidart \u00e0 <a href=\"https:\/\/www.abritel.fr\/location-vacances\/p6312160a\">Hendaye <\/a> en parcourant des paysages \u00e0 couper le souffle et des villages typiques et charmants.<\/p>\n\n\n<h3>Ciboure en appart\u2019h\u00f4tel pour un s\u00e9jour au soleil<\/h3>\n\n\n<p>Cette station baln\u00e9aire au bord de l\u2019oc\u00e9an Atlantique vous ravira par sa beaut\u00e9 traditionnelle en harmonie avec un d\u00e9veloppement moderne et par son patrimoine et ses paysages \u00e9poustouflants. Admirez le phare, le puits offert par le cardinal Mazarin \u00e0 l\u2019occasion du mariage de Louis XIV dans le couvent des R\u00e9collets, la maison Ravel o\u00f9 est n\u00e9 le c\u00e9l\u00e8bre compositeur et encore bien d\u2019autres \u00e9difices remarquables. Apr\u00e8s avoir nourri votre esprit, offrez-vous la joie d\u2019une activit\u00e9 physique comme du surf \u00e0 la plage de Ciboure ou une randonn\u00e9e \u00e0 pied, \u00e0 v\u00e9lo ou \u00e0 cheval.<\/p>\n\n\n<h3>Biarritz, la station baln\u00e9aire chic<\/h3>\n\n<figure class=\"wp-block-image size-large is-resized\"><img decoding=\"async\" loading=\"lazy\" class=\"wp-image-11 alignalignfull-width\" src=\"\/guides-voyage\/wp-content\/uploads\/2KFnEKdQMMQyUg4saa0uci\/c726dc603bbcb03ac4a94df61ae12943\/biarritz_resized.jpg\" alt=\"Plage et phare de Biarritz\"><\/figure>\n<p>Jusqu\u2019\u00e0 sa d\u00e9couverte par Eug\u00e9nie de Montijo, la femme de Napol\u00e9on III, Biarritz n\u2019\u00e9tait qu\u2019une <a href=\"https:\/\/www.abritel.fr\/location-vacances\/p6994055a\">humble petite ville de marins<\/a>. Ce n\u2019est que lorsque le couple d\u00e9cida d\u2019y construire un extravagant palais d\u2019\u00e9t\u00e9 que la noblesse de l\u2019\u00e9poque commen\u00e7a \u00e0 consid\u00e9rer Biarritz comme destination id\u00e9ale pour des vacances en bord de mer. R\u00e9nov\u00e9 et reconverti en h\u00f4tel de luxe apr\u00e8s la Seconde Guerre mondiale, le palais est toujours aussi magnifique gr\u00e2ce \u00e0 son architecture \u00e0 couper le souffle. Profitez d\u2019\u00eatre \u00e0 Biarritz pour \u00e9galement visiter les autres attractions majeures de la ville, telles que le rocher de la Vierge, la Grande Plage ou le port des p\u00eacheurs. Bon s\u00e9jour en bord de mer !<\/p>\n\n","protected":false},"excerpt":{"rendered":"<p>Besoin de vacances, de prendre l\u2019air, de profiter du soleil et d\u2019un appart\u2019h\u00f4tel au bord de la mer ? Alors ne vous posez plus de questions et venez profiter de la ville de Saint-Jean-de-Luz et de ses alentours. Vous y trouverez la douceur des plages, la richesse d\u2019une culture empreinte de traditions et la convivialit\u00e9&#8230;<\/p>\n","protected":false},"author":1,"featured_media":4685,"comment_status":"closed","ping_status":"closed","sticky":false,"template":"","format":"standard","meta":[],"categories":[53],"tags":[],"acf":[],"yoast_head":"<!-- This site is optimized with the Yoast SEO plugin v19.12 - https:\/\/yoast.com\/wordpress\/plugins\/seo\/ -->\n<title>Saint Jean-de-Luz en appart\u2019h\u00f4tel<\/title>\n<meta name=\"description\" content=\"Prenez une pause et \u00e9vadez-vous en appart\u2019h\u00f4tel \u00e0 Saint-Jean-de-Luz. Rien de tel pour se ressourcer !\" \/>\n<meta name=\"robots\" content=\"index, follow, max-snippet:-1, max-image-preview:large, max-video-preview:-1\" \/>\n<link rel=\"canonical\" href=\"https:\/\/www.abritel.fr\/guides-voyage\/type-de-location\/appart-hotel\/appart-hotel-st-jean-de-luz\" \/>\n<meta property=\"og:locale\" content=\"en_US\" \/>\n<meta property=\"og:type\" content=\"article\" \/>\n<meta property=\"og:title\" content=\"Saint Jean-de-Luz en appart\u2019h\u00f4tel\" \/>\n<meta property=\"og:description\" content=\"Prenez une pause et \u00e9vadez-vous en appart\u2019h\u00f4tel \u00e0 Saint-Jean-de-Luz. Rien de tel pour se ressourcer !\" \/>\n<meta property=\"og:url\" content=\"https:\/\/www.abritel.fr\/guides-voyage\/type-de-location\/appart-hotel\/appart-hotel-st-jean-de-luz\" \/>\n<meta property=\"og:site_name\" content=\"Abritel\" \/>\n<meta property=\"article:published_time\" content=\"2018-12-13T00:00:00+00:00\" \/>\n<meta name=\"author\" content=\"vrbous_admin\" \/>\n<meta name=\"twitter:card\" content=\"summary_large_image\" \/>\n<meta name=\"twitter:label1\" content=\"Written by\" \/>\n\t<meta name=\"twitter:data1\" content=\"vrbous_admin\" \/>\n\t<meta name=\"twitter:label2\" content=\"Est. reading time\" \/>\n\t<meta name=\"twitter:data2\" content=\"4 minutes\" \/>\n<script type=\"application\/ld+json\" class=\"yoast-schema-graph\">{\"@context\":\"https:\/\/schema.org\",\"@graph\":[{\"@type\":\"WebPage\",\"@id\":\"https:\/\/www.abritel.fr\/guides-voyage\/type-de-location\/appart-hotel\/appart-hotel-st-jean-de-luz\",\"url\":\"https:\/\/www.abritel.fr\/guides-voyage\/type-de-location\/appart-hotel\/appart-hotel-st-jean-de-luz\",\"name\":\"Saint Jean-de-Luz en appart\u2019h\u00f4tel\",\"isPartOf\":{\"@id\":\"https:\/\/www.abritel.fr\/guides-voyage\/#website\"},\"datePublished\":\"2018-12-13T00:00:00+00:00\",\"dateModified\":\"2018-12-13T00:00:00+00:00\",\"author\":{\"@id\":\"https:\/\/www.abritel.fr\/guides-voyage\/#\/schema\/person\/520e43ecbb88d854b065acd2b48b42d2\"},\"description\":\"Prenez une pause et \u00e9vadez-vous en appart\u2019h\u00f4tel \u00e0 Saint-Jean-de-Luz. Rien de tel pour se ressourcer !\",\"breadcrumb\":{\"@id\":\"https:\/\/www.abritel.fr\/guides-voyage\/type-de-location\/appart-hotel\/appart-hotel-st-jean-de-luz#breadcrumb\"},\"inLanguage\":\"en-US\",\"potentialAction\":[{\"@type\":\"ReadAction\",\"target\":[\"https:\/\/www.abritel.fr\/guides-voyage\/type-de-location\/appart-hotel\/appart-hotel-st-jean-de-luz\"]}]},{\"@type\":\"BreadcrumbList\",\"@id\":\"https:\/\/www.abritel.fr\/guides-voyage\/type-de-location\/appart-hotel\/appart-hotel-st-jean-de-luz#breadcrumb\",\"itemListElement\":[{\"@type\":\"ListItem\",\"position\":1,\"name\":\"Home\",\"item\":\"https:\/\/www.abritel.fr\/guides-voyage\/\"},{\"@type\":\"ListItem\",\"position\":2,\"name\":\"Types de location\",\"item\":\"https:\/\/www.abritel.fr\/guides-voyage\/type-de-location\"},{\"@type\":\"ListItem\",\"position\":3,\"name\":\"Appart'h\u00f4tel\",\"item\":\"https:\/\/www.abritel.fr\/guides-voyage\/type-de-location\/appart-hotel\"},{\"@type\":\"ListItem\",\"position\":4,\"name\":\"Appart\u2019h\u00f4tel \u00e0 Saint-Jean-de-Luz pour un s\u00e9jour inoubliable\"}]},{\"@type\":\"WebSite\",\"@id\":\"https:\/\/www.abritel.fr\/guides-voyage\/#website\",\"url\":\"https:\/\/www.abritel.fr\/guides-voyage\/\",\"name\":\"Abritel\",\"description\":\"Abritel\",\"potentialAction\":[{\"@type\":\"SearchAction\",\"target\":{\"@type\":\"EntryPoint\",\"urlTemplate\":\"https:\/\/www.abritel.fr\/guides-voyage\/?s={search_term_string}\"},\"query-input\":\"required name=search_term_string\"}],\"inLanguage\":\"en-US\"},{\"@type\":\"Person\",\"@id\":\"https:\/\/www.abritel.fr\/guides-voyage\/#\/schema\/person\/520e43ecbb88d854b065acd2b48b42d2\",\"name\":\"vrbous_admin\",\"image\":{\"@type\":\"ImageObject\",\"inLanguage\":\"en-US\",\"@id\":\"https:\/\/www.abritel.fr\/guides-voyage\/#\/schema\/person\/image\/\",\"url\":\"https:\/\/secure.gravatar.com\/avatar\/34fbaa9832585e9f68574cb233fe8d82?s=96&d=mm&r=g\",\"contentUrl\":\"https:\/\/secure.gravatar.com\/avatar\/34fbaa9832585e9f68574cb233fe8d82?s=96&d=mm&r=g\",\"caption\":\"vrbous_admin\"},\"sameAs\":[\"https:\/\/vrbous.web\"],\"url\":\"https:\/\/www.abritel.fr\/guides-voyage\/author\/vrbous_admin\"}]}<\/script>\n<!-- \/ Yoast SEO plugin. -->","yoast_head_json":{"title":"Saint Jean-de-Luz en appart\u2019h\u00f4tel","description":"Prenez une pause et \u00e9vadez-vous en appart\u2019h\u00f4tel \u00e0 Saint-Jean-de-Luz. Rien de tel pour se ressourcer !","robots":{"index":"index","follow":"follow","max-snippet":"max-snippet:-1","max-image-preview":"max-image-preview:large","max-video-preview":"max-video-preview:-1"},"canonical":"https:\/\/www.abritel.fr\/guides-voyage\/type-de-location\/appart-hotel\/appart-hotel-st-jean-de-luz","og_locale":"en_US","og_type":"article","og_title":"Saint Jean-de-Luz en appart\u2019h\u00f4tel","og_description":"Prenez une pause et \u00e9vadez-vous en appart\u2019h\u00f4tel \u00e0 Saint-Jean-de-Luz. Rien de tel pour se ressourcer !","og_url":"https:\/\/www.abritel.fr\/guides-voyage\/type-de-location\/appart-hotel\/appart-hotel-st-jean-de-luz","og_site_name":"Abritel","article_published_time":"2018-12-13T00:00:00+00:00","author":"vrbous_admin","twitter_card":"summary_large_image","twitter_misc":{"Written by":"vrbous_admin","Est. reading time":"4 minutes"},"schema":{"@context":"https:\/\/schema.org","@graph":[{"@type":"WebPage","@id":"https:\/\/www.abritel.fr\/guides-voyage\/type-de-location\/appart-hotel\/appart-hotel-st-jean-de-luz","url":"https:\/\/www.abritel.fr\/guides-voyage\/type-de-location\/appart-hotel\/appart-hotel-st-jean-de-luz","name":"Saint Jean-de-Luz en appart\u2019h\u00f4tel","isPartOf":{"@id":"https:\/\/www.abritel.fr\/guides-voyage\/#website"},"datePublished":"2018-12-13T00:00:00+00:00","dateModified":"2018-12-13T00:00:00+00:00","author":{"@id":"https:\/\/www.abritel.fr\/guides-voyage\/#\/schema\/person\/520e43ecbb88d854b065acd2b48b42d2"},"description":"Prenez une pause et \u00e9vadez-vous en appart\u2019h\u00f4tel \u00e0 Saint-Jean-de-Luz. Rien de tel pour se ressourcer !","breadcrumb":{"@id":"https:\/\/www.abritel.fr\/guides-voyage\/type-de-location\/appart-hotel\/appart-hotel-st-jean-de-luz#breadcrumb"},"inLanguage":"en-US","potentialAction":[{"@type":"ReadAction","target":["https:\/\/www.abritel.fr\/guides-voyage\/type-de-location\/appart-hotel\/appart-hotel-st-jean-de-luz"]}]},{"@type":"BreadcrumbList","@id":"https:\/\/www.abritel.fr\/guides-voyage\/type-de-location\/appart-hotel\/appart-hotel-st-jean-de-luz#breadcrumb","itemListElement":[{"@type":"ListItem","position":1,"name":"Home","item":"https:\/\/www.abritel.fr\/guides-voyage\/"},{"@type":"ListItem","position":2,"name":"Types de location","item":"https:\/\/www.abritel.fr\/guides-voyage\/type-de-location"},{"@type":"ListItem","position":3,"name":"Appart'h\u00f4tel","item":"https:\/\/www.abritel.fr\/guides-voyage\/type-de-location\/appart-hotel"},{"@type":"ListItem","position":4,"name":"Appart\u2019h\u00f4tel \u00e0 Saint-Jean-de-Luz pour un s\u00e9jour inoubliable"}]},{"@type":"WebSite","@id":"https:\/\/www.abritel.fr\/guides-voyage\/#website","url":"https:\/\/www.abritel.fr\/guides-voyage\/","name":"Abritel","description":"Abritel","potentialAction":[{"@type":"SearchAction","target":{"@type":"EntryPoint","urlTemplate":"https:\/\/www.abritel.fr\/guides-voyage\/?s={search_term_string}"},"query-input":"required name=search_term_string"}],"inLanguage":"en-US"},{"@type":"Person","@id":"https:\/\/www.abritel.fr\/guides-voyage\/#\/schema\/person\/520e43ecbb88d854b065acd2b48b42d2","name":"vrbous_admin","image":{"@type":"ImageObject","inLanguage":"en-US","@id":"https:\/\/www.abritel.fr\/guides-voyage\/#\/schema\/person\/image\/","url":"https:\/\/secure.gravatar.com\/avatar\/34fbaa9832585e9f68574cb233fe8d82?s=96&d=mm&r=g","contentUrl":"https:\/\/secure.gravatar.com\/avatar\/34fbaa9832585e9f68574cb233fe8d82?s=96&d=mm&r=g","caption":"vrbous_admin"},"sameAs":["https:\/\/vrbous.web"],"url":"https:\/\/www.abritel.fr\/guides-voyage\/author\/vrbous_admin"}]}},"_links":{"self":[{"href":"https:\/\/www.abritel.fr\/guides-voyage\/wp-json\/wp\/v2\/posts\/4684"}],"collection":[{"href":"https:\/\/www.abritel.fr\/guides-voyage\/wp-json\/wp\/v2\/posts"}],"about":[{"href":"https:\/\/www.abritel.fr\/guides-voyage\/wp-json\/wp\/v2\/types\/post"}],"author":[{"embeddable":true,"href":"https:\/\/www.abritel.fr\/guides-voyage\/wp-json\/wp\/v2\/users\/1"}],"replies":[{"embeddable":true,"href":"https:\/\/www.abritel.fr\/guides-voyage\/wp-json\/wp\/v2\/comments?post=4684"}],"version-history":[{"count":0,"href":"https:\/\/www.abritel.fr\/guides-voyage\/wp-json\/wp\/v2\/posts\/4684\/revisions"}],"wp:featuredmedia":[{"embeddable":true,"href":"https:\/\/www.abritel.fr\/guides-voyage\/wp-json\/wp\/v2\/media\/4685"}],"wp:attachment":[{"href":"https:\/\/www.abritel.fr\/guides-voyage\/wp-json\/wp\/v2\/media?parent=4684"}],"wp:term":[{"taxonomy":"category","embeddable":true,"href":"https:\/\/www.abritel.fr\/guides-voyage\/wp-json\/wp\/v2\/categories?post=4684"},{"taxonomy":"post_tag","embeddable":true,"href":"https:\/\/www.abritel.fr\/guides-voyage\/wp-json\/wp\/v2\/tags?post=4684"}],"curies":[{"name":"wp","href":"https:\/\/api.w.org\/{rel}","templated":true}]}}