{"id":4676,"date":"2018-12-13T00:00:00","date_gmt":"2018-12-13T00:00:00","guid":{"rendered":""},"modified":"2018-12-13T00:00:00","modified_gmt":"2018-12-13T00:00:00","slug":"appart-hotel-provence-alpes-cote-dazur-region","status":"publish","type":"post","link":"https:\/\/www.abritel.fr\/guides-voyage\/type-de-location\/appart-hotel\/appart-hotel-provence-alpes-cote-dazur-region","title":{"rendered":"Appart\u2019h\u00f4tel en r\u00e9gion Provence-Alpes-C\u00f4te d&#8217;Azur"},"content":{"rendered":"\n<p>Besoin de changer d\u2019air ? Offrez-vous un s\u00e9jour en appart\u2019h\u00f4tel dans la r\u00e9gion Provence-Alpes-C\u00f4te d\u2019Azur et profitez enfin du calme et du soleil. En bord de mer ou dans les terres, cette r\u00e9gion aura de quoi r\u00e9pondre \u00e0 vos besoins de tranquillit\u00e9 et de farniente. Laissez-vous guider par vos envies et visitez le magnifique patrimoine local, prenez un bain de mer, partez en croisi\u00e8re ou en randonn\u00e9e. Le plus dur sera de repartir !<\/p>\n\n\n<p><\/p>\n\n\n<h2>S\u00e9jour dans le sud de la France : le <a name=\"Var\">Var<\/a> en bord de mer<\/h2>\n\n\n<h3>Appart\u2019h\u00f4tel Hy\u00e8res en bord de mer M\u00e9diterran\u00e9e<\/h3>\n\n<figure class=\"wp-block-image size-large is-resized\"><img decoding=\"async\" loading=\"lazy\" class=\"wp-image-11 alignalignfull-width\" src=\"\/guides-voyage\/wp-content\/uploads\/xy9LGWIopiGAgimMqsgCe\/1384882a9a80efbae0c5eedb9a876205\/porquerolles_resized.jpg\" alt=\"Porquerolles\"><\/figure>\n<p><a href=\"https:\/\/www.abritel.fr\/location-vacances\/p6688539a\">\u00ab Hy\u00e8res-les-Palmiers \u00bb,<\/a> comme on l\u2019appelle \u00e0 cause du chiffre impressionnant de ses 7000 palmiers, vous enchantera par la beaut\u00e9 de sa nature, ses \u00eeles et son port de plaisance. M\u00eame en hiver, vous serez enchant\u00e9 par votre s\u00e9jour gr\u00e2ce aux centres de thalassoth\u00e9rapie. C\u2019est ici que l\u2019aristocratie europ\u00e9enne, notamment anglaise, aimait s\u2019\u00e9vader. On en voit d\u2019ailleurs les traces dans l\u2019architecture de la ville. Hy\u00e8res, c\u2019est aussi un parc national, des \u00eeles ou encore le site arch\u00e9ologique d\u2019Olbia. Vous pourrez aussi visiter les \u00eeles d\u2019Or qui comprennent la fameuse \u00eele de Porquerolles ou encore celle du Levant. Le tourisme y est r\u00e9glement\u00e9 pour garantir la protection des mammif\u00e8res marins. Et quoi de plus merveilleux pour s\u2019extraire des soucis du quotidien que de profiter du soleil sur la plage, une boisson fra\u00eeche \u00e0 la main et les yeux perdus sur l\u2019horizon ?<\/p>\n\n\n<h3>C\u00f4te d\u2019Azur en bord de mer : appart\u2019h\u00f4tel \u00e0 Bandol<\/h3>\n\n<figure class=\"wp-block-image size-large is-resized\"><img decoding=\"async\" loading=\"lazy\" class=\"wp-image-11 alignalignfull-width\" src=\"\/guides-voyage\/wp-content\/uploads\/3bkq1Hmp7Wqqmw2Y4u2GG\/415516be78bcf25ceb2dfa9b3b3a58af\/bandol_resized.jpg\" alt=\"L\u2019arriv\u00e9e \u00e0 Bandol\"><\/figure>\n<p><a href=\"https:\/\/www.abritel.fr\/location-vacances\/p1554330\">Bandol<\/a>, cette ville de Provence au bord de la mer, aura \u00e0 coup s\u00fbr de quoi satisfaire vos envies pour vos prochaines vacances ! Au programme : visite de la ville, de sa ravissante architecture et de ses parcs charmants o\u00f9 l\u2019on peut fl\u00e2ner sans mod\u00e9ration. Profitez aussi de l\u2019occasion pour d\u00e9guster les fameux vins de la r\u00e9gion \u00e0 l\u2019origine de la c\u00e9l\u00e9brit\u00e9 de la ville. En bord de mer, Bandol vous offrira de nombreuses activit\u00e9s nautiques revigorantes mais aussi des croisi\u00e8res pour vous enchanter en d\u00e9couvrant la beaut\u00e9 du littoral depuis la mer. Et quoi de mieux pour s\u2019impr\u00e9gner de la vie locale que de se promener dans un des nombreux march\u00e9s proven\u00e7aux ou que de s\u2019offrir un d\u00eener pour d\u00e9guster les d\u00e9licieuses sp\u00e9cialit\u00e9s que les restaurateurs de Bandol auront plaisir \u00e0 vous servir ?<\/p>\n\n\n<h3>Appart\u2019h\u00f4tel au Lavandou pas cher<\/h3>\n\n\n<p>Venez profiter du climat doux et temp\u00e9r\u00e9 de celle qu\u2019on appelle \u00ab la Cit\u00e9 des Dauphins \u00bb ainsi que de son patrimoine remarquable. En bord de mer, cette ville vous s\u00e9duira par son aspect authentique de village de p\u00eacheurs et ses 12 magnifiques plages. Pas de quoi tourner en rond dans cette sympathique station baln\u00e9aire : de nombreuses manifestations culturelles s\u2019y d\u00e9roulent et vous pourrez aussi profiter de revigorantes activit\u00e9s nautiques.  Enfilez vos baskets et partez en randonn\u00e9e dans le domaine prot\u00e9g\u00e9 du massif des Maures sur les hauteurs du Lavandou. Et pour un s\u00e9jour parfait, n\u2019oubliez pas de faire un tour du c\u00f4t\u00e9 du \u00ab Ch\u00e2teau \u00bb comme on l\u2019appelle dans la r\u00e9gion. Face \u00e0 la mer, cet \u00e9difice aux fa\u00e7ades joyeusement color\u00e9es et \u00e0 l\u2019architecture \u00e9tonnante est l\u2019embl\u00e8me de la ville.<\/p>\n\n\n<h2>\nLes calanques entre <a name=\"Cassis\">Cassis<\/a> et <a name=\"Marseille\">Marseille<\/a><\/h2>\n\n<figure class=\"wp-block-image size-large is-resized\"><img decoding=\"async\" loading=\"lazy\" class=\"wp-image-11 alignalignfull-width\" src=\"\/guides-voyage\/wp-content\/uploads\/5VIzTr5C6cS4640Q2G28Ig\/8f2a81580630e1b5ec86d0216c3159a2\/calanques_resized.jpg\" alt=\"Les Calanques\"><\/figure>\n<p>Laissez-vous embarquer dans l\u2019aventure marseillaise, la ville aux multiples visages. Vous tomberez parfois sur des charmantes ruelles \u00e9troites et parfois sur de grands boulevards imposants. C\u2019est \u00e7a qui fait le charme de Marseille ! Offrez-vous le plaisir des sp\u00e9cialit\u00e9s locales lors d\u2019un d\u00eener au restaurant et d\u00e9couvrez ainsi les recettes typiques comme les pieds paquets, les navettes ou l\u2019incontournable bouillabaisse. Et en guise de promenade digestive, rien de tel que de visiter la basilique Notre-Dame-de-la-Garde ou encore le ch\u00e2teau d\u2019If du comte de Monte-Cristo. Du c\u00f4t\u00e9 de <a href=\"https:\/\/www.abritel.fr\/location-vacances\/p939353\">Cassis<\/a>, rien n\u2019est moins bien ! Il y r\u00e8gne une ambiance chaleureuse et joviale et vous pourrez d\u00e9couvrir un patrimoine tout aussi int\u00e9ressant. Visitez ainsi l\u2019\u00e9glise Saint-Michel, la chapelle Notre-Dame-du-Bon-Voyage ou encore le port et le ch\u00e2teau de Cassis. Profitez d\u2019\u00eatre dans le coin pour partir en randonn\u00e9e ou en croisi\u00e8re afin de d\u00e9couvrir le magnifique paysage qu\u2019offrent les calanques, ces fabuleuses falaises du bord de la M\u00e9diterran\u00e9e.<\/p>\n\n\n<p><\/p>\n\n\n<h2><a name=\"Grasse\">Grasse<\/a> ou le s\u00e9jour d\u00e9licieusement embaum\u00e9<\/h2>\n\n\n<p>Grasse ! La capitale du parfum sans aucune contestation. Venez explorer cette ville aux mille saveurs et odeurs qui saura vous ravir et vous offrir des vacances magiques. Riche de son patrimoine, Grasse compte de nombreux \u00e9difices \u00e0 couper le souffle comme la tour Sarrasine, l\u2019h\u00f4tel de ville, sa porte majestueuse et bien s\u00fbr, les parfumeries ! Celles de Molinard, de Galimard et de Fragonard sont ouvertes aux visiteurs et proposent m\u00eame des ateliers pour vous apprendre \u00e0 faire vous-m\u00eame votre parfum ! Grasse c\u2019est aussi de nombreux mus\u00e9es et une nature exceptionnelle aux environs. Alors ne cherchez plus, vous venez de trouver la destination de vos prochaines vacances !<\/p>\n\n","protected":false},"excerpt":{"rendered":"<p>Besoin de changer d\u2019air ? Offrez-vous un s\u00e9jour en appart\u2019h\u00f4tel dans la r\u00e9gion Provence-Alpes-C\u00f4te d\u2019Azur et profitez enfin du calme et du soleil. En bord de mer ou dans les terres, cette r\u00e9gion aura de quoi r\u00e9pondre \u00e0 vos besoins de tranquillit\u00e9 et de farniente. Laissez-vous guider par vos envies et visitez le magnifique patrimoine&#8230;<\/p>\n","protected":false},"author":1,"featured_media":4677,"comment_status":"closed","ping_status":"closed","sticky":false,"template":"","format":"standard","meta":[],"categories":[53],"tags":[],"acf":[],"yoast_head":"<!-- This site is optimized with the Yoast SEO plugin v19.12 - https:\/\/yoast.com\/wordpress\/plugins\/seo\/ -->\n<title>Appart\u2019h\u00f4tel en R\u00e9gion Provence-Alpes-C\u00f4te d\u2019Azur<\/title>\n<meta name=\"description\" content=\"Que diriez-vous d\u2019un s\u00e9jour au bord de la mer au soleil ? Prenez un appart\u2019h\u00f4tel en R\u00e9gion Provence-Alpes-C\u00f4te d\u2019Azur\" \/>\n<meta name=\"robots\" content=\"index, follow, max-snippet:-1, max-image-preview:large, max-video-preview:-1\" \/>\n<link rel=\"canonical\" href=\"https:\/\/www.abritel.fr\/guides-voyage\/type-de-location\/appart-hotel\/appart-hotel-provence-alpes-cote-dazur-region\" \/>\n<meta property=\"og:locale\" content=\"en_US\" \/>\n<meta property=\"og:type\" content=\"article\" \/>\n<meta property=\"og:title\" content=\"Appart\u2019h\u00f4tel en R\u00e9gion Provence-Alpes-C\u00f4te d\u2019Azur\" \/>\n<meta property=\"og:description\" content=\"Que diriez-vous d\u2019un s\u00e9jour au bord de la mer au soleil ? Prenez un appart\u2019h\u00f4tel en R\u00e9gion Provence-Alpes-C\u00f4te d\u2019Azur\" \/>\n<meta property=\"og:url\" content=\"https:\/\/www.abritel.fr\/guides-voyage\/type-de-location\/appart-hotel\/appart-hotel-provence-alpes-cote-dazur-region\" \/>\n<meta property=\"og:site_name\" content=\"Abritel\" \/>\n<meta property=\"article:published_time\" content=\"2018-12-13T00:00:00+00:00\" \/>\n<meta name=\"author\" content=\"vrbous_admin\" \/>\n<meta name=\"twitter:card\" content=\"summary_large_image\" \/>\n<meta name=\"twitter:label1\" content=\"Written by\" \/>\n\t<meta name=\"twitter:data1\" content=\"vrbous_admin\" \/>\n\t<meta name=\"twitter:label2\" content=\"Est. reading time\" \/>\n\t<meta name=\"twitter:data2\" content=\"4 minutes\" \/>\n<script type=\"application\/ld+json\" class=\"yoast-schema-graph\">{\"@context\":\"https:\/\/schema.org\",\"@graph\":[{\"@type\":\"WebPage\",\"@id\":\"https:\/\/www.abritel.fr\/guides-voyage\/type-de-location\/appart-hotel\/appart-hotel-provence-alpes-cote-dazur-region\",\"url\":\"https:\/\/www.abritel.fr\/guides-voyage\/type-de-location\/appart-hotel\/appart-hotel-provence-alpes-cote-dazur-region\",\"name\":\"Appart\u2019h\u00f4tel en R\u00e9gion Provence-Alpes-C\u00f4te d\u2019Azur\",\"isPartOf\":{\"@id\":\"https:\/\/www.abritel.fr\/guides-voyage\/#website\"},\"datePublished\":\"2018-12-13T00:00:00+00:00\",\"dateModified\":\"2018-12-13T00:00:00+00:00\",\"author\":{\"@id\":\"https:\/\/www.abritel.fr\/guides-voyage\/#\/schema\/person\/520e43ecbb88d854b065acd2b48b42d2\"},\"description\":\"Que diriez-vous d\u2019un s\u00e9jour au bord de la mer au soleil ? Prenez un appart\u2019h\u00f4tel en R\u00e9gion Provence-Alpes-C\u00f4te d\u2019Azur\",\"breadcrumb\":{\"@id\":\"https:\/\/www.abritel.fr\/guides-voyage\/type-de-location\/appart-hotel\/appart-hotel-provence-alpes-cote-dazur-region#breadcrumb\"},\"inLanguage\":\"en-US\",\"potentialAction\":[{\"@type\":\"ReadAction\",\"target\":[\"https:\/\/www.abritel.fr\/guides-voyage\/type-de-location\/appart-hotel\/appart-hotel-provence-alpes-cote-dazur-region\"]}]},{\"@type\":\"BreadcrumbList\",\"@id\":\"https:\/\/www.abritel.fr\/guides-voyage\/type-de-location\/appart-hotel\/appart-hotel-provence-alpes-cote-dazur-region#breadcrumb\",\"itemListElement\":[{\"@type\":\"ListItem\",\"position\":1,\"name\":\"Home\",\"item\":\"https:\/\/www.abritel.fr\/guides-voyage\/\"},{\"@type\":\"ListItem\",\"position\":2,\"name\":\"Types de location\",\"item\":\"https:\/\/www.abritel.fr\/guides-voyage\/type-de-location\"},{\"@type\":\"ListItem\",\"position\":3,\"name\":\"Appart'h\u00f4tel\",\"item\":\"https:\/\/www.abritel.fr\/guides-voyage\/type-de-location\/appart-hotel\"},{\"@type\":\"ListItem\",\"position\":4,\"name\":\"Appart\u2019h\u00f4tel en r\u00e9gion Provence-Alpes-C\u00f4te d&#8217;Azur\"}]},{\"@type\":\"WebSite\",\"@id\":\"https:\/\/www.abritel.fr\/guides-voyage\/#website\",\"url\":\"https:\/\/www.abritel.fr\/guides-voyage\/\",\"name\":\"Abritel\",\"description\":\"Abritel\",\"potentialAction\":[{\"@type\":\"SearchAction\",\"target\":{\"@type\":\"EntryPoint\",\"urlTemplate\":\"https:\/\/www.abritel.fr\/guides-voyage\/?s={search_term_string}\"},\"query-input\":\"required name=search_term_string\"}],\"inLanguage\":\"en-US\"},{\"@type\":\"Person\",\"@id\":\"https:\/\/www.abritel.fr\/guides-voyage\/#\/schema\/person\/520e43ecbb88d854b065acd2b48b42d2\",\"name\":\"vrbous_admin\",\"image\":{\"@type\":\"ImageObject\",\"inLanguage\":\"en-US\",\"@id\":\"https:\/\/www.abritel.fr\/guides-voyage\/#\/schema\/person\/image\/\",\"url\":\"https:\/\/secure.gravatar.com\/avatar\/34fbaa9832585e9f68574cb233fe8d82?s=96&d=mm&r=g\",\"contentUrl\":\"https:\/\/secure.gravatar.com\/avatar\/34fbaa9832585e9f68574cb233fe8d82?s=96&d=mm&r=g\",\"caption\":\"vrbous_admin\"},\"sameAs\":[\"https:\/\/vrbous.web\"],\"url\":\"https:\/\/www.abritel.fr\/guides-voyage\/author\/vrbous_admin\"}]}<\/script>\n<!-- \/ Yoast SEO plugin. -->","yoast_head_json":{"title":"Appart\u2019h\u00f4tel en R\u00e9gion Provence-Alpes-C\u00f4te d\u2019Azur","description":"Que diriez-vous d\u2019un s\u00e9jour au bord de la mer au soleil ? Prenez un appart\u2019h\u00f4tel en R\u00e9gion Provence-Alpes-C\u00f4te d\u2019Azur","robots":{"index":"index","follow":"follow","max-snippet":"max-snippet:-1","max-image-preview":"max-image-preview:large","max-video-preview":"max-video-preview:-1"},"canonical":"https:\/\/www.abritel.fr\/guides-voyage\/type-de-location\/appart-hotel\/appart-hotel-provence-alpes-cote-dazur-region","og_locale":"en_US","og_type":"article","og_title":"Appart\u2019h\u00f4tel en R\u00e9gion Provence-Alpes-C\u00f4te d\u2019Azur","og_description":"Que diriez-vous d\u2019un s\u00e9jour au bord de la mer au soleil ? Prenez un appart\u2019h\u00f4tel en R\u00e9gion Provence-Alpes-C\u00f4te d\u2019Azur","og_url":"https:\/\/www.abritel.fr\/guides-voyage\/type-de-location\/appart-hotel\/appart-hotel-provence-alpes-cote-dazur-region","og_site_name":"Abritel","article_published_time":"2018-12-13T00:00:00+00:00","author":"vrbous_admin","twitter_card":"summary_large_image","twitter_misc":{"Written by":"vrbous_admin","Est. reading time":"4 minutes"},"schema":{"@context":"https:\/\/schema.org","@graph":[{"@type":"WebPage","@id":"https:\/\/www.abritel.fr\/guides-voyage\/type-de-location\/appart-hotel\/appart-hotel-provence-alpes-cote-dazur-region","url":"https:\/\/www.abritel.fr\/guides-voyage\/type-de-location\/appart-hotel\/appart-hotel-provence-alpes-cote-dazur-region","name":"Appart\u2019h\u00f4tel en R\u00e9gion Provence-Alpes-C\u00f4te d\u2019Azur","isPartOf":{"@id":"https:\/\/www.abritel.fr\/guides-voyage\/#website"},"datePublished":"2018-12-13T00:00:00+00:00","dateModified":"2018-12-13T00:00:00+00:00","author":{"@id":"https:\/\/www.abritel.fr\/guides-voyage\/#\/schema\/person\/520e43ecbb88d854b065acd2b48b42d2"},"description":"Que diriez-vous d\u2019un s\u00e9jour au bord de la mer au soleil ? Prenez un appart\u2019h\u00f4tel en R\u00e9gion Provence-Alpes-C\u00f4te d\u2019Azur","breadcrumb":{"@id":"https:\/\/www.abritel.fr\/guides-voyage\/type-de-location\/appart-hotel\/appart-hotel-provence-alpes-cote-dazur-region#breadcrumb"},"inLanguage":"en-US","potentialAction":[{"@type":"ReadAction","target":["https:\/\/www.abritel.fr\/guides-voyage\/type-de-location\/appart-hotel\/appart-hotel-provence-alpes-cote-dazur-region"]}]},{"@type":"BreadcrumbList","@id":"https:\/\/www.abritel.fr\/guides-voyage\/type-de-location\/appart-hotel\/appart-hotel-provence-alpes-cote-dazur-region#breadcrumb","itemListElement":[{"@type":"ListItem","position":1,"name":"Home","item":"https:\/\/www.abritel.fr\/guides-voyage\/"},{"@type":"ListItem","position":2,"name":"Types de location","item":"https:\/\/www.abritel.fr\/guides-voyage\/type-de-location"},{"@type":"ListItem","position":3,"name":"Appart'h\u00f4tel","item":"https:\/\/www.abritel.fr\/guides-voyage\/type-de-location\/appart-hotel"},{"@type":"ListItem","position":4,"name":"Appart\u2019h\u00f4tel en r\u00e9gion Provence-Alpes-C\u00f4te d&#8217;Azur"}]},{"@type":"WebSite","@id":"https:\/\/www.abritel.fr\/guides-voyage\/#website","url":"https:\/\/www.abritel.fr\/guides-voyage\/","name":"Abritel","description":"Abritel","potentialAction":[{"@type":"SearchAction","target":{"@type":"EntryPoint","urlTemplate":"https:\/\/www.abritel.fr\/guides-voyage\/?s={search_term_string}"},"query-input":"required name=search_term_string"}],"inLanguage":"en-US"},{"@type":"Person","@id":"https:\/\/www.abritel.fr\/guides-voyage\/#\/schema\/person\/520e43ecbb88d854b065acd2b48b42d2","name":"vrbous_admin","image":{"@type":"ImageObject","inLanguage":"en-US","@id":"https:\/\/www.abritel.fr\/guides-voyage\/#\/schema\/person\/image\/","url":"https:\/\/secure.gravatar.com\/avatar\/34fbaa9832585e9f68574cb233fe8d82?s=96&d=mm&r=g","contentUrl":"https:\/\/secure.gravatar.com\/avatar\/34fbaa9832585e9f68574cb233fe8d82?s=96&d=mm&r=g","caption":"vrbous_admin"},"sameAs":["https:\/\/vrbous.web"],"url":"https:\/\/www.abritel.fr\/guides-voyage\/author\/vrbous_admin"}]}},"_links":{"self":[{"href":"https:\/\/www.abritel.fr\/guides-voyage\/wp-json\/wp\/v2\/posts\/4676"}],"collection":[{"href":"https:\/\/www.abritel.fr\/guides-voyage\/wp-json\/wp\/v2\/posts"}],"about":[{"href":"https:\/\/www.abritel.fr\/guides-voyage\/wp-json\/wp\/v2\/types\/post"}],"author":[{"embeddable":true,"href":"https:\/\/www.abritel.fr\/guides-voyage\/wp-json\/wp\/v2\/users\/1"}],"replies":[{"embeddable":true,"href":"https:\/\/www.abritel.fr\/guides-voyage\/wp-json\/wp\/v2\/comments?post=4676"}],"version-history":[{"count":0,"href":"https:\/\/www.abritel.fr\/guides-voyage\/wp-json\/wp\/v2\/posts\/4676\/revisions"}],"wp:featuredmedia":[{"embeddable":true,"href":"https:\/\/www.abritel.fr\/guides-voyage\/wp-json\/wp\/v2\/media\/4677"}],"wp:attachment":[{"href":"https:\/\/www.abritel.fr\/guides-voyage\/wp-json\/wp\/v2\/media?parent=4676"}],"wp:term":[{"taxonomy":"category","embeddable":true,"href":"https:\/\/www.abritel.fr\/guides-voyage\/wp-json\/wp\/v2\/categories?post=4676"},{"taxonomy":"post_tag","embeddable":true,"href":"https:\/\/www.abritel.fr\/guides-voyage\/wp-json\/wp\/v2\/tags?post=4676"}],"curies":[{"name":"wp","href":"https:\/\/api.w.org\/{rel}","templated":true}]}}