{"id":4600,"date":"2018-12-12T00:00:00","date_gmt":"2018-12-12T00:00:00","guid":{"rendered":""},"modified":"2018-12-12T00:00:00","modified_gmt":"2018-12-12T00:00:00","slug":"villa-portugal","status":"publish","type":"post","link":"https:\/\/www.abritel.fr\/guides-voyage\/type-de-location\/villa\/villa-portugal","title":{"rendered":"S\u00e9jour de r\u00eave dans une villa au Portugal"},"content":{"rendered":"\n<p>Vous voulez voir du pays et vous \u00e9vader sans partir trop loin lors de vos prochaines vacances ? Le Portugal est un pays tout indiqu\u00e9 pour changer d\u2019air et profiter d\u2019un climat id\u00e9al ! Au nord, comme au sud, le pays abrite des propri\u00e9t\u00e9s et des villas exceptionnelles toutes plus belles les unes que les autres. Que vous vouliez d\u00e9couvrir les incontournables villes de Porto ou de Lisbonne, ou que vous pr\u00e9f\u00e9riez mettre le cap tout au sud pour vous d\u00e9tendre et profiter de la mer, vous n\u2019aurez aucun mal \u00e0 trouver la villa de vos r\u00eaves pour des vacances r\u00e9ussies en famille ou entre amis !<\/p>\n\n\n<h2>Logez dans une villa \u00e0 <a name=\"Porto\">Porto<\/a><\/h2>\n\n<figure class=\"wp-block-image size-large is-resized\"><img decoding=\"async\" loading=\"lazy\" class=\"wp-image-11 alignalignfull-width\" src=\"\/guides-voyage\/wp-content\/uploads\/1Vt7ueH7NaoIGYK0SgeGka\/52c553f53f58710e918b6f51277fb084\/porto-1450304_960_720.jpg\" alt=\"Pont Dom-Lu\u00eds, fleuve Douro, villa Porto\"><\/figure>\n<h3>Villa \u00e0 Porto avec vue sur le Douro<\/h3>\n\n\n<p>Vous voulez voir la ville de Porto sous un autre angle ? Vous serez conquis par la vue qu\u2019offre la <a href=\"https:\/\/www.abritel.fr\/location-vacances\/p6533883a\">belle villa Charmy Douro<\/a> sur la ville et le fleuve, de l\u2019autre c\u00f4t\u00e9 du pont Dom-Lu\u00eds. La villa abrite trois grandes suites avec une d\u00e9coration soign\u00e9e et personnalis\u00e9e, ainsi que deux petites chambres, pour loger un total de dix personnes ! Vous appr\u00e9cierez son grand espace de vie avec cuisine ouverte, mais surtout sa terrasse am\u00e9nag\u00e9e avec un salon de jardin, sur laquelle vous pourrez d\u00e9guster les sp\u00e9cialit\u00e9s locales, notamment le c\u00e9l\u00e8bre vin de Porto !<\/p>\n\n\n<h3>D\u00e9tente au bord d\u2019une piscine<\/h3>\n\n\n<p>Vous r\u00eavez de calme et de grands espaces ? Vous tomberez sous le charme de cette <a href=\"https:\/\/www.abritel.fr\/location-vacances\/p884763a\">splendide villa typique en pierres<\/a> situ\u00e9e \u00e0 40 km \u00e0 l\u2019est de Porto. Elle abrite un immense jardin et une piscine priv\u00e9e, et une vue \u00e0 couper le souffle s\u2019offre \u00e0 vous depuis son salon et sa terrasse ext\u00e9rieure. Proposant quatre chambres et trois salles de bain, cette villa joliment d\u00e9cor\u00e9e est id\u00e9ale pour d\u00e9couvrir Porto et sa r\u00e9gion en famille ou entre amis, quelle que soit la saison !<\/p>\n\n\n<h2>\nD\u00e9tente dans une villa de <a name=\"Lisbonne\">Lisbonne<\/a><\/h2>\n\n<figure class=\"wp-block-image size-large is-resized\"><img decoding=\"async\" loading=\"lazy\" class=\"wp-image-11 alignalignfull-width\" src=\"\/guides-voyage\/wp-content\/uploads\/1z5GrL6j20io6akMacqUe6\/f4c9198d74affe0cdb6925e2a316e029\/alfresco-1809850_960_720.jpg\" alt=\"Villa avec piscine, salon de jardin, terrasse, villa Lisbonne\"><\/figure>\n<h3>Villa \u00e0 Lisbonne avec piscine<\/h3>\n\n\n<p>Vous r\u00eavez de passer des vacances de luxe ? Cette <a href=\"https:\/\/www.abritel.fr\/location-vacances\/p412890a\">sublime villa avec piscine<\/a> deviendra votre coin de paradis \u00e0 quelques pas des plages, et non loin de Lisbonne ! Si vous \u00eates passionn\u00e9s de golf, cette location est toute recommand\u00e9e, car elle se situe \u00e0 c\u00f4t\u00e9 du golf d\u2019Aroeira proposant deux parcours de 18 trous. Avec ses cinq chambres, ses quatre salles de bain et ses onze couchages, cette villa de vacances est parfaite pour venir vous d\u00e9tendre avec vos proches tout pr\u00e8s de la capitale portugaise !<\/p>\n\n\n<h3>Vacances estivales dans une villa moderne<\/h3>\n\n\n<p>Situ\u00e9e au sud de Lisbonne, cette confortable <a href=\"https:\/\/www.abritel.fr\/location-vacances\/p8077112a\">villa moderne avec piscine<\/a> est id\u00e9ale pour une famille avec deux enfants ! De nombreux \u00e9quipements sont mis \u00e0 votre disposition, notamment une piscine priv\u00e9e tr\u00e8s agr\u00e9able pour vous d\u00e9tendre sans avoir \u00e0 sortir de la villa. Sa cuisine enti\u00e8rement \u00e9quip\u00e9e vous permettra de vous concocter de bons petits plats \u00e0 partager en famille sur sa terrasse ombrag\u00e9e. Apr\u00e8s une bonne sieste et si vous aimez les vagues, rendez-vous sur la sublime plage de Meco, paradis des surfeurs, situ\u00e9e \u00e0 une dizaine de minutes \u00e0 pied !<\/p>\n\n\n<h2>\nS\u00e9jour de farniente dans une villa \u00e0 <a name=\"Albufeira\">Albufeira<\/a><\/h2>\n\n<figure class=\"wp-block-image size-large is-resized\"><img decoding=\"async\" loading=\"lazy\" class=\"wp-image-11 alignalignfull-width\" src=\"\/guides-voyage\/wp-content\/uploads\/2xGX2VTYyoUoMIgE2cKU0O\/42dce1e56310d484079f7dc1ebaf5f4d\/swimming-pool-643413_1920.jpg\" alt=\"Villa avec piscine priv\u00e9e et terrasse ombrag\u00e9e, villa Portugal\"><\/figure>\n<h3>Vacances inoubliables entre amis<\/h3>\n\n\n<p>Vous r\u00eavez de partir avec vos amis dans une villa paradisiaque ? Cette <a href=\"https:\/\/www.abritel.fr\/location-vacances\/p8789162a\">immense villa<\/a> de six chambres de la r\u00e9gion de l&#8217;Algarve, \u00e0 l\u2019extr\u00eame sud du Portugal, vous permettra de passer des vacances avec tous vos proches gr\u00e2ce \u00e0 ses 18 couchages ! Son grand jardin avec piscine priv\u00e9e entour\u00e9e de parasols et de chaises longues est propice aux retrouvailles. Vous pourrez \u00e9galement profiter d\u2019une table de ping-pong et d\u2019un baby-foot : quoi de mieux pour s\u2019amuser entre amis ?<\/p>\n\n\n<h3>Les doigts de pieds en \u00e9ventail au Portugal<\/h3>\n\n\n<p>Vous recherchez un endroit calme pour vous reposer en famille ? La <a href=\"https:\/\/www.abritel.fr\/location-vacances\/p8440067a\">villa Igua\u00e7u cosy et relaxante<\/a> fera votre bonheur ! Situ\u00e9e dans les terres en retrait d\u2019Albufeira, cette grande propri\u00e9t\u00e9 avec piscine priv\u00e9e et jardin est id\u00e9ale pour les vacanciers en qu\u00eate de tranquillit\u00e9. Proposant une chambre avec lit double et deux chambres avec deux lits simples, cette location de vacances convient parfaitement aux familles avec enfants. Profitez de sa terrasse avec un barbecue typique de l&#8217;Algarve pour d\u00e9guster de bons repas en plein air !<\/p>\n\n","protected":false},"excerpt":{"rendered":"<p>Vous voulez voir du pays et vous \u00e9vader sans partir trop loin lors de vos prochaines vacances ? Le Portugal est un pays tout indiqu\u00e9 pour changer d\u2019air et profiter d\u2019un climat id\u00e9al ! Au nord, comme au sud, le pays abrite des propri\u00e9t\u00e9s et des villas exceptionnelles toutes plus belles les unes que les&#8230;<\/p>\n","protected":false},"author":1,"featured_media":4601,"comment_status":"closed","ping_status":"closed","sticky":false,"template":"","format":"standard","meta":[],"categories":[70],"tags":[],"acf":[],"yoast_head":"<!-- This site is optimized with the Yoast SEO plugin v19.12 - https:\/\/yoast.com\/wordpress\/plugins\/seo\/ -->\n<title>Villa au Portugal<\/title>\n<meta name=\"description\" content=\"Direction une villa au Portugal pour vos prochaines vacances ! Trouvez vite la villa de vos r\u00eaves \u00e0 Porto, Lisbonne ou Albufeira !\" \/>\n<meta name=\"robots\" content=\"index, follow, max-snippet:-1, max-image-preview:large, max-video-preview:-1\" \/>\n<link rel=\"canonical\" href=\"https:\/\/www.abritel.fr\/guides-voyage\/type-de-location\/villa\/villa-portugal\" \/>\n<meta property=\"og:locale\" content=\"en_US\" \/>\n<meta property=\"og:type\" content=\"article\" \/>\n<meta property=\"og:title\" content=\"Villa au Portugal\" \/>\n<meta property=\"og:description\" content=\"Direction une villa au Portugal pour vos prochaines vacances ! Trouvez vite la villa de vos r\u00eaves \u00e0 Porto, Lisbonne ou Albufeira !\" \/>\n<meta property=\"og:url\" content=\"https:\/\/www.abritel.fr\/guides-voyage\/type-de-location\/villa\/villa-portugal\" \/>\n<meta property=\"og:site_name\" content=\"Abritel\" \/>\n<meta property=\"article:published_time\" content=\"2018-12-12T00:00:00+00:00\" \/>\n<meta name=\"author\" content=\"vrbous_admin\" \/>\n<meta name=\"twitter:card\" content=\"summary_large_image\" \/>\n<meta name=\"twitter:label1\" content=\"Written by\" \/>\n\t<meta name=\"twitter:data1\" content=\"vrbous_admin\" \/>\n\t<meta name=\"twitter:label2\" content=\"Est. reading time\" \/>\n\t<meta name=\"twitter:data2\" content=\"4 minutes\" \/>\n<script type=\"application\/ld+json\" class=\"yoast-schema-graph\">{\"@context\":\"https:\/\/schema.org\",\"@graph\":[{\"@type\":\"WebPage\",\"@id\":\"https:\/\/www.abritel.fr\/guides-voyage\/type-de-location\/villa\/villa-portugal\",\"url\":\"https:\/\/www.abritel.fr\/guides-voyage\/type-de-location\/villa\/villa-portugal\",\"name\":\"Villa au Portugal\",\"isPartOf\":{\"@id\":\"https:\/\/www.abritel.fr\/guides-voyage\/#website\"},\"datePublished\":\"2018-12-12T00:00:00+00:00\",\"dateModified\":\"2018-12-12T00:00:00+00:00\",\"author\":{\"@id\":\"https:\/\/www.abritel.fr\/guides-voyage\/#\/schema\/person\/520e43ecbb88d854b065acd2b48b42d2\"},\"description\":\"Direction une villa au Portugal pour vos prochaines vacances ! Trouvez vite la villa de vos r\u00eaves \u00e0 Porto, Lisbonne ou Albufeira !\",\"breadcrumb\":{\"@id\":\"https:\/\/www.abritel.fr\/guides-voyage\/type-de-location\/villa\/villa-portugal#breadcrumb\"},\"inLanguage\":\"en-US\",\"potentialAction\":[{\"@type\":\"ReadAction\",\"target\":[\"https:\/\/www.abritel.fr\/guides-voyage\/type-de-location\/villa\/villa-portugal\"]}]},{\"@type\":\"BreadcrumbList\",\"@id\":\"https:\/\/www.abritel.fr\/guides-voyage\/type-de-location\/villa\/villa-portugal#breadcrumb\",\"itemListElement\":[{\"@type\":\"ListItem\",\"position\":1,\"name\":\"Home\",\"item\":\"https:\/\/www.abritel.fr\/guides-voyage\/\"},{\"@type\":\"ListItem\",\"position\":2,\"name\":\"Types de location\",\"item\":\"https:\/\/www.abritel.fr\/guides-voyage\/type-de-location\"},{\"@type\":\"ListItem\",\"position\":3,\"name\":\"Villa\",\"item\":\"https:\/\/www.abritel.fr\/guides-voyage\/type-de-location\/villa\"},{\"@type\":\"ListItem\",\"position\":4,\"name\":\"S\u00e9jour de r\u00eave dans une villa au Portugal\"}]},{\"@type\":\"WebSite\",\"@id\":\"https:\/\/www.abritel.fr\/guides-voyage\/#website\",\"url\":\"https:\/\/www.abritel.fr\/guides-voyage\/\",\"name\":\"Abritel\",\"description\":\"Abritel\",\"potentialAction\":[{\"@type\":\"SearchAction\",\"target\":{\"@type\":\"EntryPoint\",\"urlTemplate\":\"https:\/\/www.abritel.fr\/guides-voyage\/?s={search_term_string}\"},\"query-input\":\"required name=search_term_string\"}],\"inLanguage\":\"en-US\"},{\"@type\":\"Person\",\"@id\":\"https:\/\/www.abritel.fr\/guides-voyage\/#\/schema\/person\/520e43ecbb88d854b065acd2b48b42d2\",\"name\":\"vrbous_admin\",\"image\":{\"@type\":\"ImageObject\",\"inLanguage\":\"en-US\",\"@id\":\"https:\/\/www.abritel.fr\/guides-voyage\/#\/schema\/person\/image\/\",\"url\":\"https:\/\/secure.gravatar.com\/avatar\/34fbaa9832585e9f68574cb233fe8d82?s=96&d=mm&r=g\",\"contentUrl\":\"https:\/\/secure.gravatar.com\/avatar\/34fbaa9832585e9f68574cb233fe8d82?s=96&d=mm&r=g\",\"caption\":\"vrbous_admin\"},\"sameAs\":[\"https:\/\/vrbous.web\"],\"url\":\"https:\/\/www.abritel.fr\/guides-voyage\/author\/vrbous_admin\"}]}<\/script>\n<!-- \/ Yoast SEO plugin. -->","yoast_head_json":{"title":"Villa au Portugal","description":"Direction une villa au Portugal pour vos prochaines vacances ! Trouvez vite la villa de vos r\u00eaves \u00e0 Porto, Lisbonne ou Albufeira !","robots":{"index":"index","follow":"follow","max-snippet":"max-snippet:-1","max-image-preview":"max-image-preview:large","max-video-preview":"max-video-preview:-1"},"canonical":"https:\/\/www.abritel.fr\/guides-voyage\/type-de-location\/villa\/villa-portugal","og_locale":"en_US","og_type":"article","og_title":"Villa au Portugal","og_description":"Direction une villa au Portugal pour vos prochaines vacances ! Trouvez vite la villa de vos r\u00eaves \u00e0 Porto, Lisbonne ou Albufeira !","og_url":"https:\/\/www.abritel.fr\/guides-voyage\/type-de-location\/villa\/villa-portugal","og_site_name":"Abritel","article_published_time":"2018-12-12T00:00:00+00:00","author":"vrbous_admin","twitter_card":"summary_large_image","twitter_misc":{"Written by":"vrbous_admin","Est. reading time":"4 minutes"},"schema":{"@context":"https:\/\/schema.org","@graph":[{"@type":"WebPage","@id":"https:\/\/www.abritel.fr\/guides-voyage\/type-de-location\/villa\/villa-portugal","url":"https:\/\/www.abritel.fr\/guides-voyage\/type-de-location\/villa\/villa-portugal","name":"Villa au Portugal","isPartOf":{"@id":"https:\/\/www.abritel.fr\/guides-voyage\/#website"},"datePublished":"2018-12-12T00:00:00+00:00","dateModified":"2018-12-12T00:00:00+00:00","author":{"@id":"https:\/\/www.abritel.fr\/guides-voyage\/#\/schema\/person\/520e43ecbb88d854b065acd2b48b42d2"},"description":"Direction une villa au Portugal pour vos prochaines vacances ! Trouvez vite la villa de vos r\u00eaves \u00e0 Porto, Lisbonne ou Albufeira !","breadcrumb":{"@id":"https:\/\/www.abritel.fr\/guides-voyage\/type-de-location\/villa\/villa-portugal#breadcrumb"},"inLanguage":"en-US","potentialAction":[{"@type":"ReadAction","target":["https:\/\/www.abritel.fr\/guides-voyage\/type-de-location\/villa\/villa-portugal"]}]},{"@type":"BreadcrumbList","@id":"https:\/\/www.abritel.fr\/guides-voyage\/type-de-location\/villa\/villa-portugal#breadcrumb","itemListElement":[{"@type":"ListItem","position":1,"name":"Home","item":"https:\/\/www.abritel.fr\/guides-voyage\/"},{"@type":"ListItem","position":2,"name":"Types de location","item":"https:\/\/www.abritel.fr\/guides-voyage\/type-de-location"},{"@type":"ListItem","position":3,"name":"Villa","item":"https:\/\/www.abritel.fr\/guides-voyage\/type-de-location\/villa"},{"@type":"ListItem","position":4,"name":"S\u00e9jour de r\u00eave dans une villa au Portugal"}]},{"@type":"WebSite","@id":"https:\/\/www.abritel.fr\/guides-voyage\/#website","url":"https:\/\/www.abritel.fr\/guides-voyage\/","name":"Abritel","description":"Abritel","potentialAction":[{"@type":"SearchAction","target":{"@type":"EntryPoint","urlTemplate":"https:\/\/www.abritel.fr\/guides-voyage\/?s={search_term_string}"},"query-input":"required name=search_term_string"}],"inLanguage":"en-US"},{"@type":"Person","@id":"https:\/\/www.abritel.fr\/guides-voyage\/#\/schema\/person\/520e43ecbb88d854b065acd2b48b42d2","name":"vrbous_admin","image":{"@type":"ImageObject","inLanguage":"en-US","@id":"https:\/\/www.abritel.fr\/guides-voyage\/#\/schema\/person\/image\/","url":"https:\/\/secure.gravatar.com\/avatar\/34fbaa9832585e9f68574cb233fe8d82?s=96&d=mm&r=g","contentUrl":"https:\/\/secure.gravatar.com\/avatar\/34fbaa9832585e9f68574cb233fe8d82?s=96&d=mm&r=g","caption":"vrbous_admin"},"sameAs":["https:\/\/vrbous.web"],"url":"https:\/\/www.abritel.fr\/guides-voyage\/author\/vrbous_admin"}]}},"_links":{"self":[{"href":"https:\/\/www.abritel.fr\/guides-voyage\/wp-json\/wp\/v2\/posts\/4600"}],"collection":[{"href":"https:\/\/www.abritel.fr\/guides-voyage\/wp-json\/wp\/v2\/posts"}],"about":[{"href":"https:\/\/www.abritel.fr\/guides-voyage\/wp-json\/wp\/v2\/types\/post"}],"author":[{"embeddable":true,"href":"https:\/\/www.abritel.fr\/guides-voyage\/wp-json\/wp\/v2\/users\/1"}],"replies":[{"embeddable":true,"href":"https:\/\/www.abritel.fr\/guides-voyage\/wp-json\/wp\/v2\/comments?post=4600"}],"version-history":[{"count":0,"href":"https:\/\/www.abritel.fr\/guides-voyage\/wp-json\/wp\/v2\/posts\/4600\/revisions"}],"wp:featuredmedia":[{"embeddable":true,"href":"https:\/\/www.abritel.fr\/guides-voyage\/wp-json\/wp\/v2\/media\/4601"}],"wp:attachment":[{"href":"https:\/\/www.abritel.fr\/guides-voyage\/wp-json\/wp\/v2\/media?parent=4600"}],"wp:term":[{"taxonomy":"category","embeddable":true,"href":"https:\/\/www.abritel.fr\/guides-voyage\/wp-json\/wp\/v2\/categories?post=4600"},{"taxonomy":"post_tag","embeddable":true,"href":"https:\/\/www.abritel.fr\/guides-voyage\/wp-json\/wp\/v2\/tags?post=4600"}],"curies":[{"name":"wp","href":"https:\/\/api.w.org\/{rel}","templated":true}]}}