{"id":4358,"date":"2018-11-29T00:00:00","date_gmt":"2018-11-29T00:00:00","guid":{"rendered":""},"modified":"2018-11-29T00:00:00","modified_gmt":"2018-11-29T00:00:00","slug":"vacances-toussaint","status":"publish","type":"post","link":"https:\/\/www.abritel.fr\/guides-voyage\/destinations\/jour-ferie\/vacances-toussaint","title":{"rendered":"10 id\u00e9es de destinations pour les vacances de la Toussaint"},"content":{"rendered":"\n<p>\u00c0 la Toussaint, c&#8217;est encore bien souvent l&#8217;\u00e9t\u00e9 indien en Europe ! Il n&#8217;y a donc aucune raison de ne pas partir en vacances en cette p\u00e9riode. C&#8217;est d&#8217;autant plus vrai qu&#8217;il faut se remettre de la rentr\u00e9e et de ses nombreuses p\u00e9rip\u00e9ties, et qu&#8217;il n&#8217;y a rien de mieux pour cela que de changer d&#8217;air. Reste que vous ne savez pas vraiment o\u00f9 partir ? Voici 10 destinations agr\u00e9ables en cette p\u00e9riode de l&#8217;ann\u00e9e.<\/p>\n\n\n<h2><a name=\"Paris\">Paris<\/a><\/h2>\n\n\n<p>Bien s\u00fbr, il est difficile, voire impossible, de commencer ce top des destinations pour les vacances de la Toussaint sans \u00e9voquer <a href=\"https:\/\/www.abritel.fr\/d\/10467\/paris\">Paris<\/a>. L&#8217;automne donne en effet une coloration toute particuli\u00e8re \u00e0 la capitale de l&#8217;Amour, que l&#8217;on ne doit pas se priver de visiter \u00e0 deux. Pont des Arts, Sacr\u00e9-C\u0153ur, Montmartre ou encore tour Eiffel et Arc de Triomphe, tout est plus beau en amoureux \u00e0 la Toussaint \u00e0 Paris !<\/p>\n\n\n<h2><a name=\"Split\">Split<\/a><\/h2>\n\n<figure class=\"wp-block-image size-large is-resized\"><img decoding=\"async\" loading=\"lazy\" class=\"wp-image-11 alignalignfull-width\" src=\"\/guides-voyage\/wp-content\/uploads\/64bRs8M8WQUi8yU4ykU8UC\/34eacb1d7474d3baeeb8ab1337abf582\/photo-1531817377195-78139e25fd28.jpg\" alt=\"Split sous le soleil\"><\/figure>\n<p>Avec ses longues plages de sable fin, <a href=\"https:\/\/www.abritel.fr\/d\/19827\/split\">Split<\/a> conviendra tout particuli\u00e8rement \u00e0 ceux qui recherchent une destination au soleil pour les vacances de la Toussaint. \u00c0 cette p\u00e9riode de l&#8217;ann\u00e9e, il y fera encore beau et chaud, avec une mer tr\u00e8s agr\u00e9able pour se baigner. Vous pourrez \u00e9galement partir en randonn\u00e9e dans la campagne croate. Inoubliable !<\/p>\n\n\n<h2><a name=\"Ath\u00e8nes\">Ath\u00e8nes<\/a><\/h2>\n\n\n<p>Le berceau de notre civilisation n&#8217;en finira jamais de nous \u00e9tonner. Ainsi, pendant votre location de vacances \u00e0 <a href=\"https:\/\/www.abritel.fr\/d\/874\/athenes\">Ath\u00e8nes<\/a> \u00e0 la Toussaint, visitez ses plus c\u00e9l\u00e8bres monuments tels que l&#8217;Acropole, si possible avec un guide francophone ou anglophone, pour ne rater aucune miette du spectacle magique qui se joue devant vos yeux.<\/p>\n\n\n<h2><a name=\"La_Cr\u00e8te\">La Cr\u00e8te<\/a><\/h2>\n\n\n<p>O\u00f9 partir \u00e0 la Toussaint lorsque l&#8217;on recherche avant tout du farniente et de longs moments pass\u00e9s \u00e0 l\u00e9zarder sur la plage ? En <a href=\"https:\/\/www.abritel.fr\/d\/8551\/crete\">Cr\u00e8te<\/a>, bien entendu ! Cette \u00eele m\u00e9diterran\u00e9enne saura vous charmer par son ciel toujours bleu et ses temp\u00e9ratures tr\u00e8s agr\u00e9ables. Les amateurs de plong\u00e9e sous-marine s&#8217;en donneront \u00e0 c\u0153ur joie.<\/p>\n\n\n<h2><a name=\"Barcelone\">Barcelone<\/a><\/h2>\n\n<figure class=\"wp-block-image size-large is-resized\"><img decoding=\"async\" loading=\"lazy\" class=\"wp-image-11 alignalignfull-width\" src=\"\/guides-voyage\/wp-content\/uploads\/3zKaTWrAhqyOKgwqkuOayw\/672a404a3ef2d0c7bcf29ac51b5a1c66\/photo-1517659649778-bae24b8c2e26.jpg\" alt=\"Barcelone la nuit\"><\/figure>\n<p>Cette ville, qui compte parmi les plus cosmopolites d&#8217;Europe, s\u00e9duit par sa m\u00e9t\u00e9o, toujours estivale en octobre et novembre, et le sens de l&#8217;accueil de ses habitants. <a href=\"https:\/\/www.abritel.fr\/d\/26466\/barcelona\">Barcelone<\/a> constitue \u00e9galement une bonne option pour ceux qui cherchent un s\u00e9jour pas cher pendant les vacances de la Toussaint : de nombreuses visites, m\u00eame parmi les monuments les plus c\u00e9l\u00e8bres, sont gratuites \u00e0 Barcelone !<\/p>\n\n\n<h2><a name=\"Venise\">Venise<\/a><\/h2>\n\n\n<p>Vous avez envie de visiter <a href=\"https:\/\/www.abritel.fr\/d\/45506\/venise\">Venise<\/a>, et la fin de l&#8217;ann\u00e9e approche ? Les vacances de la Toussaint constituent peut-\u00eatre votre derni\u00e8re chance avant la saison de l&#8217;acqua alta (les eaux hautes). Ne vous en faites pas : \u00e0 l&#8217;automne, les pluies sont encore rares et les temp\u00e9ratures plus qu&#8217;acceptables. Rien ne vous privera de votre promenade en gondole !<\/p>\n\n\n<h2><a name=\"La_Sicile\">La Sicile<\/a><\/h2>\n\n\n<p>Vous r\u00eavez de chaleur ? Hop, prenez l&#8217;avion pour la <a href=\"https:\/\/www.abritel.fr\/d\/12279\/sicile\">Sicile<\/a> ! La m\u00e9t\u00e9o y est encore plus qu&#8217;estivale, avec des temp\u00e9ratures largement sup\u00e9rieures \u00e0 25 \u00b0C au plus chaud de la journ\u00e9e, et un soleil omnipr\u00e9sent. Ce sera ainsi l&#8217;occasion de d\u00e9couvrir la culture sicilienne et d&#8217;appr\u00e9cier sa gastronomie, m\u00e9connue et qui ne se limite pas \u00e0 la seule pizza !<\/p>\n\n\n<h2><a name=\"Bilbao\">Bilbao<\/a><\/h2>\n\n\n<p><a href=\"https:\/\/www.abritel.fr\/d\/4212\/bilbao\">Bilbao<\/a> est \u00e0 recommander aux amateurs d&#8217;art, sous toutes ses formes, qui recherchent une destination pour les vacances de la Toussaint. Entre le mus\u00e9e Guggenheim, le mus\u00e9e des Beaux-Arts et les peintures expos\u00e9es dans les nombreuses galeries de la ville, la capitale du Pays basque espagnol est une \u0153uvre de la taille d&#8217;une ville !<\/p>\n\n\n<h2><a name=\"Le_Cap\">Le Cap<\/a><\/h2>\n\n<figure class=\"wp-block-image size-large is-resized\"><img decoding=\"async\" loading=\"lazy\" class=\"wp-image-11 alignalignfull-width\" src=\"\/guides-voyage\/wp-content\/uploads\/2nXoVDgFVSKCw2i4Sw0iGc\/b56f7f29d81d0846f1eed9576456d38c\/photo-1529528070131-eda9f3e90919.jpg\" alt=\"Le Cap vu du ciel\"><\/figure>\n<p>Ce n&#8217;est pas parce que les vacances de la Toussaint sont assez courtes que l&#8217;on ne peut pas partir loin ! En effet, pourquoi ne pas r\u00e9server un billet d&#8217;avion pour <a href=\"https:\/\/www.abritel.fr\/d\/51323\/cape-town\">Le Cap<\/a>, en Afrique du Sud ? Ce sera l&#8217;occasion de voir de vos propres yeux le cap de Bonne-Esp\u00e9rance, la montagne de la Table ou encore Robben Island. Et de partir explorer ce pays magnifique !<\/p>\n\n\n<h2><a name=\"L'\u00eele_Maurice\">L&#8217;\u00eele Maurice<\/a><\/h2>\n\n\n<p>Des paysages dignes des plus belles cartes postales, des eaux claires et cristallines, des cocotiers, des plages de sable blanc\u2026 voil\u00e0 une petite partie des merveilles que vous pourrez voir pendant votre location de vacances sur <a href=\"https:\/\/www.abritel.fr\/d\/30724\/mauritius\">l&#8217;\u00eele Maurice<\/a> \u00e0 la Toussaint. C&#8217;est d&#8217;autant plus agr\u00e9able qu&#8217;il s&#8217;agit de l&#8217;une des meilleures p\u00e9riodes pour se rendre dans la r\u00e9gion. Alors, si votre budget vous le permet, pourquoi s&#8217;en priver ?<\/p>\n\n","protected":false},"excerpt":{"rendered":"<p>\u00c0 la Toussaint, c&#8217;est encore bien souvent l&#8217;\u00e9t\u00e9 indien en Europe ! Il n&#8217;y a donc aucune raison de ne pas partir en vacances en cette p\u00e9riode. C&#8217;est d&#8217;autant plus vrai qu&#8217;il faut se remettre de la rentr\u00e9e et de ses nombreuses p\u00e9rip\u00e9ties, et qu&#8217;il n&#8217;y a rien de mieux pour cela que de changer&#8230;<\/p>\n","protected":false},"author":1,"featured_media":4359,"comment_status":"closed","ping_status":"closed","sticky":false,"template":"","format":"standard","meta":[],"categories":[62],"tags":[],"acf":[],"yoast_head":"<!-- This site is optimized with the Yoast SEO plugin v19.12 - https:\/\/yoast.com\/wordpress\/plugins\/seo\/ -->\n<title>O\u00f9 partir en vacances \u00e0 la Toussaint ?<\/title>\n<meta name=\"description\" content=\"Les vacances de la Toussaint constituent une pause id\u00e9ale apr\u00e8s la rentr\u00e9e. Voici 10 id\u00e9es de destinations pour en profiter pleinement.\" \/>\n<meta name=\"robots\" content=\"index, follow, max-snippet:-1, max-image-preview:large, max-video-preview:-1\" \/>\n<link rel=\"canonical\" href=\"https:\/\/www.abritel.fr\/guides-voyage\/destinations\/jour-ferie\/vacances-toussaint\" \/>\n<meta property=\"og:locale\" content=\"en_US\" \/>\n<meta property=\"og:type\" content=\"article\" \/>\n<meta property=\"og:title\" content=\"O\u00f9 partir en vacances \u00e0 la Toussaint ?\" \/>\n<meta property=\"og:description\" content=\"Les vacances de la Toussaint constituent une pause id\u00e9ale apr\u00e8s la rentr\u00e9e. Voici 10 id\u00e9es de destinations pour en profiter pleinement.\" \/>\n<meta property=\"og:url\" content=\"https:\/\/www.abritel.fr\/guides-voyage\/destinations\/jour-ferie\/vacances-toussaint\" \/>\n<meta property=\"og:site_name\" content=\"Abritel\" \/>\n<meta property=\"article:published_time\" content=\"2018-11-29T00:00:00+00:00\" \/>\n<meta name=\"author\" content=\"vrbous_admin\" \/>\n<meta name=\"twitter:card\" content=\"summary_large_image\" \/>\n<meta name=\"twitter:label1\" content=\"Written by\" \/>\n\t<meta name=\"twitter:data1\" content=\"vrbous_admin\" \/>\n\t<meta name=\"twitter:label2\" content=\"Est. reading time\" \/>\n\t<meta name=\"twitter:data2\" content=\"4 minutes\" \/>\n<script type=\"application\/ld+json\" class=\"yoast-schema-graph\">{\"@context\":\"https:\/\/schema.org\",\"@graph\":[{\"@type\":\"WebPage\",\"@id\":\"https:\/\/www.abritel.fr\/guides-voyage\/destinations\/jour-ferie\/vacances-toussaint\",\"url\":\"https:\/\/www.abritel.fr\/guides-voyage\/destinations\/jour-ferie\/vacances-toussaint\",\"name\":\"O\u00f9 partir en vacances \u00e0 la Toussaint ?\",\"isPartOf\":{\"@id\":\"https:\/\/www.abritel.fr\/guides-voyage\/#website\"},\"datePublished\":\"2018-11-29T00:00:00+00:00\",\"dateModified\":\"2018-11-29T00:00:00+00:00\",\"author\":{\"@id\":\"https:\/\/www.abritel.fr\/guides-voyage\/#\/schema\/person\/520e43ecbb88d854b065acd2b48b42d2\"},\"description\":\"Les vacances de la Toussaint constituent une pause id\u00e9ale apr\u00e8s la rentr\u00e9e. Voici 10 id\u00e9es de destinations pour en profiter pleinement.\",\"breadcrumb\":{\"@id\":\"https:\/\/www.abritel.fr\/guides-voyage\/destinations\/jour-ferie\/vacances-toussaint#breadcrumb\"},\"inLanguage\":\"en-US\",\"potentialAction\":[{\"@type\":\"ReadAction\",\"target\":[\"https:\/\/www.abritel.fr\/guides-voyage\/destinations\/jour-ferie\/vacances-toussaint\"]}]},{\"@type\":\"BreadcrumbList\",\"@id\":\"https:\/\/www.abritel.fr\/guides-voyage\/destinations\/jour-ferie\/vacances-toussaint#breadcrumb\",\"itemListElement\":[{\"@type\":\"ListItem\",\"position\":1,\"name\":\"Home\",\"item\":\"https:\/\/www.abritel.fr\/guides-voyage\/\"},{\"@type\":\"ListItem\",\"position\":2,\"name\":\"Destinations\",\"item\":\"https:\/\/www.abritel.fr\/guides-voyage\/destinations\"},{\"@type\":\"ListItem\",\"position\":3,\"name\":\"Profiter des jours f\u00e9ri\u00e9s\",\"item\":\"https:\/\/www.abritel.fr\/guides-voyage\/destinations\/jour-ferie\"},{\"@type\":\"ListItem\",\"position\":4,\"name\":\"10 id\u00e9es de destinations pour les vacances de la Toussaint\"}]},{\"@type\":\"WebSite\",\"@id\":\"https:\/\/www.abritel.fr\/guides-voyage\/#website\",\"url\":\"https:\/\/www.abritel.fr\/guides-voyage\/\",\"name\":\"Abritel\",\"description\":\"Abritel\",\"potentialAction\":[{\"@type\":\"SearchAction\",\"target\":{\"@type\":\"EntryPoint\",\"urlTemplate\":\"https:\/\/www.abritel.fr\/guides-voyage\/?s={search_term_string}\"},\"query-input\":\"required name=search_term_string\"}],\"inLanguage\":\"en-US\"},{\"@type\":\"Person\",\"@id\":\"https:\/\/www.abritel.fr\/guides-voyage\/#\/schema\/person\/520e43ecbb88d854b065acd2b48b42d2\",\"name\":\"vrbous_admin\",\"image\":{\"@type\":\"ImageObject\",\"inLanguage\":\"en-US\",\"@id\":\"https:\/\/www.abritel.fr\/guides-voyage\/#\/schema\/person\/image\/\",\"url\":\"https:\/\/secure.gravatar.com\/avatar\/34fbaa9832585e9f68574cb233fe8d82?s=96&d=mm&r=g\",\"contentUrl\":\"https:\/\/secure.gravatar.com\/avatar\/34fbaa9832585e9f68574cb233fe8d82?s=96&d=mm&r=g\",\"caption\":\"vrbous_admin\"},\"sameAs\":[\"https:\/\/vrbous.web\"],\"url\":\"https:\/\/www.abritel.fr\/guides-voyage\/author\/vrbous_admin\"}]}<\/script>\n<!-- \/ Yoast SEO plugin. -->","yoast_head_json":{"title":"O\u00f9 partir en vacances \u00e0 la Toussaint ?","description":"Les vacances de la Toussaint constituent une pause id\u00e9ale apr\u00e8s la rentr\u00e9e. Voici 10 id\u00e9es de destinations pour en profiter pleinement.","robots":{"index":"index","follow":"follow","max-snippet":"max-snippet:-1","max-image-preview":"max-image-preview:large","max-video-preview":"max-video-preview:-1"},"canonical":"https:\/\/www.abritel.fr\/guides-voyage\/destinations\/jour-ferie\/vacances-toussaint","og_locale":"en_US","og_type":"article","og_title":"O\u00f9 partir en vacances \u00e0 la Toussaint ?","og_description":"Les vacances de la Toussaint constituent une pause id\u00e9ale apr\u00e8s la rentr\u00e9e. Voici 10 id\u00e9es de destinations pour en profiter pleinement.","og_url":"https:\/\/www.abritel.fr\/guides-voyage\/destinations\/jour-ferie\/vacances-toussaint","og_site_name":"Abritel","article_published_time":"2018-11-29T00:00:00+00:00","author":"vrbous_admin","twitter_card":"summary_large_image","twitter_misc":{"Written by":"vrbous_admin","Est. reading time":"4 minutes"},"schema":{"@context":"https:\/\/schema.org","@graph":[{"@type":"WebPage","@id":"https:\/\/www.abritel.fr\/guides-voyage\/destinations\/jour-ferie\/vacances-toussaint","url":"https:\/\/www.abritel.fr\/guides-voyage\/destinations\/jour-ferie\/vacances-toussaint","name":"O\u00f9 partir en vacances \u00e0 la Toussaint ?","isPartOf":{"@id":"https:\/\/www.abritel.fr\/guides-voyage\/#website"},"datePublished":"2018-11-29T00:00:00+00:00","dateModified":"2018-11-29T00:00:00+00:00","author":{"@id":"https:\/\/www.abritel.fr\/guides-voyage\/#\/schema\/person\/520e43ecbb88d854b065acd2b48b42d2"},"description":"Les vacances de la Toussaint constituent une pause id\u00e9ale apr\u00e8s la rentr\u00e9e. Voici 10 id\u00e9es de destinations pour en profiter pleinement.","breadcrumb":{"@id":"https:\/\/www.abritel.fr\/guides-voyage\/destinations\/jour-ferie\/vacances-toussaint#breadcrumb"},"inLanguage":"en-US","potentialAction":[{"@type":"ReadAction","target":["https:\/\/www.abritel.fr\/guides-voyage\/destinations\/jour-ferie\/vacances-toussaint"]}]},{"@type":"BreadcrumbList","@id":"https:\/\/www.abritel.fr\/guides-voyage\/destinations\/jour-ferie\/vacances-toussaint#breadcrumb","itemListElement":[{"@type":"ListItem","position":1,"name":"Home","item":"https:\/\/www.abritel.fr\/guides-voyage\/"},{"@type":"ListItem","position":2,"name":"Destinations","item":"https:\/\/www.abritel.fr\/guides-voyage\/destinations"},{"@type":"ListItem","position":3,"name":"Profiter des jours f\u00e9ri\u00e9s","item":"https:\/\/www.abritel.fr\/guides-voyage\/destinations\/jour-ferie"},{"@type":"ListItem","position":4,"name":"10 id\u00e9es de destinations pour les vacances de la Toussaint"}]},{"@type":"WebSite","@id":"https:\/\/www.abritel.fr\/guides-voyage\/#website","url":"https:\/\/www.abritel.fr\/guides-voyage\/","name":"Abritel","description":"Abritel","potentialAction":[{"@type":"SearchAction","target":{"@type":"EntryPoint","urlTemplate":"https:\/\/www.abritel.fr\/guides-voyage\/?s={search_term_string}"},"query-input":"required name=search_term_string"}],"inLanguage":"en-US"},{"@type":"Person","@id":"https:\/\/www.abritel.fr\/guides-voyage\/#\/schema\/person\/520e43ecbb88d854b065acd2b48b42d2","name":"vrbous_admin","image":{"@type":"ImageObject","inLanguage":"en-US","@id":"https:\/\/www.abritel.fr\/guides-voyage\/#\/schema\/person\/image\/","url":"https:\/\/secure.gravatar.com\/avatar\/34fbaa9832585e9f68574cb233fe8d82?s=96&d=mm&r=g","contentUrl":"https:\/\/secure.gravatar.com\/avatar\/34fbaa9832585e9f68574cb233fe8d82?s=96&d=mm&r=g","caption":"vrbous_admin"},"sameAs":["https:\/\/vrbous.web"],"url":"https:\/\/www.abritel.fr\/guides-voyage\/author\/vrbous_admin"}]}},"_links":{"self":[{"href":"https:\/\/www.abritel.fr\/guides-voyage\/wp-json\/wp\/v2\/posts\/4358"}],"collection":[{"href":"https:\/\/www.abritel.fr\/guides-voyage\/wp-json\/wp\/v2\/posts"}],"about":[{"href":"https:\/\/www.abritel.fr\/guides-voyage\/wp-json\/wp\/v2\/types\/post"}],"author":[{"embeddable":true,"href":"https:\/\/www.abritel.fr\/guides-voyage\/wp-json\/wp\/v2\/users\/1"}],"replies":[{"embeddable":true,"href":"https:\/\/www.abritel.fr\/guides-voyage\/wp-json\/wp\/v2\/comments?post=4358"}],"version-history":[{"count":0,"href":"https:\/\/www.abritel.fr\/guides-voyage\/wp-json\/wp\/v2\/posts\/4358\/revisions"}],"wp:featuredmedia":[{"embeddable":true,"href":"https:\/\/www.abritel.fr\/guides-voyage\/wp-json\/wp\/v2\/media\/4359"}],"wp:attachment":[{"href":"https:\/\/www.abritel.fr\/guides-voyage\/wp-json\/wp\/v2\/media?parent=4358"}],"wp:term":[{"taxonomy":"category","embeddable":true,"href":"https:\/\/www.abritel.fr\/guides-voyage\/wp-json\/wp\/v2\/categories?post=4358"},{"taxonomy":"post_tag","embeddable":true,"href":"https:\/\/www.abritel.fr\/guides-voyage\/wp-json\/wp\/v2\/tags?post=4358"}],"curies":[{"name":"wp","href":"https:\/\/api.w.org\/{rel}","templated":true}]}}